{"id":9894,"date":"2019-07-19T16:18:32","date_gmt":"2019-07-19T16:18:32","guid":{"rendered":"https:\/\/redsemlac.com\/semmexico\/?p=9894"},"modified":"2023-07-21T14:50:39","modified_gmt":"2023-07-21T19:50:39","slug":"sentencian-a-50-anos-de-prision-a-feminicida-en-acapulco","status":"publish","type":"post","link":"https:\/\/redsemlac.com\/semmexico\/sentencian-a-50-anos-de-prision-a-feminicida-en-acapulco\/","title":{"rendered":"Sentencian a 50 a\u00f1os de prisi\u00f3n a feminicida en Acapulco"},"content":{"rendered":"\n<p class=\"wp-block-paragraph\"><strong>Josefina\nAguilar Pastor <\/strong><\/p>\n\n\n\n<p class=\"wp-block-paragraph\">SemM\u00e9xico. Chilpancingo, Guerrero; 19 \u00a0de julio de 2019.- \u00a0Este mi\u00e9rcoles, se llev\u00f3 a cabo la audiencia de individualizaci\u00f3n de la pena, condenando a 50 a\u00f1os de prisi\u00f3n y el pago por la reparaci\u00f3n del da\u00f1o a la v\u00edctima, a Carlos Javier \u00abN\u00bb por el delito de feminicidio cometido en Acapulco.<\/p>\n\n\n\n<p class=\"wp-block-paragraph\">En la carpeta judicial se narra que la v\u00edctima\ncaminaba por una calle de la colonia Garita el pasado mes de enero de 2018\ncuando el sentenciado la sigui\u00f3 y al estar frente a ella, accion\u00f3 un arma de\nfuego en su contra.<\/p>\n\n\n\n<p class=\"wp-block-paragraph\">Por otro lado, la Fiscal\u00eda\nGeneral del Estado (FGE)\n&nbsp;dio a conocer la detenci\u00f3n en flagrancia\nocurrida de Ramiro \u201cN\u201d. &nbsp;Y seg\u00fan el\nreporte polic\u00edaco, el pasado 14 de julio, el presunto agresor se encontraba en\nel domicilio con la v\u00edctima y su hija de 2 a\u00f1os de edad, seg\u00fan un familiar que\nfue testigo desde el exterior de la vivienda, tras una discusi\u00f3n, comenz\u00f3 a\nagredirla a golpes.<\/p>\n\n\n\n<p class=\"wp-block-paragraph\">Al no poder entrar al domicilio, el familiar llam\u00f3 al tel\u00e9fono de emergencias, al llegar, elementos polic\u00edacos, pudieron detener a Ramiro \u201cN\u201d, quien no pudo huir del lugar, fue puesto a disposici\u00f3n del Juez de Control, y vinculado a proceso por feminicidio, en la carpeta judicial C-124\/2019, quedando bajo la medida cautelar de prisi\u00f3n preventiva oficiosa en el Centro de Reinserci\u00f3n Social de Tuxpan, del municipio de Iguala, le otorgaron dos meses de investigaci\u00f3n complementaria.<\/p>\n\n\n\n<p class=\"wp-block-paragraph\">SEM\/JA\/IL<\/p>\n","protected":false},"excerpt":{"rendered":"<p>Este mi\u00e9rcoles, se llev\u00f3 a cabo la audiencia de individualizaci\u00f3n de la pena, condenando a 50 a\u00f1os de prisi\u00f3n y el pago por la reparaci\u00f3n del da\u00f1o a la v\u00edctima<\/p>\n","protected":false},"author":3,"featured_media":9895,"comment_status":"open","ping_status":"open","sticky":false,"template":"","format":"standard","meta":{"_monsterinsights_skip_tracking":false,"footnotes":""},"categories":[690,51],"tags":[],"class_list":["post-9894","post","type-post","status-publish","format-standard","has-post-thumbnail","category-690","category-ejecutivo"],"_links":{"self":[{"href":"https:\/\/redsemlac.com\/semmexico\/wp-json\/wp\/v2\/posts\/9894","targetHints":{"allow":["GET"]}}],"collection":[{"href":"https:\/\/redsemlac.com\/semmexico\/wp-json\/wp\/v2\/posts"}],"about":[{"href":"https:\/\/redsemlac.com\/semmexico\/wp-json\/wp\/v2\/types\/post"}],"author":[{"embeddable":true,"href":"https:\/\/redsemlac.com\/semmexico\/wp-json\/wp\/v2\/users\/3"}],"replies":[{"embeddable":true,"href":"https:\/\/redsemlac.com\/semmexico\/wp-json\/wp\/v2\/comments?post=9894"}],"version-history":[{"count":0,"href":"https:\/\/redsemlac.com\/semmexico\/wp-json\/wp\/v2\/posts\/9894\/revisions"}],"wp:featuredmedia":[{"embeddable":true,"href":"https:\/\/redsemlac.com\/semmexico\/wp-json\/wp\/v2\/media\/9895"}],"wp:attachment":[{"href":"https:\/\/redsemlac.com\/semmexico\/wp-json\/wp\/v2\/media?parent=9894"}],"wp:term":[{"taxonomy":"category","embeddable":true,"href":"https:\/\/redsemlac.com\/semmexico\/wp-json\/wp\/v2\/categories?post=9894"},{"taxonomy":"post_tag","embeddable":true,"href":"https:\/\/redsemlac.com\/semmexico\/wp-json\/wp\/v2\/tags?post=9894"}],"curies":[{"name":"wp","href":"https:\/\/api.w.org\/{rel}","templated":true}]}}