{"id":9891,"date":"2019-07-19T15:52:52","date_gmt":"2019-07-19T15:52:52","guid":{"rendered":"https:\/\/redsemlac.com\/semmexico\/?p=9891"},"modified":"2023-07-21T14:50:39","modified_gmt":"2023-07-21T19:50:39","slug":"conamur-propone-agenda-para-el-desarrollo-de-las-mujeres-rurales-en-guerrero","status":"publish","type":"post","link":"https:\/\/redsemlac.com\/semmexico\/conamur-propone-agenda-para-el-desarrollo-de-las-mujeres-rurales-en-guerrero\/","title":{"rendered":"Conamur propone agenda para el desarrollo de las mujeres rurales en Guerrero"},"content":{"rendered":"\n<p class=\"wp-block-paragraph\"><strong>Plantea atender el derecho a la salud, sobre todo a la sexual y reproductiva; el Derecho a una vida libre de todo tipo de violencia en los espacios p\u00fablicos y privados.<\/strong><\/p>\n\n\n\n<p class=\"wp-block-paragraph\"><strong>Josefina\nAguilar Pastor <\/strong><\/p>\n\n\n\n<p class=\"wp-block-paragraph\">SemM\u00e9xico.\nChilpancingo, Guerrero. 19 de julio de 2019.- Propone la Coalici\u00f3n Nacional de\nMujeres Rurales (Conamur), la creaci\u00f3n de una Agenda para el Desarrollo de\nlas Mujeres Rurales en el Estado de Guerrero, que contenga los principales\nDerechos Humanos de las mujeres, entre los que se destacan, el derecho a la\nIgualdad y a la no discriminaci\u00f3n en la vida pol\u00edtica, social y econ\u00f3mica.<\/p>\n\n\n\n<p class=\"wp-block-paragraph\">Luego de que \u00e9ste mi\u00e9rcoles se reactivara la Comisi\u00f3n\nde la Mujer Rural, que encabeza la Secretar\u00eda de Agricultura, Ganader\u00eda, Pesca,\ny Desarrollo Rural del Estado de Guerrero (Sagadegro), y como parte del Sistema\nEstatal de Igualdad entre Mujeres y Hombres, de la cual, la Conamur forma\nparte, Erika Salinas Valadez, coordinadora general de dicha agrupaci\u00f3n, lanz\u00f3\nla mencionada propuesta.<\/p>\n\n\n\n<p class=\"wp-block-paragraph\">La agenda propuesta por la Conamur, plantea\natender el derecho a la salud, sobre todo a la sexual y reproductiva; el derecho\na una vida libre de todo tipo de violencia en los espacios p\u00fablicos y privados,\nas\u00ed como el derecho a la Igualdad y no discriminaci\u00f3n en la vida pol\u00edtica,\nsocial y econ\u00f3mica.<\/p>\n\n\n\n<p class=\"wp-block-paragraph\">Salinas\nValadez reconoce que la ruta a\nseguir es larga, se requieren cambios estructurales, en las leyes, en las\nreglas de operaci\u00f3n de los programas para que las mujeres rurales puedan tener\nacceso a ellos, por lo que proponen tambi\u00e9n, mesas de di\u00e1logo y de trabajo de\nla sociedad civil organizada con el Poder Legislativo. <\/p>\n\n\n\n<p class=\"wp-block-paragraph\">Tambi\u00e9n reconoci\u00f3 que la voluntad de todos los\nactores pol\u00edticos, es necesaria e imprescindible para disminuir las\ndesigualdades y el rezago hist\u00f3rico que han sufrido las mujeres y las ni\u00f1as en\nlas zonas rurales, as\u00ed como para alcanzar los objetivos de la Agenda 2030 a\nnivel mundial, y poner fin a la pobreza en todas sus formas, lograr la igualdad\nentre los g\u00e9neros y empoderar a todas las mujeres y las ni\u00f1as, tareas que\nestamos trabajando como sociedad civil organizada.<\/p>\n\n\n\n<p class=\"wp-block-paragraph\">Refiri\u00f3 que de acuerdo a la ley n\u00famero 814 de\nDesarrollo Rural sustentable del Estado de Guerrero, la poblaci\u00f3n rural es la\nque vive en localidades de hasta 2,500 personas, entonces en la entidad, el 42\npor ciento -1,322, 247 habitantes- de su poblaci\u00f3n es rural, si a esto se\nagrega la poblaci\u00f3n rural que inmigra a los principales centros urbanos de la\nentidad, se concluye que Guerrero sigue siendo una entidad eminentemente rural\ny el 53 por ciento son mujeres.<\/p>\n\n\n\n<p class=\"wp-block-paragraph\">Son las mujeres rurales, las que padecen mayor\ndiscriminaci\u00f3n; no pueden participar libre ni activamente en las decisiones que\nlas afectan; no acceden a los puestos de poder y no ejercen su liderazgo; no\nson due\u00f1as de las tierras por tanto no f\u00e1cilmente pueden acceder a los\nprogramas y a cr\u00e9ditos para su autonom\u00eda financiera, por lo que no se puede\nhablar de empoderamiento ni de ciudadan\u00eda plena, ya que no ejercen sus\nderechos, se\u00f1ala la representante de Conamur.<\/p>\n\n\n\n<p class=\"wp-block-paragraph\">Finalmente Salinas Valadez, hizo un llamado al gobierno del estado y municipios para adoptarla e implementar las acciones y mecanismos para cumplirla en favor de ese 53 por ciento de mujeres rurales.<\/p>\n","protected":false},"excerpt":{"rendered":"<p>Plantea atender el derecho a la salud, sobre todo a la sexual y reproductiva; el Derecho a una vida libre de todo tipo de violencia en los espacios p\u00fablicos y privados.\ufeff<\/p>\n","protected":false},"author":3,"featured_media":9892,"comment_status":"open","ping_status":"open","sticky":false,"template":"","format":"standard","meta":{"_monsterinsights_skip_tracking":false,"footnotes":""},"categories":[690,54],"tags":[],"class_list":["post-9891","post","type-post","status-publish","format-standard","has-post-thumbnail","category-690","category-mujeres"],"_links":{"self":[{"href":"https:\/\/redsemlac.com\/semmexico\/wp-json\/wp\/v2\/posts\/9891","targetHints":{"allow":["GET"]}}],"collection":[{"href":"https:\/\/redsemlac.com\/semmexico\/wp-json\/wp\/v2\/posts"}],"about":[{"href":"https:\/\/redsemlac.com\/semmexico\/wp-json\/wp\/v2\/types\/post"}],"author":[{"embeddable":true,"href":"https:\/\/redsemlac.com\/semmexico\/wp-json\/wp\/v2\/users\/3"}],"replies":[{"embeddable":true,"href":"https:\/\/redsemlac.com\/semmexico\/wp-json\/wp\/v2\/comments?post=9891"}],"version-history":[{"count":0,"href":"https:\/\/redsemlac.com\/semmexico\/wp-json\/wp\/v2\/posts\/9891\/revisions"}],"wp:featuredmedia":[{"embeddable":true,"href":"https:\/\/redsemlac.com\/semmexico\/wp-json\/wp\/v2\/media\/9892"}],"wp:attachment":[{"href":"https:\/\/redsemlac.com\/semmexico\/wp-json\/wp\/v2\/media?parent=9891"}],"wp:term":[{"taxonomy":"category","embeddable":true,"href":"https:\/\/redsemlac.com\/semmexico\/wp-json\/wp\/v2\/categories?post=9891"},{"taxonomy":"post_tag","embeddable":true,"href":"https:\/\/redsemlac.com\/semmexico\/wp-json\/wp\/v2\/tags?post=9891"}],"curies":[{"name":"wp","href":"https:\/\/api.w.org\/{rel}","templated":true}]}}