{"id":98884,"date":"2025-09-22T14:51:43","date_gmt":"2025-09-22T20:51:43","guid":{"rendered":"https:\/\/redsemlac.com\/semmexico\/?p=98884"},"modified":"2025-09-22T14:51:44","modified_gmt":"2025-09-22T20:51:44","slug":"de-como-las-ninas-de-la-laguna-irrumpieron-en-la-fiesta-de-los-arcos","status":"publish","type":"post","link":"https:\/\/redsemlac.com\/semmexico\/de-como-las-ninas-de-la-laguna-irrumpieron-en-la-fiesta-de-los-arcos\/","title":{"rendered":"De c\u00f3mo las ni\u00f1as de La Laguna irrumpieron en la Fiesta de los Arcos"},"content":{"rendered":"\n<ul class=\"wp-block-list\">\n<li>Cuando un gasoducto amenaz\u00f3 a su comunidad en 2019, las ni\u00f1as del pueblo chichimeca de San Juan Bautista de la Laguna se unieron con sus abuelas para impedir que la empresa se apoderara de sus tierras y de su agua.<\/li>\n<\/ul>\n\n\n\n<ul class=\"wp-block-list\">\n<li>Esa participaci\u00f3n deriv\u00f3 en la inclusi\u00f3n de las ni\u00f1as en la Fiesta de los Arcos, donde en 2023 desfilaron por primera vez en 300 a\u00f1os<\/li>\n<\/ul>\n\n\n\n<p class=\"wp-block-paragraph\">Erika Erandi \/ Quinto Elemento<\/p>\n\n\n\n<p class=\"wp-block-paragraph\">SemM\u00e9xico\/El Occidental, Jalisco, 22 de septiembre, 2025.- Suenan la tambora, la chirim\u00eda, el tromb\u00f3n y la tuba. Ese&nbsp;24 de enero, entre los altares que procesionan por las calles, destaca uno adornado con&nbsp;flores&nbsp;rosas, moradas y azules. Son doce entusiastas&nbsp;ni\u00f1as de La Laguna, de entre 8 y 15 a\u00f1os \u2014en lugar de hombres, como es lo habitual\u2014, quienes cargan sus 90 kilos. Ondean pa\u00f1oletas con la imagen de la Virgen de la Candelaria, y en el centro de la estructura se lee&nbsp;\u201cArco de las Ni\u00f1as\u201d.<\/p>\n\n\n\n<p class=\"wp-block-paragraph\">En 2023, en el pueblo ind\u00edgena de&nbsp;San Juan Bautista de la Laguna, en Lagos de Moreno, Jalisco, sus habitantes vieron por primera vez en 300 a\u00f1os c\u00f3mo las&nbsp;ni\u00f1as&nbsp;se convert\u00edan en protagonistas de la Fiesta de los Arcos, con la que celebran anualmente a la santa patrona del agua.&nbsp;<\/p>\n\n\n\n<p class=\"wp-block-paragraph\">Las ni\u00f1as encontraron complicidad en el cari\u00f1o de sus abuelas, que inspiradas por su energ\u00eda y creatividad les dieron su respaldo. Hist\u00f3ricamente, las ni\u00f1eces y las mujeres se limitaban a observar el paso de los arcos, pero hab\u00eda llegado el momento de&nbsp;\u201cinventar\u201d&nbsp;algo nuevo.&nbsp;<\/p>\n\n\n\n<p class=\"wp-block-paragraph\">Formados por estructuras de carrizo, madera o herrer\u00eda coronadas por una cruz de la que surgen ocho rayos que apuntan al cielo, los arcos representan a los&nbsp;diez barrios&nbsp;del pueblo: Torrecillas, Rancho de la Virgen, El Lindero, Ladera Grande, Orilla del Agua, El Baj\u00edo, Ladera Chica, La Isla, Buenavista y Pueblo de Moya, en los que viven alrededor de&nbsp;14 mil 500 personas.&nbsp;Sus habitantes se dedican, principalmente, a fabricar ladrillo rojo para la construcci\u00f3n y a tejer canastos y figuras de tule.&nbsp;<\/p>\n\n\n\n<p class=\"wp-block-paragraph\">Construir un arco materializa la&nbsp;comunalidad&nbsp;de los pueblos, ya que est\u00e1 formado por piezas peque\u00f1as que, al coserlas o engarzarlas, simbolizan la uni\u00f3n de las personas y les da una identidad com\u00fan. Cada a\u00f1o, una familia de cada barrio es la encargada de crearlo.<\/p>\n\n\n\n<p class=\"wp-block-paragraph\">Que las ni\u00f1as se unieran a la fiesta, dice Liliana Facio, antrop\u00f3loga de Ladera Chica, signific\u00f3 reconocer que ellas tambi\u00e9n intervienen \u201cen la&nbsp;decisi\u00f3n&nbsp;de lo que se hace en su&nbsp;territorio\u201d. Para lograrlo tuvieron que enfrentarse a quienes se opon\u00edan a la participaci\u00f3n de las ni\u00f1as porque hab\u00eda que \u201ccuidar las tradiciones\u201d; eso le dijeron a Isidra Facia, do\u00f1a Chila, los miembros del Consejo de la Laguna, pero ni las abuelas ni las nietas se dejaron. Despu\u00e9s de ganar la lucha contra una empresa gasera, estaban listas para dar esta batalla.&nbsp;<\/p>\n\n\n\n<p class=\"wp-block-paragraph\">En el pueblo somos&nbsp;libres, yo pienso que a nadie le tenemos que pedir permiso<em>\u2014contest\u00f3 do\u00f1a Chila.<\/em><\/p>\n\n\n\n<p class=\"wp-block-paragraph\">Y as\u00ed fue como el Arco de las Ni\u00f1as pudo desfilar.<\/p>\n\n\n\n<p class=\"wp-block-paragraph\"><strong>\u2018Peligro de muerte\u2019<\/strong><\/p>\n\n\n\n<p class=\"wp-block-paragraph\">Esta historia de&nbsp;autonom\u00eda&nbsp;comenz\u00f3 en mayo de 2019, cuando los habitantes de La Laguna, un etnoterritorio chichimeca de tierras f\u00e9rtiles \u2014un \u201cpueblo de agua\u201d donde el&nbsp;<a href=\"https:\/\/www.somoselmedio.com\/las-mujeres-indomitas-de-la-laguna\/\" target=\"_blank\" rel=\"noreferrer noopener\">recurso h\u00eddrico comenz\u00f3 a escasear<\/a>&nbsp;desde que numerosas empresas se instalaron en la zona\u2014, lucharon contra la instalaci\u00f3n de un gasoducto de la empresa Gas Natural del Noroeste. Una defensa que asumieron tambi\u00e9n las ni\u00f1as en compa\u00f1\u00eda de sus abuelas.&nbsp;<\/p>\n\n\n\n<p class=\"wp-block-paragraph\">Josefina Rocha, una de las pobladoras, recuerda que la&nbsp;empresa&nbsp;quer\u00eda abrir canales en la tierra e instalar los ductos bajo sus casas, sus escuelas y su laguna para extraer gas natural durante 60 a\u00f1os; para impedirlo, decenas de habitantes se plantaron a la orilla de la carretera M\u00e9xico 80. \u201cMi abuelita iba porque no nom\u00e1s iba a afectar a una persona, sino a todos\u201d, dice su nieta Kenia, entonces de siete a\u00f1os.<\/p>\n\n\n\n<p class=\"wp-block-paragraph\">La empresa argumentaba que&nbsp;<a href=\"http:\/\/www.gasnaturaldelnoroeste.com.mx\/nosotros\/beneficios-del-gas-natural\/\" target=\"_blank\" rel=\"noreferrer noopener\">el gas natural es ecol\u00f3gico<\/a>&nbsp;por estar compuesto principalmente de metano, un&nbsp;gas&nbsp;que se descompone m\u00e1s r\u00e1pido que el di\u00f3xido de carbono \u2014que resulta de quemar combustibles f\u00f3siles como el petr\u00f3leo\u2014, y por eso ofrece beneficios clim\u00e1ticos, pero<a href=\"https:\/\/www.nature.com\/articles\/nature13837\" target=\"_blank\" rel=\"noreferrer noopener\">&nbsp;algunos estudios<\/a>&nbsp;cuestionan esta afirmaci\u00f3n, debido a las emisiones contaminantes asociadas a la producci\u00f3n del gas de esquisto.&nbsp;<\/p>\n\n\n\n<p class=\"wp-block-paragraph\">Cuando empezaron a marcar las paredes de su casa y las de sus vecinos para la instalaci\u00f3n del&nbsp;gasoducto&nbsp;subterr\u00e1neo, do\u00f1a Chila, vecina del Lindero, advirti\u00f3:<\/p>\n\n\n\n<p class=\"wp-block-paragraph\">Ese es un peligro latente, es un peligro de muerte; imag\u00ednate una explosi\u00f3n, una fuga.<\/p>\n\n\n\n<p class=\"wp-block-paragraph\">La comunidad lagunera se organiz\u00f3 contra el&nbsp;acoso&nbsp;de los&nbsp;ingenieros&nbsp;y la insistencia de que vendieran sus casas y terrenos a precios bajos. \u201cBorramos las marcas que hab\u00edan puesto para pasar los tubos de gas\u201d, recuerda Luz, entonces una adolescente de 15 a\u00f1os.<\/p>\n\n\n\n<p class=\"wp-block-paragraph\">El 13 de mayo de 2019, cuando los habitantes se manifestaron bajo la consigna&nbsp;<a href=\"https:\/\/www.facebook.com\/p\/NO-al-gas-natural-en-el-pueblo-de-La-Laguna-100069618421614\/\" target=\"_blank\" rel=\"noreferrer noopener\">\u201cNO al gas natural en el pueblo de La Laguna\u201c<\/a>, fueron reprimidos por la polic\u00eda estatal de Jalisco, que detuvo a tres vecinos, quienes, gracias a la presi\u00f3n social, salieron libres al d\u00eda siguiente.<\/p>\n\n\n\n<p class=\"wp-block-paragraph\">La gente estaba tambi\u00e9n molesta porque la&nbsp;empresa&nbsp;gasera operaba&nbsp;sin permisos, con el respaldo del gobierno municipal. Su mayor temor era que se apropiaran de la laguna. En a\u00f1os anteriores, se supo de funcionarios que permitieron a las industrias administrar los pozos del pueblo. Una de sus exigencias era que se respetara su derecho al agua.<\/p>\n\n\n\n<p class=\"wp-block-paragraph\">Hay veces que los&nbsp;pol\u00edticos&nbsp;quieren ganar a fuerzas para poder quitarnos pedazos de tierra, dejarnos sin agua<em>\u2014advierte Kenia.<\/em><\/p>\n\n\n\n<p class=\"wp-block-paragraph\">Tras una&nbsp;<a href=\"https:\/\/www.somoselmedio.com\/indigenas-de-lagos-de-moreno-jalisco-ganan-amparo-contra-gasoducto\/\" target=\"_blank\" rel=\"noreferrer noopener\">Misi\u00f3n Civil de Observaci\u00f3n<\/a>&nbsp;de Derechos Humanos \u2014integrada por m\u00e1s de 15 organizaciones civiles\u2014, realizada para documentar las violaciones a los&nbsp;derechos&nbsp;humanos causadas por el proyecto, un juez de distrito otorg\u00f3 el amparo 1113\/2019, que ordenaba la suspensi\u00f3n del gasoducto mientras la empresa no presentara los permisos otorgados por la Secretar\u00eda de Energ\u00eda o la Comisi\u00f3n Reguladora de Energ\u00eda.&nbsp;<\/p>\n\n\n\n<p class=\"wp-block-paragraph\"><strong>Acuerparse entre todas<\/strong><\/p>\n\n\n\n<p class=\"wp-block-paragraph\">Del amor por su&nbsp;pueblo&nbsp;y su capacidad para&nbsp;organizarse&nbsp;brot\u00f3 la lucha. El&nbsp;28 de mayo&nbsp;naci\u00f3 oficialmente el Campamento contra la Instalaci\u00f3n del&nbsp;Gasoducto&nbsp;en La Laguna, a la orilla de la carretera M\u00e9xico 80, en el barrio del Lindero. Ni\u00f1as, ni\u00f1os y j\u00f3venes se establecieron en el lugar; dorm\u00edan en carretillas, casas de campa\u00f1a y carpas para impedir que los polic\u00edas estatales abrieran paso a la maquinaria de la empresa.<\/p>\n\n\n\n<p class=\"wp-block-paragraph\">Las&nbsp;mujeres&nbsp;sostuvieron en gran parte el&nbsp;campamento; hubo turnos de vigilia, cocina colectiva, recaudaci\u00f3n de fondos. Y las ni\u00f1as participaron activamente. Luz, Kimberly, Kenia, Fer, Keily, Estrella, Carol y Luz asist\u00edan a las asambleas y vigilaban junto a sus familias que la obra no avanzara. \u201cDefend\u00edamos nuestro territorio, nuestras tierras, la vida de nosotros\u201d, dice Luz.<\/p>\n\n\n\n<p class=\"wp-block-paragraph\">Como un rayo de sol en un d\u00eda nublado, el campamento se convirti\u00f3 en una red de cari\u00f1os y ternuras. \u201cYo la cuidaba a ella, y ella a m\u00ed\u201d, dice Kenia sobre su abuela, do\u00f1a Josefina, al recordar el lugar donde, mientras jugaba, constru\u00eda un camino hacia la&nbsp;autonom\u00eda&nbsp;y la&nbsp;libertad&nbsp;en compa\u00f1\u00eda de sus amigas.<\/p>\n\n\n\n<p class=\"wp-block-paragraph\">La estrategia dio frutos. La Comisi\u00f3n Estatal de Derechos Humanos emiti\u00f3 la&nbsp;<a href=\"http:\/\/historico.cedhj.org.mx\/recomendaciones\/emitidas\/2020\/Reco%2026.2020%20VPF.pdf\" target=\"_blank\" rel=\"noreferrer noopener\">Recomendaci\u00f3n 26\/2020<\/a>&nbsp;que obligaba a las autoridades a reconocer a San Juan Bautista de la Laguna como pueblo originario, y a la reparaci\u00f3n del da\u00f1o a sus habitantes por los derechos vulnerados \u2014como a la&nbsp;manifestaci\u00f3n&nbsp;pac\u00edfica y a la protecci\u00f3n del medio ambiente\u2014 por los gobiernos estatal de Jalisco y municipal de Lagos de Moreno. El gasoducto fue detenido.<\/p>\n\n\n\n<p class=\"wp-block-paragraph\">El 24 de enero de 2024, las y los laguneros recorrieron el pueblo con sus arcos, que ofrendaron a la Virgen de la Candelaria.&nbsp;\/&nbsp;Foto \/ Elizabeth Lim\u00f3n Ahumada<\/p>\n\n\n\n<p class=\"wp-block-paragraph\">Pero la victoria dej\u00f3 una comunidad que necesitaba fortalecer su&nbsp;tejido social, debilitado por la confrontaci\u00f3n con la empresa y las autoridades, que provoc\u00f3 desconfianza y divisiones internas, y hacerlo mediante el reconocimiento de su identidad ind\u00edgena era la mejor opci\u00f3n. La&nbsp;Fiesta de los Arcos,&nbsp;que seg\u00fan Liliana, la antrop\u00f3loga, \u201cnos ha permitido convivir independientemente de las posturas pol\u00edticas\u201d, era el espacio ideal. Pero hist\u00f3ricamente hab\u00eda sido \u201checha por las mujeres y disfrutada por los hombres\u201d, con poca intervenci\u00f3n femenina en las decisiones.<\/p>\n\n\n\n<p class=\"wp-block-paragraph\">Por ello, los habitantes organizados, junto a la colectiva Gata Azul, integrada por mujeres j\u00f3venes de La Laguna, apostaron por fortalecer los&nbsp;lazos comunitarios. Fue as\u00ed como decidieron impulsar la participaci\u00f3n infantil. Una semana antes de la fiesta de 2023, convocaron a las ni\u00f1as en el mismo lugar donde estuvo el campamento para construir su propio arco.<\/p>\n\n\n\n<p class=\"wp-block-paragraph\">Ya hab\u00edan comenzado a armarlo cuando do\u00f1a Chila, mientras preparaba el mole para la fiesta, recibi\u00f3 una llamada. \u201cNo se va a poder porque no hay permiso\u201d, le dijo alguien del Consejo de La Laguna. Pero ellas decidieron resistir hasta lograrlo.<\/p>\n\n\n\n<p class=\"wp-block-paragraph\">Cerca de las once de la noche, las&nbsp;ni\u00f1as y ni\u00f1os&nbsp;comenzaron a enrollar con telas la estructura del arco. Sus manos peque\u00f1as cos\u00edan las grandes flores sobre cada rayo. Se turnaban en la elecci\u00f3n de las pa\u00f1oletas, e imaginaban c\u00f3mo se ver\u00edan ondeando al viento.&nbsp;<\/p>\n\n\n\n<p class=\"wp-block-paragraph\">Los&nbsp;arcos&nbsp;miden m\u00e1s de cinco metros de altura, y se necesitan por lo menos diez personas para llevarlos. La gente baila al ritmo de la banda mientras recorre el pueblo carg\u00e1ndolos, hasta llegar al templo, donde los ofrendan a la virgen. \u201cSe siente mucha emoci\u00f3n y felicidad\u201d, dice Kimberly.<\/p>\n\n\n\n<p class=\"wp-block-paragraph\">Desde 2023, los arcos se han multiplicado, y la mitad son llevados por ni\u00f1as y ni\u00f1os, incluso de edad preescolar.&nbsp;&nbsp;<\/p>\n\n\n\n<p class=\"wp-block-paragraph\">Un a\u00f1o despu\u00e9s, en&nbsp;septiembre de 2024,&nbsp;San Juan Bautista de la Laguna consigui\u00f3 su reconocimiento&nbsp;<a href=\"https:\/\/catalogo.inpi.gob.mx\/\" target=\"_blank\" rel=\"noreferrer noopener\">como pueblo chichimeca<\/a>&nbsp;y fue integrado al Cat\u00e1logo Nacional de Pueblos y Comunidades Ind\u00edgenas y Afromexicanas. La Fiesta de los Arcos contribuy\u00f3 a respaldar esa decisi\u00f3n.<\/p>\n\n\n\n<p class=\"wp-block-paragraph\">Cuando procesionan, las y los laguneros no solo cumplen con una&nbsp;tradici\u00f3n. Sostienen tambi\u00e9n la memoria de una lucha, la fuerza de una comunidad que dijo no al despojo y s\u00ed a la vida. Un arco que les recuerda que defender el agua y el territorio tambi\u00e9n es cosa de ni\u00f1as.<\/p>\n\n\n\n<ul class=\"wp-block-list\">\n<li>Esta historia es la versi\u00f3n escrita del p\u00f3dcast \u201cJalisco: Morritas y abuelas haciendo y heredando comunidad\u201d, cuya investigaci\u00f3n y guion fueron realizados por Elizabeth Lim\u00f3n y Diana Maciel. Forma parte de la serie \u201cPeriodismo de lo Posible: Historias desde los territorios\u201d \u2014proyecto de Quinto Elemento Lab, Redes A. C., Ojo de Agua Comunicaci\u00f3n y La Sand\u00eda Digital\u2014, que tambi\u00e9n puede ser escuchada aqu\u00ed:\u00a0<a href=\"https:\/\/periodismodeloposible.com\/\" target=\"_blank\" rel=\"noreferrer noopener\">https:\/\/periodismodeloposible.com\/<\/a>.<\/li>\n<\/ul>\n\n\n\n<figure class=\"wp-block-gallery has-nested-images columns-default is-cropped wp-block-gallery-1 is-layout-flex wp-block-gallery-is-layout-flex\">\n<figure class=\"wp-block-image size-large\"><a href=\"https:\/\/redsemlac.com\/semmexico\/wp-content\/uploads\/2025\/09\/De-como-las-ninas-2.webp\"><img loading=\"lazy\" decoding=\"async\" width=\"1024\" height=\"574\" data-id=\"98887\" src=\"https:\/\/redsemlac.com\/semmexico\/wp-content\/uploads\/2025\/09\/De-como-las-ninas-2-1024x574.webp\" alt=\"\" class=\"wp-image-98887\" srcset=\"https:\/\/redsemlac.com\/semmexico\/wp-content\/uploads\/2025\/09\/De-como-las-ninas-2-1024x574.webp 1024w, https:\/\/redsemlac.com\/semmexico\/wp-content\/uploads\/2025\/09\/De-como-las-ninas-2-300x168.webp 300w, https:\/\/redsemlac.com\/semmexico\/wp-content\/uploads\/2025\/09\/De-como-las-ninas-2-768x431.webp 768w, https:\/\/redsemlac.com\/semmexico\/wp-content\/uploads\/2025\/09\/De-como-las-ninas-2-150x84.webp 150w, https:\/\/redsemlac.com\/semmexico\/wp-content\/uploads\/2025\/09\/De-como-las-ninas-2-696x390.webp 696w, https:\/\/redsemlac.com\/semmexico\/wp-content\/uploads\/2025\/09\/De-como-las-ninas-2-1068x599.webp 1068w, https:\/\/redsemlac.com\/semmexico\/wp-content\/uploads\/2025\/09\/De-como-las-ninas-2.webp 1200w\" sizes=\"auto, (max-width: 1024px) 100vw, 1024px\" \/><\/a><\/figure>\n\n\n\n<figure class=\"wp-block-image size-large\"><a href=\"https:\/\/redsemlac.com\/semmexico\/wp-content\/uploads\/2025\/09\/De-como-las-ninas-3.webp\"><img loading=\"lazy\" decoding=\"async\" width=\"1024\" height=\"574\" data-id=\"98885\" src=\"https:\/\/redsemlac.com\/semmexico\/wp-content\/uploads\/2025\/09\/De-como-las-ninas-3-1024x574.webp\" alt=\"\" class=\"wp-image-98885\" srcset=\"https:\/\/redsemlac.com\/semmexico\/wp-content\/uploads\/2025\/09\/De-como-las-ninas-3-1024x574.webp 1024w, https:\/\/redsemlac.com\/semmexico\/wp-content\/uploads\/2025\/09\/De-como-las-ninas-3-300x168.webp 300w, https:\/\/redsemlac.com\/semmexico\/wp-content\/uploads\/2025\/09\/De-como-las-ninas-3-768x431.webp 768w, https:\/\/redsemlac.com\/semmexico\/wp-content\/uploads\/2025\/09\/De-como-las-ninas-3-150x84.webp 150w, https:\/\/redsemlac.com\/semmexico\/wp-content\/uploads\/2025\/09\/De-como-las-ninas-3-696x390.webp 696w, https:\/\/redsemlac.com\/semmexico\/wp-content\/uploads\/2025\/09\/De-como-las-ninas-3-1068x599.webp 1068w, https:\/\/redsemlac.com\/semmexico\/wp-content\/uploads\/2025\/09\/De-como-las-ninas-3.webp 1200w\" sizes=\"auto, (max-width: 1024px) 100vw, 1024px\" \/><\/a><\/figure>\n<\/figure>\n","protected":false},"excerpt":{"rendered":"<p>Erika Erandi \/ Quinto Elemento SemM\u00e9xico\/El Occidental, Jalisco, 22 de septiembre, 2025.- Suenan la tambora, la chirim\u00eda, el tromb\u00f3n y la tuba. Ese&nbsp;24 de enero, entre los altares que procesionan por las calles, destaca uno adornado con&nbsp;flores&nbsp;rosas, moradas y azules. Son doce entusiastas&nbsp;ni\u00f1as de La Laguna, de entre 8 y 15 a\u00f1os \u2014en lugar de [&hellip;]<\/p>\n","protected":false},"author":3,"featured_media":98886,"comment_status":"open","ping_status":"open","sticky":false,"template":"","format":"standard","meta":{"_monsterinsights_skip_tracking":false,"footnotes":""},"categories":[694],"tags":[],"class_list":["post-98884","post","type-post","status-publish","format-standard","has-post-thumbnail","category-destacadas"],"_links":{"self":[{"href":"https:\/\/redsemlac.com\/semmexico\/wp-json\/wp\/v2\/posts\/98884","targetHints":{"allow":["GET"]}}],"collection":[{"href":"https:\/\/redsemlac.com\/semmexico\/wp-json\/wp\/v2\/posts"}],"about":[{"href":"https:\/\/redsemlac.com\/semmexico\/wp-json\/wp\/v2\/types\/post"}],"author":[{"embeddable":true,"href":"https:\/\/redsemlac.com\/semmexico\/wp-json\/wp\/v2\/users\/3"}],"replies":[{"embeddable":true,"href":"https:\/\/redsemlac.com\/semmexico\/wp-json\/wp\/v2\/comments?post=98884"}],"version-history":[{"count":0,"href":"https:\/\/redsemlac.com\/semmexico\/wp-json\/wp\/v2\/posts\/98884\/revisions"}],"wp:featuredmedia":[{"embeddable":true,"href":"https:\/\/redsemlac.com\/semmexico\/wp-json\/wp\/v2\/media\/98886"}],"wp:attachment":[{"href":"https:\/\/redsemlac.com\/semmexico\/wp-json\/wp\/v2\/media?parent=98884"}],"wp:term":[{"taxonomy":"category","embeddable":true,"href":"https:\/\/redsemlac.com\/semmexico\/wp-json\/wp\/v2\/categories?post=98884"},{"taxonomy":"post_tag","embeddable":true,"href":"https:\/\/redsemlac.com\/semmexico\/wp-json\/wp\/v2\/tags?post=98884"}],"curies":[{"name":"wp","href":"https:\/\/api.w.org\/{rel}","templated":true}]}}