{"id":98878,"date":"2025-09-22T14:48:40","date_gmt":"2025-09-22T20:48:40","guid":{"rendered":"https:\/\/redsemlac.com\/semmexico\/?p=98878"},"modified":"2025-09-22T14:48:41","modified_gmt":"2025-09-22T20:48:41","slug":"sujo-se-corona-como-la-mejor-pelicula-en-la-edicion-67-de-los-premios-ariel","status":"publish","type":"post","link":"https:\/\/redsemlac.com\/semmexico\/sujo-se-corona-como-la-mejor-pelicula-en-la-edicion-67-de-los-premios-ariel\/","title":{"rendered":"\u201cSujo\u201d se corona como la Mejor pel\u00edcula en la edici\u00f3n 67 de los Premios Ariel"},"content":{"rendered":"\n<ul class=\"wp-block-list\">\n<li>De 17 nominaciones, \u201cPedro P\u00e1ramo\u201d consigui\u00f3 s\u00f3lo siete premios. \u201cLa cocina\u201d alcanz\u00f3 cinco<\/li>\n\n\n\n<li>La dupla de directoras Astrid Rondero y Fernanda Valadez venci\u00f3 a \u201cPedro P\u00e1ramo\u201d en las categor\u00edas principales<\/li>\n<\/ul>\n\n\n\n<p class=\"wp-block-paragraph\">Froylan Escobar Lara<\/p>\n\n\n\n<p class=\"wp-block-paragraph\">SemM\u00e9xico\/El Sol de M\u00e9xico, Puerto Vallarta, 22 de septiembre, 2025.- Con \u201cSujo\u201d, la dupla de directoras&nbsp;Astrid Rondero y Fernanda Valadez&nbsp;venci\u00f3 a \u201cPedro P\u00e1ramo\u201d en las categor\u00edas principales de la edici\u00f3n&nbsp;67 de los Premios Ariel.<\/p>\n\n\n\n<p class=\"wp-block-paragraph\">Mejor Pel\u00edcula, Direcci\u00f3n y Coactuaci\u00f3n femenina&nbsp;fueron las estatuillas con las que \u201cSujo\u201d se posicion\u00f3 como la ganadora frente a la \u00f3pera prima de Rodrigo Prieto, quien desde las nominaciones se ubic\u00f3 como la favorita al contar con 17 menciones.<\/p>\n\n\n\n<p class=\"wp-block-paragraph\">\u201cEs una celebraci\u00f3n del&nbsp;cine mexicano, felicitar a todos los nominados, a los ganadores, a todos los que hacemos cine. Esta pel\u00edcula se hizo con la colaboraci\u00f3n de mucha gente, de instituciones, la&nbsp;UNAM. Esta pel\u00edcula se ha hecho con la colaboraci\u00f3n de un equipo joven que creemos que el cine debe de ser m\u00e1s diverso, debe de hablar de nuestros tiempos, es la posibilidad para que reflexionemos aquello que nos duele tanto\u201d, afirm\u00f3 Fernanda Valadez sobre el escenario.<\/p>\n\n\n\n<p class=\"wp-block-paragraph\">\u201cTodas las vidas de todos merecen ser hermosas, bellas, felices y justas y esta pel\u00edcula, eso quer\u00eda hablar\u201d, agreg\u00f3 Astrid Rondero.<\/p>\n\n\n\n<p class=\"wp-block-paragraph\">Al grito de \u201cGoya, Goya, cach\u00fan, cach\u00fan ra ra, Goya, \u00a1Universidad!\u201d, fue como celebr\u00f3 todo el equipo de la pel\u00edcula ganadora, al t\u00e9rmino de la ceremonia.<\/p>\n\n\n\n<p class=\"wp-block-paragraph\">\u201cPedro P\u00e1ramo\u201d, filme que lleva a la pantalla grande la novela de&nbsp;Juan Rulfo,&nbsp;consigui\u00f3 siete estatuillas plateadas en las categor\u00edas t\u00e9cnicas como&nbsp;Dise\u00f1o de arte, Efectos especiales, Visuales, Fotograf\u00eda, Maquillaje, Vestuario y Coactuaci\u00f3n masculina, para H\u00e9ctor Kotsifakis.<\/p>\n\n\n\n<p class=\"wp-block-paragraph\">Detr\u00e1s de esta qued\u00f3 el filme&nbsp;\u201cLa cocina\u201d de Alonso Ruizpalacios que destac\u00f3 en&nbsp;Guion adaptado&nbsp;para Ruizpalacios,&nbsp;M\u00fasica original&nbsp;para Tom\u00e1s Barreiro,&nbsp;Sonido&nbsp;para Javier Umpierrez, Isabel Mu\u00f1oz Cota, Michel Coutolenc y Javier Baksht,&nbsp;Edici\u00f3n&nbsp;para Yibr\u00e1n Asuad y Actor para Ra\u00fal Briones. Los \u00faltimos dos ganadores externaron su postura en contra de las situaciones pol\u00edticas de ciertos pa\u00edses.<\/p>\n\n\n\n<p class=\"wp-block-paragraph\"><strong>Discursos poderosos<\/strong><\/p>\n\n\n\n<p class=\"wp-block-paragraph\">En vez de mencionar un discurso, Asuad&nbsp;call\u00f3 y pidi\u00f3 silencio para las v\u00edctimas de Israel. \u201cPor miles de v\u00edctimas del estado genocida de Israel guardaremos silencio\u201d, dijo el editor mientras levantaba su pashmina.<\/p>\n\n\n\n<p class=\"wp-block-paragraph\">Por otro lado, Briones fue directo, tanto contra&nbsp;Israel&nbsp;como con el actual presidente de&nbsp;Estados Unidos, Donald Trump.&nbsp;\u201cEn nombre de todas las personas migrantes del mundo,&nbsp;fuck ICE, fuck you Donald Trump, fuck your administration, t\u00fa eres un psic\u00f3pata y un criminal, que viva Palestina y que muera el estado genocida de Israel\u201d, exclam\u00f3.<\/p>\n\n\n\n<p class=\"wp-block-paragraph\">En el caso de la cinta \u201cNo nos mover\u00e1n\u201d logr\u00f3 cuatro premios en categor\u00edas como&nbsp;Revelaci\u00f3n actoral&nbsp;para Jos\u00e9 Alberto Pati\u00f1o,&nbsp;\u00d3pera prima&nbsp;para Pierre Saint Martin y uno para Luisa Huertas, como&nbsp;Mejor Actriz,&nbsp;a quien dedic\u00f3 su premio a las madres buscadoras.<\/p>\n\n\n\n<p class=\"wp-block-paragraph\">\u201cEste Ariel dedico a todos los muertos y&nbsp;desaparecidos&nbsp;en nuestro pa\u00eds en todas las luchas y a las&nbsp;madres buscadoras,&nbsp;a las que se no se les tom\u00f3 en cuenta hace unos d\u00edas,&nbsp;el cine vive, la lucha sigue, 2 de octubre no se olvida\u201d, expres\u00f3 Huertas.<\/p>\n\n\n\n<p class=\"wp-block-paragraph\"><strong>Homenajes en la premiaci\u00f3n<\/strong><\/p>\n\n\n\n<p class=\"wp-block-paragraph\">La gala, misma que se llev\u00f3 a cabo en el&nbsp;Centro Internacional de Convenciones Puerto Vallarta, tuvo dos reconocimientos especiales. El primero fue el reconocimiento al&nbsp;M\u00e9rito Cinematogr\u00e1fico del Cine Mexicano&nbsp;que se le otorg\u00f3 al filme \u201cAmores perros\u201d, por el 25 aniversario de su lanzamiento.<\/p>\n\n\n\n<p class=\"wp-block-paragraph\">Acto seguido,&nbsp;Julieta Venegas, Ely Guerra y el rapero Pato Machete, se apoderaron del escenario para ofrecer un breve espect\u00e1culo musical, en donde interpretaron temas como \u201cAmores perros\u201d, \u201cS\u00ed se\u00f1or\u201d y \u201cDe perros amores\u201d, del soundtrack de la cinta de&nbsp;Alejandro Gonz\u00e1lez I\u00f1\u00e1rritu.<\/p>\n\n\n\n<p class=\"wp-block-paragraph\">A&nbsp;Guillermo del Toro&nbsp;le fue concedida la medalla al&nbsp;M\u00e9rito Cinematogr\u00e1fico&nbsp;por sus aportaciones al cine, sin embargo, el cineasta no pudo asistir por compromisos laborales.<\/p>\n\n\n\n<p class=\"wp-block-paragraph\">\u201cQuiero agradecer much\u00edsimo este premio, significa mucho para m\u00ed porque es un reconocimiento al amor y a la fe que tengo por M\u00e9xico, a la naci\u00f3n mexicana, la poblaci\u00f3n del cine mexicano, la exhibici\u00f3n de cine mexicano, la restauraci\u00f3n, etc\u00e9tera. Y eso para m\u00ed es muy importante porque un \u00e1rbol sin ra\u00edces no es \u00e1rbol. Muchas las gracias a la Academia\u201d, dijo Del Toro a trav\u00e9s de un video.<\/p>\n\n\n\n<p class=\"wp-block-paragraph\"><strong>\u00bfQui\u00e9n gan\u00f3 el Ariel de Oro?<\/strong><\/p>\n\n\n\n<p class=\"wp-block-paragraph\">Fueron dos personalidades y una organizaci\u00f3n los que recibieron el Ariel de Oro, en esta edici\u00f3n.<\/p>\n\n\n\n<p class=\"wp-block-paragraph\">Con una gran emoci\u00f3n, a punto incluso del llanto,&nbsp;Patricia Reyes Sp\u00edndola&nbsp;agradeci\u00f3 el galard\u00f3n que le fue otorgado por lo cosechado a trav\u00e9s de 53 a\u00f1os de carrera.<\/p>\n\n\n\n<p class=\"wp-block-paragraph\">\u201cEstoy muy emocionada y que me lo haya entregado&nbsp;Mar\u00eda Rojo&nbsp;que es un \u00edcono del cine nacional, lo agradezco profundamente, agradezco a la Academia, mi familia, a mis hermanos, sobrinos, a mi pareja, a todos mis compa\u00f1eros que me han acompa\u00f1ado en estos a\u00f1os de carrera.<\/p>\n\n\n\n<p class=\"wp-block-paragraph\">\u201cQuiero compartir con toda la gente de cine, con el crew porque es un trabajo en equipo\u201d, coment\u00f3 la actriz sobre el escenario, quien visti\u00f3 elegante, con un vestido blanco combinado con un reboso naranja.<\/p>\n\n\n\n<p class=\"wp-block-paragraph\">Jaqueline Andere&nbsp;fue la segunda actriz que recibi\u00f3 la estatuilla dorada.<\/p>\n\n\n\n<p class=\"wp-block-paragraph\">\u201cAgradezco con todo mi cari\u00f1o y mi amor a la&nbsp;Academia&nbsp;por este reconocimiento,&nbsp;representa el Oscar mexicano,&nbsp;tambi\u00e9n quiero recordar este Ariel no solo es para m\u00ed, sino a la gente que me ayud\u00f3 desde que empec\u00e9 como&nbsp;Luis de Llano Palmer, Ernesto Alonso y Luis Bu\u00f1uel.<\/p>\n\n\n\n<p class=\"wp-block-paragraph\">\u201cQuiero dedicarle este&nbsp;Ariel de Oro&nbsp;a la raz\u00f3n de mi vida, a la que m\u00e1s amo en este mundo, mis nietos, mi yerno y a todos ustedes, felicitarlos por el gran cine que hacen, que est\u00e1n haciendo ahorita, muchas gracias y adi\u00f3s\u201d, sostuvo Andere, quien cumpli\u00f3 67 a\u00f1os de carrera ininterrumpida.<\/p>\n\n\n\n<p class=\"wp-block-paragraph\">El&nbsp;Sindicato de Trabajadores de la Producci\u00f3n Cinematogr\u00e1fica&nbsp;tambi\u00e9n fue galardonado; su secretario general,&nbsp;Felipe Marino&nbsp;a trav\u00e9s de su discurso, invit\u00f3 a los inversionistas y productores a que den un mejor trato a los trabajadores de la industria.<\/p>\n\n\n\n<p class=\"wp-block-paragraph\"><strong>AMACC de fiesta<\/strong><\/p>\n\n\n\n<p class=\"wp-block-paragraph\">El presidente de la&nbsp;Academia Mexicana de Artes y Ciencias Cinematogr\u00e1ficas&nbsp;(AMACC) tom\u00f3 un breve espacio para notificar que la academia cumplir\u00e1 80 a\u00f1os de existencia el pr\u00f3ximo 2026.<\/p>\n\n\n\n<p class=\"wp-block-paragraph\">Entre los retos a superar no s\u00f3lo destacan los obst\u00e1culos econ\u00f3micos, sino tambi\u00e9n los de las nuevas tecnolog\u00edas como la Inteligencia Artificial.<\/p>\n\n\n\n<p class=\"wp-block-paragraph\">En otros temas, pidi\u00f3 con urgencia la aprobaci\u00f3n de la nueva&nbsp;Ley Federal de Cinematograf\u00eda&nbsp;y abog\u00f3 por los migrantes.<\/p>\n\n\n\n<p class=\"wp-block-paragraph\">\u201cLa comunidad cinematogr\u00e1fica nacional estamos atentos de su aprobaci\u00f3n y puesta en marcha (de la Ley). Confiamos en que esto suceda pronto. Vivimos tiempos de ideas abiertas. S\u00ed, nuestros&nbsp;hermanos migrantes&nbsp;enfrentan momentos dif\u00edciles, debemos solidarizarnos con ellos, las&nbsp;crisis humanitarias&nbsp;y las&nbsp;guerras&nbsp;desgarran el tejido de la humanidad.<\/p>\n\n\n\n<p class=\"wp-block-paragraph\">\u201cDesde aqu\u00ed abogamos por una cultura de paz y de respeto a los derechos humanos en el mundo. Esta noche, unidos por el premio Ariel, reafirmamos que nuestra industria no es solo decoraci\u00f3n cultural, sino memoria viva, conciencia activa, faro de resistencia y esperanza\u201d, asever\u00f3 Casas.<\/p>\n\n\n\n<p class=\"wp-block-paragraph\">SEM-El Sol de M\u00e9xico\/fel<\/p>\n\n\n\n<figure class=\"wp-block-gallery has-nested-images columns-default is-cropped wp-block-gallery-1 is-layout-flex wp-block-gallery-is-layout-flex\">\n<figure class=\"wp-block-image size-large\"><a href=\"https:\/\/redsemlac.com\/semmexico\/wp-content\/uploads\/2025\/09\/ARIEL-2-.webp\"><img loading=\"lazy\" decoding=\"async\" width=\"1024\" height=\"575\" data-id=\"98879\" src=\"https:\/\/redsemlac.com\/semmexico\/wp-content\/uploads\/2025\/09\/ARIEL-2--1024x575.webp\" alt=\"\" class=\"wp-image-98879\" srcset=\"https:\/\/redsemlac.com\/semmexico\/wp-content\/uploads\/2025\/09\/ARIEL-2--1024x575.webp 1024w, https:\/\/redsemlac.com\/semmexico\/wp-content\/uploads\/2025\/09\/ARIEL-2--300x169.webp 300w, https:\/\/redsemlac.com\/semmexico\/wp-content\/uploads\/2025\/09\/ARIEL-2--768x431.webp 768w, https:\/\/redsemlac.com\/semmexico\/wp-content\/uploads\/2025\/09\/ARIEL-2--150x84.webp 150w, https:\/\/redsemlac.com\/semmexico\/wp-content\/uploads\/2025\/09\/ARIEL-2--696x391.webp 696w, https:\/\/redsemlac.com\/semmexico\/wp-content\/uploads\/2025\/09\/ARIEL-2--1068x600.webp 1068w, https:\/\/redsemlac.com\/semmexico\/wp-content\/uploads\/2025\/09\/ARIEL-2-.webp 1200w\" sizes=\"auto, (max-width: 1024px) 100vw, 1024px\" \/><\/a><\/figure>\n\n\n\n<figure class=\"wp-block-image size-large\"><a href=\"https:\/\/redsemlac.com\/semmexico\/wp-content\/uploads\/2025\/09\/ariel-3-.webp\"><img loading=\"lazy\" decoding=\"async\" width=\"1024\" height=\"576\" data-id=\"98882\" src=\"https:\/\/redsemlac.com\/semmexico\/wp-content\/uploads\/2025\/09\/ariel-3--1024x576.webp\" alt=\"\" class=\"wp-image-98882\" srcset=\"https:\/\/redsemlac.com\/semmexico\/wp-content\/uploads\/2025\/09\/ariel-3--1024x576.webp 1024w, https:\/\/redsemlac.com\/semmexico\/wp-content\/uploads\/2025\/09\/ariel-3--300x169.webp 300w, https:\/\/redsemlac.com\/semmexico\/wp-content\/uploads\/2025\/09\/ariel-3--768x432.webp 768w, https:\/\/redsemlac.com\/semmexico\/wp-content\/uploads\/2025\/09\/ariel-3--150x84.webp 150w, https:\/\/redsemlac.com\/semmexico\/wp-content\/uploads\/2025\/09\/ariel-3--696x392.webp 696w, https:\/\/redsemlac.com\/semmexico\/wp-content\/uploads\/2025\/09\/ariel-3--1068x601.webp 1068w, https:\/\/redsemlac.com\/semmexico\/wp-content\/uploads\/2025\/09\/ariel-3-.webp 1200w\" sizes=\"auto, (max-width: 1024px) 100vw, 1024px\" \/><\/a><\/figure>\n<\/figure>\n\n\n<div class=\"wp-block-image\">\n<figure class=\"aligncenter size-large\"><a href=\"https:\/\/redsemlac.com\/semmexico\/wp-content\/uploads\/2025\/09\/Ariel-4.webp\"><img loading=\"lazy\" decoding=\"async\" width=\"1024\" height=\"575\" src=\"https:\/\/redsemlac.com\/semmexico\/wp-content\/uploads\/2025\/09\/Ariel-4-1024x575.webp\" alt=\"\" class=\"wp-image-98881\" srcset=\"https:\/\/redsemlac.com\/semmexico\/wp-content\/uploads\/2025\/09\/Ariel-4-1024x575.webp 1024w, https:\/\/redsemlac.com\/semmexico\/wp-content\/uploads\/2025\/09\/Ariel-4-300x169.webp 300w, https:\/\/redsemlac.com\/semmexico\/wp-content\/uploads\/2025\/09\/Ariel-4-768x431.webp 768w, https:\/\/redsemlac.com\/semmexico\/wp-content\/uploads\/2025\/09\/Ariel-4-150x84.webp 150w, https:\/\/redsemlac.com\/semmexico\/wp-content\/uploads\/2025\/09\/Ariel-4-696x391.webp 696w, https:\/\/redsemlac.com\/semmexico\/wp-content\/uploads\/2025\/09\/Ariel-4-1068x600.webp 1068w, https:\/\/redsemlac.com\/semmexico\/wp-content\/uploads\/2025\/09\/Ariel-4.webp 1200w\" sizes=\"auto, (max-width: 1024px) 100vw, 1024px\" \/><\/a><\/figure>\n<\/div>","protected":false},"excerpt":{"rendered":"<p>Froylan Escobar Lara SemM\u00e9xico\/El Sol de M\u00e9xico, Puerto Vallarta, 22 de septiembre, 2025.- Con \u201cSujo\u201d, la dupla de directoras&nbsp;Astrid Rondero y Fernanda Valadez&nbsp;venci\u00f3 a \u201cPedro P\u00e1ramo\u201d en las categor\u00edas principales de la edici\u00f3n&nbsp;67 de los Premios Ariel. Mejor Pel\u00edcula, Direcci\u00f3n y Coactuaci\u00f3n femenina&nbsp;fueron las estatuillas con las que \u201cSujo\u201d se posicion\u00f3 como la ganadora frente [&hellip;]<\/p>\n","protected":false},"author":3,"featured_media":98880,"comment_status":"open","ping_status":"open","sticky":false,"template":"","format":"standard","meta":{"_monsterinsights_skip_tracking":false,"footnotes":""},"categories":[748],"tags":[],"class_list":["post-98878","post","type-post","status-publish","format-standard","has-post-thumbnail","category-cultura-feminista"],"_links":{"self":[{"href":"https:\/\/redsemlac.com\/semmexico\/wp-json\/wp\/v2\/posts\/98878","targetHints":{"allow":["GET"]}}],"collection":[{"href":"https:\/\/redsemlac.com\/semmexico\/wp-json\/wp\/v2\/posts"}],"about":[{"href":"https:\/\/redsemlac.com\/semmexico\/wp-json\/wp\/v2\/types\/post"}],"author":[{"embeddable":true,"href":"https:\/\/redsemlac.com\/semmexico\/wp-json\/wp\/v2\/users\/3"}],"replies":[{"embeddable":true,"href":"https:\/\/redsemlac.com\/semmexico\/wp-json\/wp\/v2\/comments?post=98878"}],"version-history":[{"count":0,"href":"https:\/\/redsemlac.com\/semmexico\/wp-json\/wp\/v2\/posts\/98878\/revisions"}],"wp:featuredmedia":[{"embeddable":true,"href":"https:\/\/redsemlac.com\/semmexico\/wp-json\/wp\/v2\/media\/98880"}],"wp:attachment":[{"href":"https:\/\/redsemlac.com\/semmexico\/wp-json\/wp\/v2\/media?parent=98878"}],"wp:term":[{"taxonomy":"category","embeddable":true,"href":"https:\/\/redsemlac.com\/semmexico\/wp-json\/wp\/v2\/categories?post=98878"},{"taxonomy":"post_tag","embeddable":true,"href":"https:\/\/redsemlac.com\/semmexico\/wp-json\/wp\/v2\/tags?post=98878"}],"curies":[{"name":"wp","href":"https:\/\/api.w.org\/{rel}","templated":true}]}}