{"id":98869,"date":"2025-09-22T14:38:00","date_gmt":"2025-09-22T20:38:00","guid":{"rendered":"https:\/\/redsemlac.com\/semmexico\/?p=98869"},"modified":"2025-09-22T14:38:01","modified_gmt":"2025-09-22T20:38:01","slug":"emprender-y-maternar-mujeres-cubanas-comparten-retos-y-aprendizajes","status":"publish","type":"post","link":"https:\/\/redsemlac.com\/semmexico\/emprender-y-maternar-mujeres-cubanas-comparten-retos-y-aprendizajes\/","title":{"rendered":"Emprender y maternar: mujeres cubanas comparten retos y aprendizajes"},"content":{"rendered":"\n<ul class=\"wp-block-list\">\n<li>Emprender siendo mam\u00e1 presenta su sexta edici\u00f3n<\/li>\n\n\n\n<li>El taller ha sido punto de encuentro para compartir experiencias sobre los equilibrios y tensiones<\/li>\n<\/ul>\n\n\n\n<p class=\"wp-block-paragraph\">Lisandra Fari\u00f1as<br>SemM\u00e9xico\/SEMlac, La Habana, 22 de septiembre, 2025.- Historias de vida, culpas compartidas, aprendizajes y orgullo materno se entrelazaron en la sexta edici\u00f3n de&nbsp;<a href=\"https:\/\/www.redsemlac-cuba.net\/redsemlac\/economia\/emprender-siendo-mama-vencer-desafios\" target=\"_blank\" rel=\"noreferrer noopener\"><em>Emprender siendo mam\u00e1<\/em><\/a>, un espacio de reflexi\u00f3n que reuni\u00f3 el pasado 19 de septiembre a mujeres cubanas que han hecho del emprendimiento y la maternidad un camino paralelo y desafiante.<\/p>\n\n\n\n<p class=\"wp-block-paragraph\"><br>La cita, organizada por primera vez de manera conjunta por los proyectos<em>&nbsp;Los colores de Isa<\/em>&nbsp;y&nbsp;<em>To&#8217;Pensao<\/em>, con el apoyo de la Red Cubana de Mujeres Emprendedoras y la Asociaci\u00f3n Hermanos Sa\u00edz, tuvo como sede el Sal\u00f3n de Mayo del Pabell\u00f3n Cuba, en la capital.<\/p>\n\n\n\n<p class=\"wp-block-paragraph\"><br>Durante las cinco ediciones anteriores, el taller ha sido punto de encuentro para compartir experiencias sobre los equilibrios y tensiones entre los negocios y la crianza.<\/p>\n\n\n\n<p class=\"wp-block-paragraph\"><br>En esta ocasi\u00f3n, las participantes regresaron para cerrar un ciclo y abrir nuevos debates en torno a culpas, tiempos, divorcios, redes de apoyo, finanzas, sororidad, autocuidado y la siempre compleja relaci\u00f3n entre los sue\u00f1os profesionales y las demandas de la maternidad, explic\u00f3 Zailin P\u00e9rez Zald\u00edvar, fundadora de&nbsp;<a href=\"https:\/\/www.redsemlac-cuba.net\/redsemlac\/economia\/los-colores-de-isa-educar-para-la-vida-desde-el-juego\" target=\"_blank\" rel=\"noreferrer noopener\"><em>Los colores de Isa<\/em><\/a>, una iniciativa centrada en el bienestar y disfrute de infantes, adolescentes y adultos.<\/p>\n\n\n\n<p class=\"wp-block-paragraph\"><br>\u00abQuer\u00edamos reunir a las lideresas que han acompa\u00f1ado el proyecto en otras ediciones para escucharlas, celebrar los aprendizajes y pensar en los pr\u00f3ximos pasos\u00bb, dijo a SEMlac P\u00e9rez Zald\u00edvar, quien destac\u00f3 el servicio de cuidado infantil simult\u00e1neo al evento, a cargo de su equipo, que permite a las madres asistir acompa\u00f1adas de sus hijos e hijas.<\/p>\n\n\n\n<p class=\"wp-block-paragraph\"><br><strong>Voces que inspiran<\/strong><\/p>\n\n\n\n<p class=\"wp-block-paragraph\"><br>La jornada estuvo marcada por testimonios \u00edntimos y reveladores. Madelaine Rodr\u00edguez, fundadora de&nbsp;<em>Decoluz<\/em>, proyecto dedicado a crear l\u00e1mparas artesanales con tuber\u00edas de PVC en 2019 y codirectora de&nbsp;<em>To&#8217;Pensao<\/em>, una iniciativa de coordinaci\u00f3n y organizaci\u00f3n de eventos, habl\u00f3 de los momentos de culpa por no dedicar m\u00e1s tiempo a su hijo y de la alegr\u00eda de verlo crecer comprendiendo el esfuerzo de su madre.<\/p>\n\n\n\n<p class=\"wp-block-paragraph\"><br>\u00abCuando Alan me dice &#8216;mam\u00e1, juega conmigo&#8217; y yo no puedo, me duele; pero tambi\u00e9n me conmueve cuando, con solo siete a\u00f1os, entiende que mam\u00e1 est\u00e1 trabajando por un sue\u00f1o\u00bb, confes\u00f3.<\/p>\n\n\n\n<p class=\"wp-block-paragraph\"><br>Lisette Abadie, de&nbsp;<em>Pequeespacio<\/em>, iniciativa centrada en la estimulaci\u00f3n del desarrollo integral de infantes entre los tres y seis a\u00f1os, con recursos del arte y la psicolog\u00eda, destac\u00f3 c\u00f3mo la experiencia de maternar le ense\u00f1\u00f3 a respetar la infancia y a dise\u00f1ar proyectos centrados en la empat\u00eda hacia las ni\u00f1as y los ni\u00f1os.<br>\u00abSer madre me ha dado la sensibilidad para entender que cada ni\u00f1o tiene mucho que ense\u00f1ar, que merece ser escuchado y respetado\u00bb, afirm\u00f3.<\/p>\n\n\n\n<p class=\"wp-block-paragraph\"><br><a href=\"https:\/\/www.redsemlac-cuba.net\/redsemlac\/sociedad-y-cultura\/cubanas-sara-ida-hernandez-si-eres-capaz-de-emprender-eres-capaz-de-inspirar-video\" target=\"_blank\" rel=\"noreferrer noopener\">Sara Ida Hern\u00e1ndez, creadora de&nbsp;<em>Yo puedo emprender<\/em><\/a>, dedicado a compartir conocimientos sobre el proceso de dise\u00f1o y puesta en pr\u00e1ctica de un negocio, y de la mentor\u00eda de negocios&nbsp;<em>DoyDas<\/em>, comparti\u00f3 que su hijo la ha impulsado a construir desde cero, ense\u00f1\u00e1ndole resiliencia y el valor de la transparencia.<\/p>\n\n\n\n<p class=\"wp-block-paragraph\"><br>\u00ab\u00c9l es mi h\u00e9roe, mi compa\u00f1ero de camino. Me recuerda que siempre hay que probar para saber, incluso cuando el miedo dice lo contrario\u00bb, dijo Hern\u00e1ndez.<br>Para Maricel Povert, fundadora del&nbsp;<em>Centro Hol\u00edstico<\/em>&nbsp;y de&nbsp;<em>Bienestar D&#8217;Marie<\/em>, en cualquiera de los caminos que se escoja, ya sea el de impulsar un negocio o ejercer la maternidad, es importante reflexionar sobre las lecciones de vida que deja el fracaso: \u00abSiempre le digo a mi hija que por amor nada se hace mal. Aunque la vida no salga como esperas, lo importante es hacerlo todo desde el coraz\u00f3n\u00bb.<\/p>\n\n\n\n<p class=\"wp-block-paragraph\"><br>Una premisa que comparte&nbsp;<a href=\"https:\/\/www.redsemlac-cuba.net\/redsemlac\/sociedad-y-cultura\/cubanas-yadira-rachel-vargas-la-libertad-empieza-en-las-infancias-video\" target=\"_blank\" rel=\"noreferrer noopener\">Yadira Rachel Vargas Horta<\/a>, de&nbsp;<em>Rizo Libre<\/em>, un proyecto que defiende la afroest\u00e9tica, impulsa apoyo a la comunidad \u00abafro rizada\u00bb y promueve el di\u00e1logo, la capacitaci\u00f3n y espacios de socializaci\u00f3n para abordar temas relacionados con la cultura, la identidad, la est\u00e9tica afrodescendiente, el racismo y la discriminaci\u00f3n.<\/p>\n\n\n\n<p class=\"wp-block-paragraph\"><br>La joven relat\u00f3 su decisi\u00f3n de romper con el ideal de \u00abmadre perfecta\u00bb para encontrar un modelo propio que la hiciera feliz. \u00abCon mi segunda hija entend\u00ed que no ten\u00eda que seguir el patr\u00f3n de mi madre. Renunci\u00e9 a la idea de que todo deb\u00eda ser impecable y descubr\u00ed que la maternidad tambi\u00e9n es libertad\u00bb, apunt\u00f3.<\/p>\n\n\n\n<p class=\"wp-block-paragraph\"><br>La activista Marbelis Gonz\u00e1lez, de&nbsp;<a href=\"https:\/\/www.redsemlac-cuba.net\/redsemlac\/sociedad-y-cultura\/copas-menstruales-para-romper-tabues-y-empoderar-cuerpos\" target=\"_blank\" rel=\"noreferrer noopener\"><em>La Mina\/Tercer Para\u00edso<\/em><\/a>, un proyecto de desarrollo local (PDL) cuya principal intenci\u00f3n es abordar la gesti\u00f3n de residuos s\u00f3lidos, principalmente pl\u00e1sticos, habl\u00f3 del desaf\u00edo de los hijos que han emigrado y viven lejos y del amor que trasciende la distancia.<\/p>\n\n\n\n<p class=\"wp-block-paragraph\"><br>\u00abSoy la madre de las ausencias, pero tambi\u00e9n de las conexiones invisibles. A veces cierro los ojos y los abrazo desde universos paralelos\u00bb, comparti\u00f3 con emoci\u00f3n.<\/p>\n\n\n\n<p class=\"wp-block-paragraph\"><br>Yainiris D\u00edaz, fundadora de&nbsp;<a href=\"https:\/\/www.redsemlac-cuba.net\/redsemlac\/economia\/sugierocuba-un-espacio-para-la-cooperacion-y-el-emprendimiento\" target=\"_blank\" rel=\"noreferrer noopener\"><em>Sugiero Cuba<\/em><\/a>, un espacio que cre\u00f3 en el a\u00f1o 2020 con el prop\u00f3sito de dar visibilidad y promoci\u00f3n a peque\u00f1os negocios y emprendimientos, habl\u00f3 de los l\u00edmites necesarios para proteger la vida familiar.<br>\u00abHe aprendido a dejar espacios, aunque sean m\u00ednimos, donde el negocio no entra.<\/p>\n\n\n\n<p class=\"wp-block-paragraph\">Cuando mi hija me dice &#8216;mam\u00e1, ahora no trabajes&#8217;, ese momento es intocable\u00bb, dijo D\u00edaz.<\/p>\n\n\n\n<p class=\"wp-block-paragraph\"><br>Para Lora Cepero, de&nbsp;<em>Miamar Estudio<\/em>, es un desaf\u00edo constante encontrar formas creativas de estar presente: \u00abAunque mi agenda est\u00e9 llena, ellos saben lo que hago y por qu\u00e9. Un simple detalle, como hacer una carpeta escolar con mis propias manos, es mi manera de decirles: aqu\u00ed estoy\u00bb, destac\u00f3 Cepero, quien gestiona un estudio de fotograf\u00eda.<\/p>\n\n\n\n<p class=\"wp-block-paragraph\"><br>Claudia Bernal, fundadora y directora de&nbsp;<em>To&#8217;Pensao<\/em>, record\u00f3 muchas ocasiones en que debi\u00f3 ausentarse de ferias y eventos para priorizar a sus hijos. \u00abA veces tuve que decir no a oportunidades de negocio para quedarme en casa, y en otras ocasiones mi familia asumi\u00f3 mi lugar para que yo pudiera avanzar. Es un equilibrio que se aprende cada d\u00eda\u00bb, relat\u00f3.<\/p>\n\n\n\n<p class=\"wp-block-paragraph\"><br>El encuentro fue tambi\u00e9n una ocasi\u00f3n para la presentaci\u00f3n de la nueva etapa de&nbsp;<em>To&#8217;Pensao<\/em>, un emprendimiento que naci\u00f3 en 2019 como estudio creativo y hoy se relanza, fusionado con&nbsp;<em>Decoluz<\/em>, para organizar eventos y proveer mobiliario a otros negocios.<\/p>\n\n\n\n<p class=\"wp-block-paragraph\"><br>\u00abQueremos que este sea el primero de muchos espacios donde acompa\u00f1emos a emprendedoras y emprendedores a mostrar su trabajo. Nos mueve la pasi\u00f3n por los detalles y por crear ambientes que cuenten historias\u00bb, afirm\u00f3 Bernal, adelantando que el equipo seguir\u00e1 apostando por encuentros que fortalezcan la comunidad creativa de la naci\u00f3n caribe\u00f1a.<\/p>\n\n\n\n<p class=\"wp-block-paragraph\"><br>La cita celebr\u00f3 tambi\u00e9n los cinco a\u00f1os del proyecto&nbsp;<em>Yo puedo emprender<\/em>, que ha formado a m\u00e1s de 400 personas en herramientas para iniciar y consolidar negocios, incluso en contextos adversos. \u00abEl emprendimiento es tambi\u00e9n una escuela de vida; ense\u00f1ar a otras mujeres a volar ha sido mi mayor recompensa\u00bb, dijo Sara Ida Hern\u00e1ndez.<\/p>\n\n\n\n<p class=\"wp-block-paragraph\"><br>En opini\u00f3n de P\u00e9rez Zald\u00edvar&nbsp;<em>Emprender siendo mam\u00e1<\/em>&nbsp;apuesta por ser un lugar imprescindible para compartir estrategias, apoyarse en redes y demostrar que la maternidad y los negocios pueden crecer juntos, con amor, paciencia y creatividad.<\/p>\n\n\n\n<p class=\"wp-block-paragraph\"><\/p>\n","protected":false},"excerpt":{"rendered":"<p>Lisandra Fari\u00f1asSemM\u00e9xico\/SEMlac, La Habana, 22 de septiembre, 2025.- Historias de vida, culpas compartidas, aprendizajes y orgullo materno se entrelazaron en la sexta edici\u00f3n de&nbsp;Emprender siendo mam\u00e1, un espacio de reflexi\u00f3n que reuni\u00f3 el pasado 19 de septiembre a mujeres cubanas que han hecho del emprendimiento y la maternidad un camino paralelo y desafiante. La cita, [&hellip;]<\/p>\n","protected":false},"author":3,"featured_media":98870,"comment_status":"open","ping_status":"open","sticky":false,"template":"","format":"standard","meta":{"_monsterinsights_skip_tracking":false,"footnotes":""},"categories":[748],"tags":[],"class_list":["post-98869","post","type-post","status-publish","format-standard","has-post-thumbnail","category-cultura-feminista"],"_links":{"self":[{"href":"https:\/\/redsemlac.com\/semmexico\/wp-json\/wp\/v2\/posts\/98869","targetHints":{"allow":["GET"]}}],"collection":[{"href":"https:\/\/redsemlac.com\/semmexico\/wp-json\/wp\/v2\/posts"}],"about":[{"href":"https:\/\/redsemlac.com\/semmexico\/wp-json\/wp\/v2\/types\/post"}],"author":[{"embeddable":true,"href":"https:\/\/redsemlac.com\/semmexico\/wp-json\/wp\/v2\/users\/3"}],"replies":[{"embeddable":true,"href":"https:\/\/redsemlac.com\/semmexico\/wp-json\/wp\/v2\/comments?post=98869"}],"version-history":[{"count":0,"href":"https:\/\/redsemlac.com\/semmexico\/wp-json\/wp\/v2\/posts\/98869\/revisions"}],"wp:featuredmedia":[{"embeddable":true,"href":"https:\/\/redsemlac.com\/semmexico\/wp-json\/wp\/v2\/media\/98870"}],"wp:attachment":[{"href":"https:\/\/redsemlac.com\/semmexico\/wp-json\/wp\/v2\/media?parent=98869"}],"wp:term":[{"taxonomy":"category","embeddable":true,"href":"https:\/\/redsemlac.com\/semmexico\/wp-json\/wp\/v2\/categories?post=98869"},{"taxonomy":"post_tag","embeddable":true,"href":"https:\/\/redsemlac.com\/semmexico\/wp-json\/wp\/v2\/tags?post=98869"}],"curies":[{"name":"wp","href":"https:\/\/api.w.org\/{rel}","templated":true}]}}