{"id":98865,"date":"2025-09-22T14:24:38","date_gmt":"2025-09-22T20:24:38","guid":{"rendered":"https:\/\/redsemlac.com\/semmexico\/?p=98865"},"modified":"2025-09-22T14:24:39","modified_gmt":"2025-09-22T20:24:39","slug":"los-capitales-trabajadores-del-snac-confian-en-el-nuevo-poder-judicial","status":"publish","type":"post","link":"https:\/\/redsemlac.com\/semmexico\/los-capitales-trabajadores-del-snac-confian-en-el-nuevo-poder-judicial\/","title":{"rendered":"Los Capitales| Trabajadores del SNAC conf\u00edan en el nuevo Poder judicial"},"content":{"rendered":"\n<p class=\"wp-block-paragraph\">Edgar Gonz\u00e1lez Mart\u00ednez<\/p>\n\n\n\n<p class=\"wp-block-paragraph\">SemM\u00e9xico, Ciudad de M\u00e9xico, 22 de septiembre, 2025.- Muchos de los 17 mil trabajadores pertenecientes al Sindicato Nacional Alimenticio y del Comercio (SNAC), est\u00e1n confiados en el que el nuevo Poder Judicial obligue Alejandro Mart\u00ednez Araiza, secretario general del ese gremio, a rendir cuentas a las autoridades y a los trabajadores por el patrimonio y las cuotas sindicales que, en los \u00faltimos seis a\u00f1os, alcanzan casi 900 millones de pesos, denuncian trabajadores disidentes.<\/p>\n\n\n\n<p class=\"wp-block-paragraph\">\u00abEl dirigente del SNAC no ha entregado a los comit\u00e9s sindicales los reportes cada seis meses que le obliga a cumplir el art\u00edculo 373 de la Ley Federal del Trabajo\u00bb, por ello demandan: la renuncia, la suspensi\u00f3n del registro del SNAC y que la Fiscal\u00eda General de la Rep\u00fablica, El SAT y la STPS intervengan a la brevedad.<\/p>\n\n\n\n<p class=\"wp-block-paragraph\">Los trabajadores quejosos nos aseguran que:<\/p>\n\n\n\n<p class=\"wp-block-paragraph\">1.- El 20 de marzo de 2019, Mart\u00ednez Araiza registr\u00f3 su toma de nota como secretario general del SNAC ante el Centro Federal de Conciliaci\u00f3n y Registro Laboral, pero ilegalmente y sin estar facultado; desde el 19 de febrero de 2016, empez\u00f3 a depositar dinero a la organizaci\u00f3n The Non Violence Project, que le prometi\u00f3 utilidades del 100 por ciento.<\/p>\n\n\n\n<p class=\"wp-block-paragraph\">Sin autorizaci\u00f3n de los 17 mil sindicalizados del SNAC, Mart\u00ednez Araiza invirti\u00f3 13.6 millones de pesos en ese organismo, que impulsa programas para evitar la violencia en escuelas y centros deportivos de 11 pa\u00edses, pero jam\u00e1s recibi\u00f3 los beneficios prometidos, por lo cual incurri\u00f3 en delito de fraude.<\/p>\n\n\n\n<p class=\"wp-block-paragraph\">2.- En 2019, a nombre del sindicato vendi\u00f3 el edificio de la sede sindical, ubicado la colonia Guerrero, de la Ciudad de M\u00e9xico, por 10 millones de pesos y con ese dinero, m\u00e1s 1 mill\u00f3n de pesos adicional, compr\u00f3 otra propiedad que registr\u00f3 a nombre de su padre, Marco Antonio Mart\u00ednez Armenta.<\/p>\n\n\n\n<p class=\"wp-block-paragraph\">3.- Entre 2019 y 2024, ese sindicato acumul\u00f3 pagos por 330 millones de pesos a proveedores, muchos sin evidencia de entregables o materialidad. Adem\u00e1s, se cancelaron 50 facturas por 30 millones de pesos y 10 facturas de clientes por 10.5 millones, sin que exista constancia del destino de esos fondos.<\/p>\n\n\n\n<p class=\"wp-block-paragraph\">Todos esos recursos desviados o usados sin aprobaci\u00f3n de los trabajadores del SNAC, representan un a\u00f1o patrimonial global de 395.1 millones de pesos, que demuestran la resistencia a la rendici\u00f3n de cuentas y la opacidad con que opera la dirigencia sindical, encabezada por Mart\u00ednez Araiza.<\/p>\n\n\n\n<p class=\"wp-block-paragraph\">El 15 de abril 2025, se realiz\u00f3 una elecci\u00f3n antidemocr\u00e1tica en el SNAC. Alejandro Mart\u00ednez Araiza la adelant\u00f3 siete meses y se reeligi\u00f3 por seis a\u00f1os m\u00e1s en medio de un c\u00famulo de irregularidades, como la alteraci\u00f3n del padr\u00f3n de trabajadores y la presentaci\u00f3n de una planilla \u00fanica, por lo cual el proceso debe ser anulado para realizar uno nuevo.<\/p>\n\n\n\n<p class=\"wp-block-paragraph\">Acaso estos datos \u2013 se preguntan los quejosos- no son suficientes para que el nuevo Poder Judicial asuman su papel?<\/p>\n\n\n\n<p class=\"wp-block-paragraph\"><a href=\"mailto:loscapitales@yahoo.com.mx\">loscapitales@yahoo.com.mx<\/a><\/p>\n\n\n\n<p class=\"wp-block-paragraph\">Twiter: @ Edgar4712<\/p>\n\n\n\n<p class=\"wp-block-paragraph\"><\/p>\n","protected":false},"excerpt":{"rendered":"<p>Edgar Gonz\u00e1lez Mart\u00ednez SemM\u00e9xico, Ciudad de M\u00e9xico, 22 de septiembre, 2025.- Muchos de los 17 mil trabajadores pertenecientes al Sindicato Nacional Alimenticio y del Comercio (SNAC), est\u00e1n confiados en el que el nuevo Poder Judicial obligue Alejandro Mart\u00ednez Araiza, secretario general del ese gremio, a rendir cuentas a las autoridades y a los trabajadores por [&hellip;]<\/p>\n","protected":false},"author":3,"featured_media":75979,"comment_status":"open","ping_status":"open","sticky":false,"template":"","format":"standard","meta":{"_monsterinsights_skip_tracking":false,"footnotes":""},"categories":[750,110,35],"tags":[],"class_list":["post-98865","post","type-post","status-publish","format-standard","has-post-thumbnail","category-edgar-gonzalez-martinez","category-la-opinion-columnas","category-opinion"],"_links":{"self":[{"href":"https:\/\/redsemlac.com\/semmexico\/wp-json\/wp\/v2\/posts\/98865","targetHints":{"allow":["GET"]}}],"collection":[{"href":"https:\/\/redsemlac.com\/semmexico\/wp-json\/wp\/v2\/posts"}],"about":[{"href":"https:\/\/redsemlac.com\/semmexico\/wp-json\/wp\/v2\/types\/post"}],"author":[{"embeddable":true,"href":"https:\/\/redsemlac.com\/semmexico\/wp-json\/wp\/v2\/users\/3"}],"replies":[{"embeddable":true,"href":"https:\/\/redsemlac.com\/semmexico\/wp-json\/wp\/v2\/comments?post=98865"}],"version-history":[{"count":0,"href":"https:\/\/redsemlac.com\/semmexico\/wp-json\/wp\/v2\/posts\/98865\/revisions"}],"wp:featuredmedia":[{"embeddable":true,"href":"https:\/\/redsemlac.com\/semmexico\/wp-json\/wp\/v2\/media\/75979"}],"wp:attachment":[{"href":"https:\/\/redsemlac.com\/semmexico\/wp-json\/wp\/v2\/media?parent=98865"}],"wp:term":[{"taxonomy":"category","embeddable":true,"href":"https:\/\/redsemlac.com\/semmexico\/wp-json\/wp\/v2\/categories?post=98865"},{"taxonomy":"post_tag","embeddable":true,"href":"https:\/\/redsemlac.com\/semmexico\/wp-json\/wp\/v2\/tags?post=98865"}],"curies":[{"name":"wp","href":"https:\/\/api.w.org\/{rel}","templated":true}]}}