{"id":98840,"date":"2025-09-19T19:13:29","date_gmt":"2025-09-20T01:13:29","guid":{"rendered":"https:\/\/redsemlac.com\/semmexico\/?p=98840"},"modified":"2025-09-19T19:13:30","modified_gmt":"2025-09-20T01:13:30","slug":"guarda-la-camara-de-diputados-minuto-de-silencio-por-andrea-tamara","status":"publish","type":"post","link":"https:\/\/redsemlac.com\/semmexico\/guarda-la-camara-de-diputados-minuto-de-silencio-por-andrea-tamara\/","title":{"rendered":"Guarda la C\u00e1mara de Diputados minuto de silencio por Andrea Tamara"},"content":{"rendered":"\n<ul class=\"wp-block-list\">\n<li>Fue encontrada sin vida en comandancia de Salina Cruz, Oaxaca<\/li>\n\n\n\n<li>Es el segundo caso ocurrido en los separos de la polic\u00eda municipal<\/li>\n<\/ul>\n\n\n\n<p class=\"wp-block-paragraph\">Redacci\u00f3n<\/p>\n\n\n\n<p class=\"wp-block-paragraph\">SemM\u00e9xico, Ciudad de M\u00e9xico, 19 de septiembre, 2025.- El Pleno de la C\u00e1mara de Diputados, en sesi\u00f3n presencial, guard\u00f3 un minuto de silencio en memoria de Andrea Tamara Balderas Alegr\u00eda, fallecida al interior de la comandancia municipal de Salina Cruz, Oaxaca.<\/p>\n\n\n\n<p class=\"wp-block-paragraph\">Desde su curul, la diputada Margarita Garc\u00eda Garc\u00eda (PT) pidi\u00f3 un minuto de silencio para Andrea Tamara, que fue localizada sin vida en los separos de la Comandancia Municipal de Salina Cruz, Oaxaca, el pasado 13 de septiembre.<\/p>\n\n\n\n<p class=\"wp-block-paragraph\">Relat\u00f3 que la Fiscal\u00eda General de Oaxaca abri\u00f3 una carpeta de investigaci\u00f3n y cit\u00f3 a declarar al menos a diez elementos de la polic\u00eda municipal, \u201cpero este no es el \u00fanico caso. Este es el segundo caso similar registrado en la actual administraci\u00f3n municipal: en agosto del 2022 otra mujer, de nombre Abigail Hay, falleci\u00f3 en los separos de este mismo municipio\u201d.<\/p>\n\n\n\n<p class=\"wp-block-paragraph\">Garc\u00eda Garc\u00eda afirm\u00f3 que no se puede permitir que esto siga porque tiene conocimiento de que no son los \u00fanicos casos de polic\u00edas, y hay varias organizaciones civiles que se\u00f1alan que hay otros reportes de abusos polic\u00edacos y muertes bajo custodia en Salina Cruz. \u201cLas mujeres oaxaque\u00f1as estamos preocupadas por lo que est\u00e1 sucediendo en los separos municipales. En el Partido del Trabajo condenamos este tipo de actos y no vamos a tolerar ni permitir estas p\u00e9rdidas humanas\u201d.<\/p>\n\n\n\n<p class=\"wp-block-paragraph\">El minuto fue concedido por la presidenta de la Mesa Directiva, diputada Kenia L\u00f3pez Rabad\u00e1n, quien dijo: \u201cEsta Presidencia registra su denuncia y su preocupaci\u00f3n. Yo les solicitar\u00eda respetuosamente puedan ponerse de pie para llevar a cabo el minuto de silencio\u201d.<\/p>\n\n\n\n<p class=\"wp-block-paragraph\">Posteriormente, L\u00f3pez Rabad\u00e1n se\u00f1al\u00f3 que en t\u00e9rminos de lo dispuesto por los art\u00edculos 100 y 102 del Reglamento de la C\u00e1mara de Diputados, las iniciativas y las proposiciones contenidas en el orden del d\u00eda ser\u00e1n enviadas a las comisiones que correspondan, public\u00e1ndose el turno en la Gaceta Parlamentaria.<\/p>\n\n\n\n<p class=\"wp-block-paragraph\">Levant\u00f3 la sesi\u00f3n ordinaria y pidi\u00f3 a las diputadas y diputados, permanecer en sus curules para dar inicio a la sesi\u00f3n solemne para conmemorar el D\u00eda Nacional del Charro.<\/p>\n\n\n\n<p class=\"wp-block-paragraph\">SEM\/sj<\/p>\n","protected":false},"excerpt":{"rendered":"<p>Redacci\u00f3n SemM\u00e9xico, Ciudad de M\u00e9xico, 19 de septiembre, 2025.- El Pleno de la C\u00e1mara de Diputados, en sesi\u00f3n presencial, guard\u00f3 un minuto de silencio en memoria de Andrea Tamara Balderas Alegr\u00eda, fallecida al interior de la comandancia municipal de Salina Cruz, Oaxaca. Desde su curul, la diputada Margarita Garc\u00eda Garc\u00eda (PT) pidi\u00f3 un minuto de [&hellip;]<\/p>\n","protected":false},"author":3,"featured_media":98841,"comment_status":"open","ping_status":"open","sticky":false,"template":"","format":"standard","meta":{"_monsterinsights_skip_tracking":false,"footnotes":""},"categories":[50],"tags":[],"class_list":["post-98840","post","type-post","status-publish","format-standard","has-post-thumbnail","category-congreso"],"_links":{"self":[{"href":"https:\/\/redsemlac.com\/semmexico\/wp-json\/wp\/v2\/posts\/98840","targetHints":{"allow":["GET"]}}],"collection":[{"href":"https:\/\/redsemlac.com\/semmexico\/wp-json\/wp\/v2\/posts"}],"about":[{"href":"https:\/\/redsemlac.com\/semmexico\/wp-json\/wp\/v2\/types\/post"}],"author":[{"embeddable":true,"href":"https:\/\/redsemlac.com\/semmexico\/wp-json\/wp\/v2\/users\/3"}],"replies":[{"embeddable":true,"href":"https:\/\/redsemlac.com\/semmexico\/wp-json\/wp\/v2\/comments?post=98840"}],"version-history":[{"count":0,"href":"https:\/\/redsemlac.com\/semmexico\/wp-json\/wp\/v2\/posts\/98840\/revisions"}],"wp:featuredmedia":[{"embeddable":true,"href":"https:\/\/redsemlac.com\/semmexico\/wp-json\/wp\/v2\/media\/98841"}],"wp:attachment":[{"href":"https:\/\/redsemlac.com\/semmexico\/wp-json\/wp\/v2\/media?parent=98840"}],"wp:term":[{"taxonomy":"category","embeddable":true,"href":"https:\/\/redsemlac.com\/semmexico\/wp-json\/wp\/v2\/categories?post=98840"},{"taxonomy":"post_tag","embeddable":true,"href":"https:\/\/redsemlac.com\/semmexico\/wp-json\/wp\/v2\/tags?post=98840"}],"curies":[{"name":"wp","href":"https:\/\/api.w.org\/{rel}","templated":true}]}}