{"id":98834,"date":"2025-09-19T19:09:57","date_gmt":"2025-09-20T01:09:57","guid":{"rendered":"https:\/\/redsemlac.com\/semmexico\/?p=98834"},"modified":"2025-09-19T19:12:01","modified_gmt":"2025-09-20T01:12:01","slug":"hilo-1985-el-dia-que-desaparecio-la-capital-de-mexico","status":"publish","type":"post","link":"https:\/\/redsemlac.com\/semmexico\/hilo-1985-el-dia-que-desaparecio-la-capital-de-mexico\/","title":{"rendered":"Hilo| 1985: El d\u00eda que desapareci\u00f3 la capital de M\u00e9xico"},"content":{"rendered":"\n<p class=\"wp-block-paragraph\">Gerardo Arreola<\/p>\n\n\n\n<p class=\"wp-block-paragraph\">SemM\u00e9xico, Cuidad de M\u00e9xico, 19 de septiembre, 2025.- Durante algunas horas de la ma\u00f1ana del 19 de septiembre de 1985, el mundo crey\u00f3 que hab\u00eda desaparecido la capital de M\u00e9xico.<\/p>\n\n\n\n<p class=\"wp-block-paragraph\">El terremoto destruy\u00f3 la infraestructura de comunicaciones de la ciudad, con impacto en gran parte del pa\u00eds.<\/p>\n\n\n\n<p class=\"wp-block-paragraph\">Toda la telefon\u00eda qued\u00f3 suspendida de inmediato en la zona metropolitana, igual que la telegraf\u00eda y el servicio de microondas. En los estados vecinos quedaron inactivos la larga distancia.<\/p>\n\n\n\n<p class=\"wp-block-paragraph\">Ni las embajadas, ni los organismos internacionales ni los corresponsales de medios extranjeros pod\u00edan reportar a sus respectivas sedes lo que realmente estaba pasando.<\/p>\n\n\n\n<p class=\"wp-block-paragraph\">El sismo tambi\u00e9n provoc\u00f3 destrucciones en estados de la costa del Pac\u00edfico y da\u00f1\u00f3 severamente carreteras, v\u00edas f\u00e9rreas, puertos y aeropuertos de la zona afectados. Hubo derrumbes en la sede principal de la Secretar\u00eda de Comunicaciones y Transportes.<\/p>\n\n\n\n<p class=\"wp-block-paragraph\">El sat\u00e9lite mexicano Morelos I, que apenas hab\u00eda sido puesto en \u00f3rbita en junio del mismo a\u00f1o, permiti\u00f3 mantener al aire la televisi\u00f3n estatal.<\/p>\n\n\n\n<p class=\"wp-block-paragraph\">Las oficinas de varias agencias internacionales de prensa estaban en una zona del centro de la ciudad fuertemente da\u00f1ada, en el Paseo de la Reforma y sus cercan\u00edas. Los destrozos en los edificios tambi\u00e9n eran un obst\u00e1culo para el trabajo.<\/p>\n\n\n\n<p class=\"wp-block-paragraph\">Para decenas de reporteros de medios extranjeros no quedaba m\u00e1s remedio que buscar alguna posibilidad de transmisi\u00f3n en el Club de Corresponsales, un lugar accesible, cerca de Reforma.<\/p>\n\n\n\n<p class=\"wp-block-paragraph\">El local era una vieja casa de tres pisos, bien acondicionada, con tel\u00e9fonos y una sala de t\u00e9lex, lo que entonces eran las ventanas al mundo.<\/p>\n\n\n\n<p class=\"wp-block-paragraph\">El t\u00e9lex era un sistema de comunicaciones de punto a punto a trav\u00e9s de se\u00f1ales binarias similares al tel\u00e9grafo. Cada usuario ten\u00eda una terminal con un teclado. El texto que se transmit\u00eda aparec\u00eda de inmediato en un rollo de papel que avanzaba y se pod\u00eda leer en una pantalla luminosa.<\/p>\n\n\n\n<p class=\"wp-block-paragraph\">Pero aquella ma\u00f1ana tambi\u00e9n en el Club de Corresponsales los tel\u00e9fonos y las m\u00e1quinas de t\u00e9lex estaban inservibles. Era una crisis encima de la otra: la infinita y devastadora realidad que hab\u00eda que reportar y la nula posibilidad de hacerlo.<\/p>\n\n\n\n<p class=\"wp-block-paragraph\">Ser\u00edan pasadas las 10 de la ma\u00f1ana cuando el tumulto de corresponsales de pronto se concentr\u00f3 en un rinc\u00f3n, en el que parec\u00eda funcionar uno solo de los t\u00e9lex.<\/p>\n\n\n\n<p class=\"wp-block-paragraph\">Sobre los gritos y empujones se impuso la voz de un veterano colega yugoslavo que dijo lo \u00fanico sensato en ese momento: hacer una fila, que cada quien haga tres intentos. Y si al tercer intento no entra la conexi\u00f3n, pasa el siguiente. Sin tiempo ni \u00e1nimos para discutir variantes, todos acataron y se iniciaron los ensayos.<\/p>\n\n\n\n<p class=\"wp-block-paragraph\">Al fin funcion\u00f3 una conexi\u00f3n. El afortunado corresponsal que logr\u00f3 un enlace a La Habana tuvo que improvisar su despacho ah\u00ed mismo, tratando de recordar, para escribir con cierta coherencia, todo lo que hab\u00eda visto en un recorrido a pie por las calles destruidas de la ciudad.<\/p>\n\n\n\n<p class=\"wp-block-paragraph\">Como si fuera una obra coral, los colegas se asomaban al texto y le gritaban, casi le ordenaban al corresponsal, que pusiera lo que le falltaba: que si no hay cifras, que el da\u00f1o es incalculable, que no hay una versi\u00f3n oficial, que el derrumbe del hotel Regis, que se cay\u00f3 las comunicaciones\u2026<\/p>\n\n\n\n<p class=\"wp-block-paragraph\">Poco a poco hubo otros intentos y, por fin, el mundo pudo enterarse a trazos horribles de lo que pasaba en M\u00e9xico, Distrito Federal, en uno de los desastres naturales que m\u00e1s hondo han calado en la historia reciente del pa\u00eds.<\/p>\n\n\n\n<p class=\"wp-block-paragraph\">A falta de opciones para transmitir desde alguna ciudad cercana, la agencia Associated Press y la cadena televisiva CBS pudieron alquilar un vuelo privado a Texas y desde ah\u00ed enviar al exterior, con m\u00e1s holgura, relatos m\u00e1s amplios de aquel terrible amanecer.<\/p>\n\n\n\n<p class=\"wp-block-paragraph\">Pero en todas las horas previas, desde que cesaron las comunicaciones, apenas ocurri\u00f3 el sismo a las 7:19, en el mundo circul\u00f3 la versi\u00f3n de que la antigua Tenochtitl\u00e1n hab\u00eda desaparecido.<\/p>\n\n\n\n<p class=\"wp-block-paragraph\">Al d\u00eda siguiente, 20 de septiembre de 1985, la comunicaci\u00f3n mejoraba. Funcionaba un tel\u00e9fono a larga distancia en el Club de Corresponsales y eventualmente alguna de las terminales de t\u00e9lex.<\/p>\n\n\n\n<p class=\"wp-block-paragraph\">Por la tarde acudi\u00f3 al Club el subsecretario de Gobernaci\u00f3n, Fernando P\u00e9rez Correa, para ofrecer la parte oficial hasta ese momento: los datos, las cifras, la ayuda exterior, los aeropuertos, el mensaje del gobierno\u2026<\/p>\n\n\n\n<p class=\"wp-block-paragraph\">Pasaban las 7 de la noche y P\u00e9rez Correa contestaba preguntas, cuando la escalera de madera de la vieja casa de la calle P\u00e1nuco empez\u00f3 a crujir y las l\u00e1mparas y el piso se mov\u00edan. Vino un apag\u00f3n y los autos de un estacionamiento vecino se estrellaban entre s\u00ed.<\/p>\n\n\n\n<p class=\"wp-block-paragraph\">Un segundo sismo hizo que la sala de conferencias, repleta de corresponsales, de pronto quedara vac\u00eda. Todo el mundo sali\u00f3 en tropel a la calle, a la oscuridad y a la desaz\u00f3n.<\/p>\n\n\n\n<p class=\"wp-block-paragraph\">Minutos m\u00e1s tarde, muchos hac\u00edan de nueva la fila ante el \u00fanico tel\u00e9fono del Club que todav\u00eda funcionaba\u2026<\/p>\n\n\n\n<p class=\"wp-block-paragraph\">X: @GerardoArreola<\/p>\n\n\n\n<p class=\"wp-block-paragraph\">Hilos: garreola89<\/p>\n\n\n\n<p class=\"wp-block-paragraph\"><\/p>\n","protected":false},"excerpt":{"rendered":"<p>Gerardo Arreola SemM\u00e9xico, Cuidad de M\u00e9xico, 19 de septiembre, 2025.- Durante algunas horas de la ma\u00f1ana del 19 de septiembre de 1985, el mundo crey\u00f3 que hab\u00eda desaparecido la capital de M\u00e9xico. El terremoto destruy\u00f3 la infraestructura de comunicaciones de la ciudad, con impacto en gran parte del pa\u00eds. Toda la telefon\u00eda qued\u00f3 suspendida de [&hellip;]<\/p>\n","protected":false},"author":3,"featured_media":98839,"comment_status":"open","ping_status":"open","sticky":false,"template":"","format":"standard","meta":{"_monsterinsights_skip_tracking":false,"footnotes":""},"categories":[694],"tags":[],"class_list":["post-98834","post","type-post","status-publish","format-standard","has-post-thumbnail","category-destacadas"],"_links":{"self":[{"href":"https:\/\/redsemlac.com\/semmexico\/wp-json\/wp\/v2\/posts\/98834","targetHints":{"allow":["GET"]}}],"collection":[{"href":"https:\/\/redsemlac.com\/semmexico\/wp-json\/wp\/v2\/posts"}],"about":[{"href":"https:\/\/redsemlac.com\/semmexico\/wp-json\/wp\/v2\/types\/post"}],"author":[{"embeddable":true,"href":"https:\/\/redsemlac.com\/semmexico\/wp-json\/wp\/v2\/users\/3"}],"replies":[{"embeddable":true,"href":"https:\/\/redsemlac.com\/semmexico\/wp-json\/wp\/v2\/comments?post=98834"}],"version-history":[{"count":0,"href":"https:\/\/redsemlac.com\/semmexico\/wp-json\/wp\/v2\/posts\/98834\/revisions"}],"wp:featuredmedia":[{"embeddable":true,"href":"https:\/\/redsemlac.com\/semmexico\/wp-json\/wp\/v2\/media\/98839"}],"wp:attachment":[{"href":"https:\/\/redsemlac.com\/semmexico\/wp-json\/wp\/v2\/media?parent=98834"}],"wp:term":[{"taxonomy":"category","embeddable":true,"href":"https:\/\/redsemlac.com\/semmexico\/wp-json\/wp\/v2\/categories?post=98834"},{"taxonomy":"post_tag","embeddable":true,"href":"https:\/\/redsemlac.com\/semmexico\/wp-json\/wp\/v2\/tags?post=98834"}],"curies":[{"name":"wp","href":"https:\/\/api.w.org\/{rel}","templated":true}]}}