{"id":98830,"date":"2025-09-19T19:07:12","date_gmt":"2025-09-20T01:07:12","guid":{"rendered":"https:\/\/redsemlac.com\/semmexico\/?p=98830"},"modified":"2025-09-19T19:07:13","modified_gmt":"2025-09-20T01:07:13","slug":"inicia-en-tlaxcala-campana-nacional-de-vacunacion-contra-el-vph","status":"publish","type":"post","link":"https:\/\/redsemlac.com\/semmexico\/inicia-en-tlaxcala-campana-nacional-de-vacunacion-contra-el-vph\/","title":{"rendered":"Inicia en Tlaxcala campa\u00f1a nacional de vacunaci\u00f3n contra el VPH"},"content":{"rendered":"\n<p class=\"wp-block-paragraph\">\u25cf&nbsp;&nbsp;&nbsp;&nbsp;&nbsp;&nbsp;&nbsp;&nbsp;El objetivo es&nbsp;inmunizar a m\u00e1s de 2.5 millones de ni\u00f1as y ni\u00f1os en todo M\u00e9xico<\/p>\n\n\n\n<p class=\"wp-block-paragraph\">\u25cf&nbsp;&nbsp;&nbsp;&nbsp;&nbsp;&nbsp;&nbsp;&nbsp;Por primera vez, los ni\u00f1os tambi\u00e9n recibir\u00e1n la vacuna<\/p>\n\n\n\n<p class=\"wp-block-paragraph\">Redacci\u00f3n<\/p>\n\n\n\n<p class=\"wp-block-paragraph\">SemM\u00e9xico, Tlaxcala, 19 de septiembre, 2025.&nbsp;\u2013 El Gobierno de M\u00e9xico, a trav\u00e9s de la Secretar\u00eda de Salud, inici\u00f3 en Tlaxcala a la&nbsp;Campa\u00f1a Nacional de Vacunaci\u00f3n contra el Virus del Papiloma Humano (VPH) 2025, que busca proteger la salud de m\u00e1s de 2.5 millones ni\u00f1as, ni\u00f1os y adolescentes de todo el pa\u00eds, para colocar a la prevenci\u00f3n como pilar central de la pol\u00edtica sanitaria.<\/p>\n\n\n\n<p class=\"wp-block-paragraph\">El secretario de Salud, David Kershenobich&nbsp;resalt\u00f3&nbsp;que la vacunaci\u00f3n contra el VPH, anteriormente dirigida solo a ni\u00f1as de quinto a\u00f1o de primaria, se ampl\u00eda ahora tambi\u00e9n a los ni\u00f1os, luego de alcanzar una cobertura del 95&nbsp;por ciento&nbsp;en la poblaci\u00f3n femenina.<\/p>\n\n\n\n<p class=\"wp-block-paragraph\">\u201cEs una medida de equidad, porque esta vacuna protege no solo contra el c\u00e1ncer c\u00e9rvico-uterino, sino tambi\u00e9n contra otros tipos de c\u00e1ncer. Se trata de una acci\u00f3n hist\u00f3rica, porque pocas enfermedades cancerosas pueden prevenirse con la aplicaci\u00f3n de una vacuna\u201d, a\u00f1adi\u00f3.<\/p>\n\n\n\n<p class=\"wp-block-paragraph\">Explic\u00f3 que esta campa\u00f1a constituye un paso hist\u00f3rico en la salud p\u00fablica del pa\u00eds, recordando que la prevenci\u00f3n es la mejor herramienta para garantizar el bienestar, y evoc\u00f3 el episodio hist\u00f3rico de la expedici\u00f3n de 1803-1806 contra la viruela, donde ni\u00f1os mexicanos fueron protagonistas de la primera gran campa\u00f1a internacional de vacunaci\u00f3n.<\/p>\n\n\n\n<p class=\"wp-block-paragraph\">\u201cHoy, como en aquel entonces, los ni\u00f1os son protagonistas de la historia. Con esta campa\u00f1a estamos sembrando salud para las futuras generaciones, convencidos de que cada dosis aplicada es una oportunidad para prevenir el c\u00e1ncer y construir un futuro m\u00e1s saludable\u201d, afirm\u00f3.<\/p>\n\n\n\n<p class=\"wp-block-paragraph\">El secretario de Salud destac\u00f3 que la meta es lograr que el 95 por ciento de la poblaci\u00f3n mexicana cuente con esquemas completos contra enfermedades prevenibles, como el sarampi\u00f3n, y anunci\u00f3 jornadas masivas de vacunaci\u00f3n, entre ellas la que se realiza el 17, 18 y 19 de septiembre&nbsp;en&nbsp;el&nbsp;Estadio&nbsp;Ol\u00edmpico Universitario, para facilitar el acceso a la poblaci\u00f3n.<\/p>\n\n\n\n<p class=\"wp-block-paragraph\">Por su parte la gobernadora de Tlaxcala, Lorena Cu\u00e9llar Cisneros, celebr\u00f3 que su estado sea el punto de partida de esta campa\u00f1a que beneficiar\u00e1 a millones de mexicanos.<\/p>\n\n\n\n<p class=\"wp-block-paragraph\">SEM\/sj<\/p>\n\n\n\n<p class=\"wp-block-paragraph\">\u201cHoy nuestras ni\u00f1as y ni\u00f1os son los primeros en todo el pa\u00eds en recibir esta vacuna. As\u00ed como en 1803 M\u00e9xico particip\u00f3 en la lucha contra la viruela, Tlaxcala escribe una nueva historia de prevenci\u00f3n y cuidado\u201d, expres\u00f3.<\/p>\n\n\n\n<p class=\"wp-block-paragraph\">Reconoci\u00f3 el compromiso del Gobierno&nbsp;de M\u00e9xico&nbsp;y de la&nbsp;Presidenta Claudia Sheinbaum Pardo, \u201cuna madre y abuela que piensa en la salud de todas las ni\u00f1as y ni\u00f1os del pa\u00eds\u201d, y se\u00f1al\u00f3 que Tlaxcala ser\u00e1 ejemplo nacional al lograr la cobertura total de vacunaci\u00f3n infantil y adolescente.<\/p>\n\n\n\n<p class=\"wp-block-paragraph\">\u201cEsta vacuna salvar\u00e1 vidas y refleja el amor y la responsabilidad hacia nuestra ni\u00f1ez\u201d, afirm\u00f3.<\/p>\n\n\n\n<p class=\"wp-block-paragraph\">Con esta&nbsp;Campa\u00f1a Nacional contra el Virus del Papiloma Humano, M\u00e9xico reafirma su compromiso con la prevenci\u00f3n, la equidad y la protecci\u00f3n de la salud de la ni\u00f1ez y la adolescencia, garantizando un futuro m\u00e1s justo, m\u00e1s humano y m\u00e1s saludable para todas y todos.<\/p>\n\n\n\n<p class=\"wp-block-paragraph\">En el evento participaron el subsecretario de Pol\u00edticas de Salud y Bienestar Poblacional de la Secretar\u00eda, Ramiro L\u00f3pez Elizalde; el director del IMSS&nbsp;Bienestar, Alejandro Svarch P\u00e9rez; la titular del Centro Nacional para la Salud de la Infancia y la Adolescencia, Samantha Gaertner Barnad, y el secretario de Salud de Tlaxcala, Rigoberto Zamudio Meneses.<\/p>\n\n\n\n<figure class=\"wp-block-image size-large\"><a href=\"https:\/\/redsemlac.com\/semmexico\/wp-content\/uploads\/2025\/09\/WhatsApp-Image-2025-09-18-at-1.31.47-PM.jpeg\"><img loading=\"lazy\" decoding=\"async\" width=\"1024\" height=\"753\" src=\"https:\/\/redsemlac.com\/semmexico\/wp-content\/uploads\/2025\/09\/WhatsApp-Image-2025-09-18-at-1.31.47-PM-1024x753.jpeg\" alt=\"\" class=\"wp-image-98831\" srcset=\"https:\/\/redsemlac.com\/semmexico\/wp-content\/uploads\/2025\/09\/WhatsApp-Image-2025-09-18-at-1.31.47-PM-1024x753.jpeg 1024w, https:\/\/redsemlac.com\/semmexico\/wp-content\/uploads\/2025\/09\/WhatsApp-Image-2025-09-18-at-1.31.47-PM-300x221.jpeg 300w, https:\/\/redsemlac.com\/semmexico\/wp-content\/uploads\/2025\/09\/WhatsApp-Image-2025-09-18-at-1.31.47-PM-768x564.jpeg 768w, https:\/\/redsemlac.com\/semmexico\/wp-content\/uploads\/2025\/09\/WhatsApp-Image-2025-09-18-at-1.31.47-PM-1536x1129.jpeg 1536w, https:\/\/redsemlac.com\/semmexico\/wp-content\/uploads\/2025\/09\/WhatsApp-Image-2025-09-18-at-1.31.47-PM-150x110.jpeg 150w, https:\/\/redsemlac.com\/semmexico\/wp-content\/uploads\/2025\/09\/WhatsApp-Image-2025-09-18-at-1.31.47-PM-696x512.jpeg 696w, https:\/\/redsemlac.com\/semmexico\/wp-content\/uploads\/2025\/09\/WhatsApp-Image-2025-09-18-at-1.31.47-PM-1068x785.jpeg 1068w, https:\/\/redsemlac.com\/semmexico\/wp-content\/uploads\/2025\/09\/WhatsApp-Image-2025-09-18-at-1.31.47-PM.jpeg 1600w\" sizes=\"auto, (max-width: 1024px) 100vw, 1024px\" \/><\/a><\/figure>\n","protected":false},"excerpt":{"rendered":"<p>\u25cf&nbsp;&nbsp;&nbsp;&nbsp;&nbsp;&nbsp;&nbsp;&nbsp;El objetivo es&nbsp;inmunizar a m\u00e1s de 2.5 millones de ni\u00f1as y ni\u00f1os en todo M\u00e9xico \u25cf&nbsp;&nbsp;&nbsp;&nbsp;&nbsp;&nbsp;&nbsp;&nbsp;Por primera vez, los ni\u00f1os tambi\u00e9n recibir\u00e1n la vacuna Redacci\u00f3n SemM\u00e9xico, Tlaxcala, 19 de septiembre, 2025.&nbsp;\u2013 El Gobierno de M\u00e9xico, a trav\u00e9s de la Secretar\u00eda de Salud, inici\u00f3 en Tlaxcala a la&nbsp;Campa\u00f1a Nacional de Vacunaci\u00f3n contra el Virus del Papiloma [&hellip;]<\/p>\n","protected":false},"author":3,"featured_media":98832,"comment_status":"open","ping_status":"open","sticky":false,"template":"","format":"standard","meta":{"_monsterinsights_skip_tracking":false,"footnotes":""},"categories":[903],"tags":[],"class_list":["post-98830","post","type-post","status-publish","format-standard","has-post-thumbnail","category-presidenta-y-mas"],"_links":{"self":[{"href":"https:\/\/redsemlac.com\/semmexico\/wp-json\/wp\/v2\/posts\/98830","targetHints":{"allow":["GET"]}}],"collection":[{"href":"https:\/\/redsemlac.com\/semmexico\/wp-json\/wp\/v2\/posts"}],"about":[{"href":"https:\/\/redsemlac.com\/semmexico\/wp-json\/wp\/v2\/types\/post"}],"author":[{"embeddable":true,"href":"https:\/\/redsemlac.com\/semmexico\/wp-json\/wp\/v2\/users\/3"}],"replies":[{"embeddable":true,"href":"https:\/\/redsemlac.com\/semmexico\/wp-json\/wp\/v2\/comments?post=98830"}],"version-history":[{"count":0,"href":"https:\/\/redsemlac.com\/semmexico\/wp-json\/wp\/v2\/posts\/98830\/revisions"}],"wp:featuredmedia":[{"embeddable":true,"href":"https:\/\/redsemlac.com\/semmexico\/wp-json\/wp\/v2\/media\/98832"}],"wp:attachment":[{"href":"https:\/\/redsemlac.com\/semmexico\/wp-json\/wp\/v2\/media?parent=98830"}],"wp:term":[{"taxonomy":"category","embeddable":true,"href":"https:\/\/redsemlac.com\/semmexico\/wp-json\/wp\/v2\/categories?post=98830"},{"taxonomy":"post_tag","embeddable":true,"href":"https:\/\/redsemlac.com\/semmexico\/wp-json\/wp\/v2\/tags?post=98830"}],"curies":[{"name":"wp","href":"https:\/\/api.w.org\/{rel}","templated":true}]}}