{"id":98827,"date":"2025-09-19T18:58:05","date_gmt":"2025-09-20T00:58:05","guid":{"rendered":"https:\/\/redsemlac.com\/semmexico\/?p=98827"},"modified":"2025-09-19T18:58:06","modified_gmt":"2025-09-20T00:58:06","slug":"silvia-molina-recibira-el-premio-al-merito-literario-rosario-castellanos-2024","status":"publish","type":"post","link":"https:\/\/redsemlac.com\/semmexico\/silvia-molina-recibira-el-premio-al-merito-literario-rosario-castellanos-2024\/","title":{"rendered":"Silvia Molina recibir\u00e1 el Premio al M\u00e9rito Literario \u201cRosario Castellanos\u201d 2024"},"content":{"rendered":"\n<ul class=\"wp-block-list\">\n<li>En sesi\u00f3n solemne el Senado reconoce a la escritora<\/li>\n\n\n\n<li>La presidenta de la mesa directiva, Laura Itzel Castillo Ju\u00e1rez, dar\u00e1 un mensaje<\/li>\n<\/ul>\n\n\n\n<p class=\"wp-block-paragraph\">Redacci\u00f3n<\/p>\n\n\n\n<p class=\"wp-block-paragraph\">SemM\u00e9xico, Ciudad de M\u00e9xico, 19 de septiembre, 2025.- La escritora Silvia Molina recibir\u00e1 en sesi\u00f3n solemne del pr\u00f3ximo martes 30 de septiembre el Premio al M\u00e9rito Literario \u201cRosario Castellanos\u201d, edici\u00f3n 2024, anunci\u00f3 el Pleno del Senado de la Rep\u00fablica tras la aprobaci\u00f3n de un acuerdo de la Mesa Directiva.<\/p>\n\n\n\n<p class=\"wp-block-paragraph\">De acuerdo con el documento, la sesi\u00f3n se desarrollar\u00e1 en el recinto ubicado en&nbsp;Paseo de la Reforma 135, a partir de las 12 horas. En el acto se leer\u00e1 la semblanza de Rosario Castellanos, a cargo de una senadora de la Mesa Directiva; seguida de las palabras de la senadora Beatriz Mojica Morga, presidenta de la Comisi\u00f3n de Cultura.<\/p>\n\n\n\n<p class=\"wp-block-paragraph\">Posteriormente se entregar\u00e1 el Premio al M\u00e9rito Literario \u201cRosario Castellanos\u201d y la intervenci\u00f3n de la galardonada, Silvia Molina; para luego dar lugar al mensaje de la presidenta de la Mesa Directiva, Laura Itzel Castillo Ju\u00e1rez y, posteriormente, la clausura de la Sesi\u00f3n Solemne.<\/p>\n\n\n\n<p class=\"wp-block-paragraph\">El acuerdo aprobado establece que a esta Sesi\u00f3n Solemne podr\u00e1 invitarse a la titular del Poder Ejecutivo Federal, Claudia Sheinbaum Pardo; al presidente de la Suprema Corte de Justicia de la Naci\u00f3n, Hugo Aguilar Ortiz; y a la presidenta de la C\u00e1mara de Diputados, Kenia L\u00f3pez Rabad\u00e1n<\/p>\n\n\n\n<p class=\"wp-block-paragraph\">Adem\u00e1s, podr\u00e1 invitarse a los titulares de los organismos p\u00fablicos y organizaciones de la sociedad civil de reconocido prestigio en el \u00e1mbito de las letras mexicanas y universales; tambi\u00e9n la Mesa Directiva podr\u00e1 autorizar que se invite a otros servidores p\u00fablicos, representantes populares o representantes de organismos ciudadanos.<\/p>\n\n\n\n<p class=\"wp-block-paragraph\">En reconocimiento a la investidura de los titulares de los Poderes de la Uni\u00f3n, la presidenta de la Mesa Directiva designar\u00e1 las comisiones de ceremonial a que se refiere el art\u00edculo 289 del Reglamento del Senado.<\/p>\n\n\n\n<p class=\"wp-block-paragraph\">De acuerdo con el documento, se enviar\u00e1 solicitud a la Secretar\u00eda de la Defensa Nacional para contar con el personal militar necesario en las actividades que se desarrollar\u00e1n con motivo de la Sesi\u00f3n Solemne.<\/p>\n\n\n\n<p class=\"wp-block-paragraph\"><strong>Silvia Molina<\/strong><\/p>\n\n\n\n<p class=\"wp-block-paragraph\">Es originaria de la Ciudad de M\u00e9xico, narradora, ensayista y editora. Estudio Letras Hisp\u00e1nicas en la UNAM.<\/p>\n\n\n\n<p class=\"wp-block-paragraph\">Gan\u00f3 en 1977, el premio Xavier Villaurrutia por su novela La ma\u00f1ana debe seguir gris.<\/p>\n\n\n\n<p class=\"wp-block-paragraph\">Adem\u00e1s, es autora de las novelas <em>Ascensi\u00f3n Tun<\/em>. M\u00e9xico: Mart\u00edn Casillas, 1981; <em>La familia vino del norte<\/em>. M\u00e9xico: Cal y Arena, 1988; <em>Imagen de H\u00e9ctor<\/em>. M\u00e9xico: Cal y Arena, 1990; <em>El amor que me juraste<\/em>. M\u00e9xico, Joaqu\u00edn Mortiz, 1998; <em>Muchacha en azul<\/em>. M\u00e9xico, Joaqu\u00edn Mortiz, 2001; <em>En silencio, la lluvia<\/em>, M\u00e9xico, Alfaguara, 2008; <em>Matamoros, el resplandor de la batalla<\/em>. M\u00e9xico: Grijalbo, 2010; <em>En estado de gol<\/em>. M\u00e9xico, 2015.<\/p>\n\n\n\n<p class=\"wp-block-paragraph\">Y los cuentos <em>Lides de esta\u00f1o<\/em>. M\u00e9xico: UAM, 1981; <em>Silvia Molina<\/em>. M\u00e9xico: UNAM (Material de Lectura), 1990; <em>Un hombre cerca<\/em>. M\u00e9xico: Cal y Arena, 1992; <em>Recomenzar: antolog\u00eda personal<\/em>. M\u00e9xico: ISSSTE, 1999, y <em>Cruzar la sombra: cuentos reunidos<\/em>. M\u00e9xico: Cal y Arena, 2012.<\/p>\n\n\n\n<p class=\"wp-block-paragraph\"><strong>Premio al M\u00e9rito Literario \u201cRosario Castellanos\u201d<\/strong><\/p>\n\n\n\n<p class=\"wp-block-paragraph\">El Pleno del Senado aprob\u00f3 el 23 de marzo del 2021, la creaci\u00f3n del Premio al M\u00e9rito Literario \u201cRosario Castellanos\u201d, por 112 votos a favor y uno en contra, mismo que ser\u00e1 entregado en Sesi\u00f3n Solemne en el Pleno de la C\u00e1mara de Senadores, en el mes de septiembre de cada a\u00f1o.<\/p>\n\n\n\n<p class=\"wp-block-paragraph\">Esta dirigido a escritoras y escritores con una obra consolidada, escrita en idioma espa\u00f1ol o en cualquiera de las lenguas originarias de Latinoam\u00e9rica, y que pertenezca a los g\u00e9neros literarios de la narrativa, dramaturgia, poes\u00eda o ensayo.<\/p>\n\n\n\n<p class=\"wp-block-paragraph\">Este premio debe ser otorgado en el marco del aniversario luctuoso de la escritora mexicana. Consiste en la entrega de un Busto de Bronce y una placa fotograbada, as\u00ed como una presea con el Escudo Nacional y 200 mil pesos mexicanos.<\/p>\n\n\n\n<p class=\"wp-block-paragraph\">SEM\/sj<\/p>\n","protected":false},"excerpt":{"rendered":"<p>Redacci\u00f3n SemM\u00e9xico, Ciudad de M\u00e9xico, 19 de septiembre, 2025.- La escritora Silvia Molina recibir\u00e1 en sesi\u00f3n solemne del pr\u00f3ximo martes 30 de septiembre el Premio al M\u00e9rito Literario \u201cRosario Castellanos\u201d, edici\u00f3n 2024, anunci\u00f3 el Pleno del Senado de la Rep\u00fablica tras la aprobaci\u00f3n de un acuerdo de la Mesa Directiva. De acuerdo con el documento, [&hellip;]<\/p>\n","protected":false},"author":3,"featured_media":98828,"comment_status":"open","ping_status":"open","sticky":false,"template":"","format":"standard","meta":{"_monsterinsights_skip_tracking":false,"footnotes":""},"categories":[50],"tags":[],"class_list":["post-98827","post","type-post","status-publish","format-standard","has-post-thumbnail","category-congreso"],"_links":{"self":[{"href":"https:\/\/redsemlac.com\/semmexico\/wp-json\/wp\/v2\/posts\/98827","targetHints":{"allow":["GET"]}}],"collection":[{"href":"https:\/\/redsemlac.com\/semmexico\/wp-json\/wp\/v2\/posts"}],"about":[{"href":"https:\/\/redsemlac.com\/semmexico\/wp-json\/wp\/v2\/types\/post"}],"author":[{"embeddable":true,"href":"https:\/\/redsemlac.com\/semmexico\/wp-json\/wp\/v2\/users\/3"}],"replies":[{"embeddable":true,"href":"https:\/\/redsemlac.com\/semmexico\/wp-json\/wp\/v2\/comments?post=98827"}],"version-history":[{"count":0,"href":"https:\/\/redsemlac.com\/semmexico\/wp-json\/wp\/v2\/posts\/98827\/revisions"}],"wp:featuredmedia":[{"embeddable":true,"href":"https:\/\/redsemlac.com\/semmexico\/wp-json\/wp\/v2\/media\/98828"}],"wp:attachment":[{"href":"https:\/\/redsemlac.com\/semmexico\/wp-json\/wp\/v2\/media?parent=98827"}],"wp:term":[{"taxonomy":"category","embeddable":true,"href":"https:\/\/redsemlac.com\/semmexico\/wp-json\/wp\/v2\/categories?post=98827"},{"taxonomy":"post_tag","embeddable":true,"href":"https:\/\/redsemlac.com\/semmexico\/wp-json\/wp\/v2\/tags?post=98827"}],"curies":[{"name":"wp","href":"https:\/\/api.w.org\/{rel}","templated":true}]}}