{"id":98823,"date":"2025-09-19T18:56:39","date_gmt":"2025-09-20T00:56:39","guid":{"rendered":"https:\/\/redsemlac.com\/semmexico\/?p=98823"},"modified":"2025-09-19T18:56:41","modified_gmt":"2025-09-20T00:56:41","slug":"propone-mc-igualdad-salarial-en-el-deporte-sin-discriminacion-de-genero","status":"publish","type":"post","link":"https:\/\/redsemlac.com\/semmexico\/propone-mc-igualdad-salarial-en-el-deporte-sin-discriminacion-de-genero\/","title":{"rendered":"Propone MC igualdad salarial en el deporte, sin discriminaci\u00f3n de g\u00e9nero"},"content":{"rendered":"\n<ul class=\"wp-block-list\">\n<li>La iniciativa busca combatir la precariedad en el deporte profesional<\/li>\n\n\n\n<li>Tiene un alcance importante en t\u00e9rminos de la reconstrucci\u00f3n del tejido social<\/li>\n<\/ul>\n\n\n\n<p class=\"wp-block-paragraph\">Redacci\u00f3n<\/p>\n\n\n\n<p class=\"wp-block-paragraph\">SemM\u00e9xico, Ciudad de M\u00e9xico, 19 de septiembre, 2025.- Un salario base a deportistas profesionales sin discriminaci\u00f3n por g\u00e9nero, discapacidad o cualquier otra condici\u00f3n que atente contra la dignidad humana, propuso en el Congreso de la Uni\u00f3n la bancada de Movimiento Ciudadano.<\/p>\n\n\n\n<p class=\"wp-block-paragraph\">Durante el foro Cambiamos la Jugada realizado en el Senado de la Rep\u00fablica, la diputada Patricia Mercado destac\u00f3 que esta nueva iniciativa se presenta bajo un marco legal m\u00e1s robusto tras la reciente reforma que garantiza la igualdad sustantiva desde la Constituci\u00f3n y la reforma a la Ley Federal del Trabajo que obliga al Estado a cerrar la brecha salarial.<\/p>\n\n\n\n<p class=\"wp-block-paragraph\">\u201cLa propuesta central de esta iniciativa es establecer un salario base como para iniciar el camino por la igualdad en el deporte. Esta reforma lo que propone es decir que ser\u00e1 violatorio del principio de igualdad de salario, la disposici\u00f3n que estipule salarios base distintos para trabajos iguales\u201d, expuso.&nbsp;<\/p>\n\n\n\n<p class=\"wp-block-paragraph\">A\u00f1adi\u00f3 que ser\u00e1 la Secretar\u00eda del Trabajo la que tendr\u00e1 la obligaci\u00f3n de determinar el salario base. Asimismo, explic\u00f3 que adem\u00e1s del salario base, las personas deportistas podr\u00e1n recibir compensaciones seg\u00fan el tipo de deporte o a\u00f1os de experiencia que tengan.&nbsp;<\/p>\n\n\n\n<p class=\"wp-block-paragraph\">El senador Clemente Casta\u00f1eda record\u00f3 que una iniciativa similar ya hab\u00eda sido aprobada por unanimidad en la C\u00e1mara Alta durante la legislatura pasada, pero no logr\u00f3 ser votada en la C\u00e1mara de Diputados.&nbsp;Ante ello, el grupo parlamentario de Movimiento Ciudadano present\u00f3 de nueva cuenta la iniciativa para lograr su aprobaci\u00f3n en esta nueva legislatura.<\/p>\n\n\n\n<p class=\"wp-block-paragraph\">El coordinador parlamentario de la Bancada Naranja en el Senado subray\u00f3 que esta iniciativa tiene la finalidad de combatir la precariedad en el deporte profesional y garantizar la igualdad sustantiva entre hombres y mujeres.<\/p>\n\n\n\n<p class=\"wp-block-paragraph\">\u201cEl deporte tiene un alcance muy importante en t\u00e9rminos de la reconstrucci\u00f3n del tejido social, como instrumento de movilidad social, como instrumento de pacificaci\u00f3n. Por eso decimos nosotros que el fomento deportivo, las condiciones para crear infraestructura deportiva para promover el deporte profesional, debe de ser una pol\u00edtica de Estado en este pa\u00eds\u201d, expuso Casta\u00f1eda.<\/p>\n\n\n\n<p class=\"wp-block-paragraph\">El senador por Jalisco agreg\u00f3 que esta iniciativa no va en contra de la industria del deporte, sino que busca demostrar que este negocio es perfectamente compatible con el derecho a un salario base para todas las personas deportistas profesionales.<\/p>\n\n\n\n<p class=\"wp-block-paragraph\">Estamos convencidos que s\u00ed es posible tener un salario base para hombres y mujeres que les permitan tener condiciones para seguir desempe\u00f1\u00e1ndose profesionalmente en el deporte, esp\u00edritu que anima esta iniciativa, subray\u00f3.<\/p>\n\n\n\n<p class=\"wp-block-paragraph\">La diputada y ex raquetbolista Paola Longoria dijo que esta iniciativa busca transformar el deporte en M\u00e9xico al ampliar la protecci\u00f3n de los derechos laborales de las y los deportistas profesionales desde una perspectiva de g\u00e9nero.<\/p>\n\n\n\n<p class=\"wp-block-paragraph\">\u201cLo digo no solo como legisladora, sino tambi\u00e9n como atleta. S\u00e9 lo que significa entrenar, competir, prepararte para un torneo, pero sobre todo lo que significa ganar. S\u00e9 lo que significa sacrificarse por un sue\u00f1o y al mismo tiempo tambi\u00e9n enfrentar obst\u00e1culos que nada tienen que ver con la cancha o con la pista, sino con la falta de apoyos, con la discriminaci\u00f3n, pero sobre todo con la desigualdad\u201d, expres\u00f3.<\/p>\n\n\n\n<p class=\"wp-block-paragraph\">\u201cQueremos un mismo piso parejo y justo porque la disciplina, el esfuerzo y la entrega valen lo mismo. Ya sea en un equipo varonil o femenil, ya sea en el f\u00fatbol, en el b\u00e1squetbol, en el b\u00e9isbol o en el tenis, o en cualquier otra disciplina\u201d.<\/p>\n\n\n\n<p class=\"wp-block-paragraph\">El exatleta paral\u00edmpico y diputado Juan Armando Ruiz se\u00f1al\u00f3 que los deportistas paral\u00edmpicos tambi\u00e9n han sido hist\u00f3ricamente marginados a pesar de los reconocimientos que han logrado en competencias internacionales.<\/p>\n\n\n\n<p class=\"wp-block-paragraph\">\u201cLa igualdad no se puede escatimar a nadie. Es momento de romper con esa visi\u00f3n tradicional de que el esfuerzo y el valor de las mujeres lo pueden minimizar bajo argumentos meramente capitalistas, o en este caso solamente por plusval\u00eda\u201d, apunt\u00f3.<\/p>\n\n\n\n<p class=\"wp-block-paragraph\">La diputada Anayeli Mu\u00f1oz consider\u00f3 que en el Congreso debe haber congruencia con la pol\u00edtica feminista que promueve para que la reforma en materia de igualdad sustantiva no sea letra muerta.&nbsp;<\/p>\n\n\n\n<p class=\"wp-block-paragraph\">La exfutbolista Paola L\u00f3pez Yrigoyen sostuvo que el salario base debe ser negociado conjuntamente entre el poder p\u00fablico y el poder privado, el cual incluye a los due\u00f1os, las federaciones, las ligas y las atletas.&nbsp;<\/p>\n\n\n\n<p class=\"wp-block-paragraph\">\u201cLas partes involucradas se tienen que sentar, mirar a los ojos, reconocerse como iguales y con intereses leg\u00edtimos y literal negociar, negociar en buena fe\u201d, extern\u00f3.<\/p>\n\n\n\n<p class=\"wp-block-paragraph\">La periodista y conductora deportiva Marion Reimers opin\u00f3 que los derechos de las mujeres no tienen que estar supeditados a su capacidad de generar capital.<\/p>\n\n\n\n<p class=\"wp-block-paragraph\">\u201cMis derechos tendr\u00edan que existir por el simple hecho de ser una ciudadana que quiere insertarse en una actividad profesional. Es decir, necesitamos un Estado que garantice condiciones de trabajo justas para todas las personas. Y eso incluye tambi\u00e9n a quienes han elegido al deporte como su profesi\u00f3n\u201d, indic\u00f3.&nbsp;<\/p>\n\n\n\n<p class=\"wp-block-paragraph\">\u201cMi val\u00eda como ciudadana y la legitimidad de mis derechos no pueden estar supeditados a mi capacidad para producir capital en un sistema que de por s\u00ed no me est\u00e1 brindando las herramientas para sobresalir. Me parece que los derechos son lluvia y no pastel. No le estamos quitando una rebanada a nadie. Estamos buscando que nos caiga por igual\u201d.<\/p>\n\n\n\n<p class=\"wp-block-paragraph\">Por \u00faltimo, Rosario Ortiz, representante de la Red de Mujeres Sindicalistas, destac\u00f3 la importancia de que una vez aprobadas estas iniciativas, las mujeres deportistas se organicen para reivindicar y exigir el cumplimiento de estas normas.&nbsp;<\/p>\n\n\n\n<p class=\"wp-block-paragraph\"><br>SEM\/sj<\/p>\n\n\n\n<figure class=\"wp-block-image size-large\"><a href=\"https:\/\/redsemlac.com\/semmexico\/wp-content\/uploads\/2025\/09\/BOL-91-2.jpg\"><img loading=\"lazy\" decoding=\"async\" width=\"1024\" height=\"682\" src=\"https:\/\/redsemlac.com\/semmexico\/wp-content\/uploads\/2025\/09\/BOL-91-2-1024x682.jpg\" alt=\"\" class=\"wp-image-98824\" srcset=\"https:\/\/redsemlac.com\/semmexico\/wp-content\/uploads\/2025\/09\/BOL-91-2-1024x682.jpg 1024w, https:\/\/redsemlac.com\/semmexico\/wp-content\/uploads\/2025\/09\/BOL-91-2-300x200.jpg 300w, https:\/\/redsemlac.com\/semmexico\/wp-content\/uploads\/2025\/09\/BOL-91-2-768x512.jpg 768w, https:\/\/redsemlac.com\/semmexico\/wp-content\/uploads\/2025\/09\/BOL-91-2-1536x1023.jpg 1536w, https:\/\/redsemlac.com\/semmexico\/wp-content\/uploads\/2025\/09\/BOL-91-2-2048x1364.jpg 2048w, https:\/\/redsemlac.com\/semmexico\/wp-content\/uploads\/2025\/09\/BOL-91-2-150x100.jpg 150w, https:\/\/redsemlac.com\/semmexico\/wp-content\/uploads\/2025\/09\/BOL-91-2-696x464.jpg 696w, https:\/\/redsemlac.com\/semmexico\/wp-content\/uploads\/2025\/09\/BOL-91-2-1068x711.jpg 1068w, https:\/\/redsemlac.com\/semmexico\/wp-content\/uploads\/2025\/09\/BOL-91-2-1920x1279.jpg 1920w\" sizes=\"auto, (max-width: 1024px) 100vw, 1024px\" \/><\/a><\/figure>\n","protected":false},"excerpt":{"rendered":"<p>Redacci\u00f3n SemM\u00e9xico, Ciudad de M\u00e9xico, 19 de septiembre, 2025.- Un salario base a deportistas profesionales sin discriminaci\u00f3n por g\u00e9nero, discapacidad o cualquier otra condici\u00f3n que atente contra la dignidad humana, propuso en el Congreso de la Uni\u00f3n la bancada de Movimiento Ciudadano. Durante el foro Cambiamos la Jugada realizado en el Senado de la Rep\u00fablica, [&hellip;]<\/p>\n","protected":false},"author":3,"featured_media":98825,"comment_status":"open","ping_status":"open","sticky":false,"template":"","format":"standard","meta":{"_monsterinsights_skip_tracking":false,"footnotes":""},"categories":[50],"tags":[],"class_list":["post-98823","post","type-post","status-publish","format-standard","has-post-thumbnail","category-congreso"],"_links":{"self":[{"href":"https:\/\/redsemlac.com\/semmexico\/wp-json\/wp\/v2\/posts\/98823","targetHints":{"allow":["GET"]}}],"collection":[{"href":"https:\/\/redsemlac.com\/semmexico\/wp-json\/wp\/v2\/posts"}],"about":[{"href":"https:\/\/redsemlac.com\/semmexico\/wp-json\/wp\/v2\/types\/post"}],"author":[{"embeddable":true,"href":"https:\/\/redsemlac.com\/semmexico\/wp-json\/wp\/v2\/users\/3"}],"replies":[{"embeddable":true,"href":"https:\/\/redsemlac.com\/semmexico\/wp-json\/wp\/v2\/comments?post=98823"}],"version-history":[{"count":0,"href":"https:\/\/redsemlac.com\/semmexico\/wp-json\/wp\/v2\/posts\/98823\/revisions"}],"wp:featuredmedia":[{"embeddable":true,"href":"https:\/\/redsemlac.com\/semmexico\/wp-json\/wp\/v2\/media\/98825"}],"wp:attachment":[{"href":"https:\/\/redsemlac.com\/semmexico\/wp-json\/wp\/v2\/media?parent=98823"}],"wp:term":[{"taxonomy":"category","embeddable":true,"href":"https:\/\/redsemlac.com\/semmexico\/wp-json\/wp\/v2\/categories?post=98823"},{"taxonomy":"post_tag","embeddable":true,"href":"https:\/\/redsemlac.com\/semmexico\/wp-json\/wp\/v2\/tags?post=98823"}],"curies":[{"name":"wp","href":"https:\/\/api.w.org\/{rel}","templated":true}]}}