{"id":98816,"date":"2025-09-19T18:52:02","date_gmt":"2025-09-20T00:52:02","guid":{"rendered":"https:\/\/redsemlac.com\/semmexico\/?p=98816"},"modified":"2025-09-19T18:52:03","modified_gmt":"2025-09-20T00:52:03","slug":"las-mil-y-una-novias-entre-los-mejores-libros-de-antropologia-e-historia-en-el-2025","status":"publish","type":"post","link":"https:\/\/redsemlac.com\/semmexico\/las-mil-y-una-novias-entre-los-mejores-libros-de-antropologia-e-historia-en-el-2025\/","title":{"rendered":"\u201cLas mil y una novias\u201d, entre los mejores libros de antropolog\u00eda e historia en el 2025"},"content":{"rendered":"\n<ul class=\"wp-block-list\">\n<li>\u201cHab\u00eda una vez\u2026 las mil y una novias. M\u00e9xico, siglos VIII al XXI\u201d obtiene menci\u00f3n honor\u00edfica en la categor\u00eda de Arte del Premio Antonio Garc\u00eda Cubas<\/li>\n\n\n\n<li>La publicaci\u00f3n acompa\u00f1a a una exposici\u00f3n que se puede visitar en el Museo \u00cddolos del Esto<\/li>\n<\/ul>\n\n\n\n<p class=\"wp-block-paragraph\">Kevin Arag\u00f3n<\/p>\n\n\n\n<p class=\"wp-block-paragraph\">SemM\u00e9xico\/El Sol de M\u00e9xico, Ciudad de M\u00e9xico, 19 de septiembre, 2025.-<strong> Reflexiones de la arqueolog\u00eda nacional&nbsp;<\/strong>y estudios de pueblos originarios en su<strong>&nbsp;propia lengua<\/strong>, hasta la historia de Jerusal\u00e9n y la&nbsp;<strong>evoluci\u00f3n de la figura de las novias&nbsp;<\/strong>en M\u00e9xico, fueron algunos de los temas que abordaron los<a href=\"https:\/\/oem.com.mx\/elsoldemexico\/cultura\/el-periodista-jose-landa-corresponsal-de-oem-recibe-el-premio-iberoamericano-de-poesia-25824139.app.json\" target=\"_blank\" rel=\"noreferrer noopener\"><strong>&nbsp;libros<\/strong><\/a><strong>&nbsp;galardonados<\/strong>&nbsp;con el&nbsp;<strong>Premio Antonio Garc\u00eda Cubas 2025 a Cubas<\/strong>, a la excelencia editorial en publicaciones especializadas en ciencias antropol\u00f3gicas,&nbsp;durante el arranque de la 36 edici\u00f3n de la<strong>&nbsp;Feria del Libro de Antropolog\u00eda e Historia.<\/strong><\/p>\n\n\n\n<p class=\"wp-block-paragraph\">La premiaci\u00f3n tuvo lugar en el&nbsp;<strong>Auditorio Jaime Torres Bodet del Museo Nacional de Antropolog\u00eda,<\/strong>&nbsp;donde Jos\u00e9 Luis Perea Gonz\u00e1lez, secretario t\u00e9cnico del&nbsp;<strong>Instituto Nacional de Antropolog\u00eda e Historia (INAH)<\/strong>, destac\u00f3 la importancia de los m\u00e1s de 110 libros participantes en el certamen, dividido en 11 categor\u00edas.<\/p>\n\n\n\n<p class=\"wp-block-paragraph\">\u201cCada una de estas obras representa una apuesta por la permanencia del pensamiento en tiempos donde la fugacidad parece dominar. Este premio no s\u00f3lo es una celebraci\u00f3n del libro como objeto, sino como acto<strong>&nbsp;\u00e9tico, pol\u00edtico y cultural&nbsp;<\/strong>Cada autor ha decidido confiar en la palabra de preservar, transformar y compartir\u201d, asegur\u00f3.<\/p>\n\n\n\n<p class=\"wp-block-paragraph\">Reconocen visi\u00f3n cr\u00edtica de las novias mexicanas<\/p>\n\n\n\n<p class=\"wp-block-paragraph\">El<strong>&nbsp;libro \u201cHab\u00eda una vez\u2026 las mil y una novias. M\u00e9xico, siglos VIII al XXI\u201d,<\/strong>&nbsp;bajo la direcci\u00f3n editorial de Marina V\u00e1zquez Ramos, quien encabeza el equipo de investigaci\u00f3n de F\u00e1brica de Exposiciones y publicado por&nbsp;<strong>Organizaci\u00f3n Editorial Mexicana (OEM),&nbsp;<\/strong>obtuvo la menci\u00f3n honor\u00edfica en la categor\u00eda de Arte.<\/p>\n\n\n\n<p class=\"wp-block-paragraph\">El&nbsp;<strong>libro<\/strong>&nbsp;est\u00e1 compuesto de<strong>&nbsp;16 ensayos de especialistas<\/strong>&nbsp;que analizan diferentes aspectos del noviazgo, desde la \u00e9poca prehisp\u00e1nica hasta nuestros d\u00edas: \u201cEste es el reconocimiento a una visi\u00f3n muy cr\u00edtica e importante sobre el papel de la mujer.<\/p>\n\n\n\n<p class=\"wp-block-paragraph\">Se podr\u00eda pensar que es un tema relacionado con lo rom\u00e1ntico, pero lo que hace este libro es desmontar muchas ideas que son muy violentas en torno a la figura de la mujer\u201d, dijo la historiadora Minerva Anguiano Gonz\u00e1lez, miembro de F\u00e1brica de Exposiciones, en entrevista con&nbsp;<strong>El Sol de M\u00e9xico<\/strong>.<\/p>\n\n\n\n<p class=\"wp-block-paragraph\">\u201cEn el&nbsp;<strong>libro<\/strong>&nbsp;se habla de temas edificantes como el amor y la ilusi\u00f3n, pero tambi\u00e9n hablamos del otro lado de la moneda, como pueden ser los&nbsp;<strong>matrimonios infantiles<\/strong>&nbsp;y c\u00f3mo se trata de controlar el cuerpo de la mujer\u201d, apunt\u00f3.<\/p>\n\n\n\n<p class=\"wp-block-paragraph\">La maestra Lorenza Esp\u00ednola G\u00f3mez de Parada, quien colabora en el&nbsp;<strong>libro<\/strong>, destac\u00f3 el hecho de que se reconociera en esta categor\u00eda, es reflejo de la dedicaci\u00f3n y especialidad del equipo editorial de especialistas en historia del arte.<\/p>\n\n\n\n<p class=\"wp-block-paragraph\">Ambas investigadoras aseguran que este reconocimiento es un aliciente para que&nbsp;<strong>F\u00e1brica de Exposiciones,<\/strong>&nbsp;unidad de la OEM de nueva creaci\u00f3n, continue con su&nbsp;<strong>labor cultural.<\/strong><\/p>\n\n\n\n<p class=\"wp-block-paragraph\">\u201c(Recibir la menci\u00f3n honor\u00edfica) nos da mucha alegr\u00eda, porque de pronto en el trabajo de hacer un&nbsp;<strong>libro<\/strong>, una puede preguntarse por el impacto que tendr\u00e1, pero al ver que hay mucha gente que realmente lo aprecia, nos motiva, por lo que vamos a hacer m\u00e1s, mejorando nuestros procesos. Lo que nosotros prometemos es que cada libro que hagamos tendr\u00e1 un contenido acad\u00e9mico, pero muy accesible\u201d, agreg\u00f3, Minerva Anguiano.<\/p>\n\n\n\n<p class=\"wp-block-paragraph\">Reconocen a las lenguas originarias<\/p>\n\n\n\n<p class=\"wp-block-paragraph\">Jos\u00e9 Luis Perea Gonz\u00e1lez destac\u00f3 que esta es la primera edici\u00f3n en la que se incluye la<strong>&nbsp;categor\u00eda \u201cLibro en lenguas originarias\u201d<\/strong>, lo cual representa \u201cun acto de justicia y reconocimiento hacia los pueblos ind\u00edgenas de M\u00e9xico y a las lenguas que han transmitido tras generaciones saberes, historias, espiritualidades y visiones del mundo\u201d.<\/p>\n\n\n\n<p class=\"wp-block-paragraph\">El<strong>&nbsp;libro&nbsp;<\/strong>que recibi\u00f3 este premio fue \u201cDichos y creencias de los amuzgos de Xochistlahuaca, Guerrero\u201d, escrito por alumnos hablantes del \u00f1omndaa, en los talleres de primera lengua en la Escuela primaria biling\u00fce El Porvenir. Una escuela para la vida.<\/p>\n\n\n\n<p class=\"wp-block-paragraph\">Las categor\u00edas<strong>&nbsp;Libro Electr\u00f3nico Cient\u00edfico y Libro Electr\u00f3nico de Divulgaci\u00f3n&nbsp;<\/strong>se declararon desiertas.<\/p>\n\n\n\n<p class=\"wp-block-paragraph\">La lista de premiados<\/p>\n\n\n\n<p class=\"wp-block-paragraph\"><strong>Obra Cient\u00edfica:<\/strong>&nbsp;<em>Arqueolog\u00eda mexicana. Sus or\u00edgenes y proyecciones<\/em>, de Eduardo Matos Moctezuma y Leonardo L\u00f3pez Luj\u00e1n<\/p>\n\n\n\n<p class=\"wp-block-paragraph\"><strong>Obra de Divulgaci\u00f3n:<\/strong>&nbsp;<em>Tiempos de Inquisici\u00f3n: herejes, infieles, brujas y hechiceros<\/em>, coordinado por Nuria Galland Camacho y Ver\u00f3nica Gonz\u00e1lez Illescas<\/p>\n\n\n\n<p class=\"wp-block-paragraph\"><strong>Obra infantil:<\/strong>&nbsp;<em>4 dedos<\/em>, de H\u00e9ctor Abad Paciolince, publicado por CIDCLI<\/p>\n\n\n\n<p class=\"wp-block-paragraph\"><strong>Obra juvenil:<\/strong>&nbsp;<em>La rueda del hambriento y otros cuentos<\/em>, de Rosario Castellanos, editado por la UNAM<\/p>\n\n\n\n<p class=\"wp-block-paragraph\"><strong>Novela Hist\u00f3rica:<\/strong>&nbsp;<em>Peque\u00f1a novela del reino de Jerusal\u00e9n<\/em>, de Daniel Humberto Escoto Morales<\/p>\n\n\n\n<p class=\"wp-block-paragraph\"><strong>Libro de arte:<\/strong>&nbsp;<em>Estado de hongos<\/em>, de Nanae Watabe Llamas. <strong>Cat\u00e1logo:<\/strong>&nbsp;<em>Antonio Ruiz El Corcito. Montajes y escenas del M\u00e9xico moderno<\/em>, editado por Dafne Cruz Porchini y Luis Vargas Santiago<\/p>\n\n\n\n<p class=\"wp-block-paragraph\"><strong>Libro en Lenguas Originarias:<\/strong>&nbsp;<em>\u00d1\u2019omomtiuu \u2018naa<sup>n<\/sup>&nbsp;Nn\u2019a<sup>n<\/sup>ncue \u00d1omndaa Ndatyuaa Suljaa\u2019. Dichos y creencias de los amuzgos de Xochistlahuaca<\/em>,&nbsp;<em>Guerrero<\/em>, traducido por Ricardo Antonio Nieves<\/p>\n\n\n\n<p class=\"wp-block-paragraph\"><strong>Facsimilar:<\/strong>&nbsp;fue&nbsp;<em>Urbe. Super-poema bolchevique en 5 cantos<\/em>, de Manuel Maples Arce<\/p>\n\n\n\n<p class=\"wp-block-paragraph\">Menciones honor\u00edficas<\/p>\n\n\n\n<p class=\"wp-block-paragraph\"><strong>Obra cient\u00edfica:<\/strong>&nbsp;<em>Juegos verbales de la tradici\u00f3n popular mexicana<\/em>, de Erik Daniel Franco Trujillo<\/p>\n\n\n\n<p class=\"wp-block-paragraph\"><strong>Obra de Divulgaci\u00f3n:<\/strong>&nbsp;<em>02.11 D\u00eda de Muertos. Una celebraci\u00f3n de la vida y de la muerte<\/em>, editado por D\u00e9borah Holtz y Juan Carlos Mena<\/p>\n\n\n\n<p class=\"wp-block-paragraph\"><strong>Obra Infantil:&nbsp;<\/strong><em>Vitiligo<\/em>, de Emiliano Becerril Silva y Julia Reyes Retana<\/p>\n\n\n\n<p class=\"wp-block-paragraph\"><strong>Libro de Arte<\/strong>&nbsp;<em>Hab\u00eda una vez\u2026 Las mil y una novias. M\u00e9xico, siglos VIII al XXI<\/em><\/p>\n\n\n\n<p class=\"wp-block-paragraph\"><strong>Cat\u00e1logo:<\/strong>&nbsp;<em>Alan Glass. Sorprendente hallazgo<\/em>, coordinado por Alejandra de la Paz; y&nbsp;<em>Biombos y Castas. Pintura profana en la Nueva Espa\u00f1a<\/em>, de Fomento Cultural Banamex.<\/p>\n\n\n\n<p class=\"wp-block-paragraph\"><strong>Libro en Lenguas Originarias:<\/strong>&nbsp;<em>In Yohual Amox\/El libro de la noche\/Book of the Night<\/em>, de \u00d3scar Ba\u00f1os Huerta.<\/p>\n\n\n\n<p class=\"wp-block-paragraph\">SEM\/El Sol de M\u00e9xico\/ka<\/p>\n","protected":false},"excerpt":{"rendered":"<p>Kevin Arag\u00f3n SemM\u00e9xico\/El Sol de M\u00e9xico, Ciudad de M\u00e9xico, 19 de septiembre, 2025.- Reflexiones de la arqueolog\u00eda nacional&nbsp;y estudios de pueblos originarios en su&nbsp;propia lengua, hasta la historia de Jerusal\u00e9n y la&nbsp;evoluci\u00f3n de la figura de las novias&nbsp;en M\u00e9xico, fueron algunos de los temas que abordaron los&nbsp;libros&nbsp;galardonados&nbsp;con el&nbsp;Premio Antonio Garc\u00eda Cubas 2025 a Cubas, a [&hellip;]<\/p>\n","protected":false},"author":3,"featured_media":98817,"comment_status":"open","ping_status":"open","sticky":false,"template":"","format":"standard","meta":{"_monsterinsights_skip_tracking":false,"footnotes":""},"categories":[748],"tags":[],"class_list":["post-98816","post","type-post","status-publish","format-standard","has-post-thumbnail","category-cultura-feminista"],"_links":{"self":[{"href":"https:\/\/redsemlac.com\/semmexico\/wp-json\/wp\/v2\/posts\/98816","targetHints":{"allow":["GET"]}}],"collection":[{"href":"https:\/\/redsemlac.com\/semmexico\/wp-json\/wp\/v2\/posts"}],"about":[{"href":"https:\/\/redsemlac.com\/semmexico\/wp-json\/wp\/v2\/types\/post"}],"author":[{"embeddable":true,"href":"https:\/\/redsemlac.com\/semmexico\/wp-json\/wp\/v2\/users\/3"}],"replies":[{"embeddable":true,"href":"https:\/\/redsemlac.com\/semmexico\/wp-json\/wp\/v2\/comments?post=98816"}],"version-history":[{"count":0,"href":"https:\/\/redsemlac.com\/semmexico\/wp-json\/wp\/v2\/posts\/98816\/revisions"}],"wp:featuredmedia":[{"embeddable":true,"href":"https:\/\/redsemlac.com\/semmexico\/wp-json\/wp\/v2\/media\/98817"}],"wp:attachment":[{"href":"https:\/\/redsemlac.com\/semmexico\/wp-json\/wp\/v2\/media?parent=98816"}],"wp:term":[{"taxonomy":"category","embeddable":true,"href":"https:\/\/redsemlac.com\/semmexico\/wp-json\/wp\/v2\/categories?post=98816"},{"taxonomy":"post_tag","embeddable":true,"href":"https:\/\/redsemlac.com\/semmexico\/wp-json\/wp\/v2\/tags?post=98816"}],"curies":[{"name":"wp","href":"https:\/\/api.w.org\/{rel}","templated":true}]}}