{"id":98786,"date":"2025-09-17T15:08:36","date_gmt":"2025-09-17T21:08:36","guid":{"rendered":"https:\/\/redsemlac.com\/semmexico\/?p=98786"},"modified":"2025-09-17T15:08:37","modified_gmt":"2025-09-17T21:08:37","slug":"sheinbaum-dedica-el-grito-de-independencia-a-las-mujeres-y-a-la-soberania","status":"publish","type":"post","link":"https:\/\/redsemlac.com\/semmexico\/sheinbaum-dedica-el-grito-de-independencia-a-las-mujeres-y-a-la-soberania\/","title":{"rendered":"Sheinbaum dedica el Grito de Independencia a las mujeres y a la soberan\u00eda"},"content":{"rendered":"\n<p class=\"wp-block-paragraph\">Claudia Sheinbaum encabez\u00f3 su primer Grito de Independencia.&nbsp;\/&nbsp;Foto: Omar Flores \/ El Sol de M\u00e9xico<\/p>\n\n\n\n<p class=\"wp-block-paragraph\">La presidenta Claudia Sheinbaum recibi\u00f3 la bandera de M\u00e9xico de una escolta conformada exclusivamente por mujeres cadetes del Colegio Militar<\/p>\n\n\n\n<p class=\"wp-block-paragraph\">Rafael Ram\u00edrez&nbsp;<\/p>\n\n\n\n<p class=\"wp-block-paragraph\">SemM\u00e9xico\/ El Sol de M\u00e9xico, Cd. de M\u00e9xico, 17 de septiembre, 2025.-\u00a0 La noche del 15 de septiembre, la m\u00fasica folcl\u00f3rica y las\u00a0proyecciones de Hidalgo, Morelos y Josefa Ortiz T\u00e9llez Gir\u00f3n de Dom\u00ednguez iluminaron los edificios del Z\u00f3calo de la CDMX, escenario del\u00a0primer Grito de Independencia encabezado por una mujer.<\/p>\n\n\n\n<p class=\"wp-block-paragraph\">La presidenta de M\u00e9xico&nbsp;Claudia Sehinbaum Pardo&nbsp;dedic\u00f3 el Grito de Independencia a las mujeres que dieron patria&nbsp;y lanz\u00f3 un fuerte&nbsp;viva a la soberan\u00eda y a las mujeres, que reson\u00f3 entre los miles de asistentes.<\/p>\n\n\n\n<p class=\"wp-block-paragraph\">El&nbsp;discurso de la presidenta Claudia Sehinbaum Pardo&nbsp; para su primer Grito de Independencia&nbsp;fue el siguiente:<\/p>\n\n\n\n<p class=\"wp-block-paragraph\">\u201cMexicanas y mexicanos:<\/p>\n\n\n\n<p class=\"wp-block-paragraph\">\u00a1Viva la Independencia!<\/p>\n\n\n\n<p class=\"wp-block-paragraph\">\u00a1Viva Miguel Hidalgo y Costilla!<\/p>\n\n\n\n<p class=\"wp-block-paragraph\">\u00a1Viva&nbsp;<strong>Josefa Ortiz T\u00e9llez-Gir\u00f3n<\/strong>!<\/p>\n\n\n\n<p class=\"wp-block-paragraph\">\u00a1Viva Jos\u00e9 Mar\u00eda Morelos y Pav\u00f3n!<\/p>\n\n\n\n<p class=\"wp-block-paragraph\">\u00a1Viva Leona Vicario!<\/p>\n\n\n\n<p class=\"wp-block-paragraph\">\u00a1Viva Ignacio Allende!<\/p>\n\n\n\n<p class=\"wp-block-paragraph\">\u00a1Viva&nbsp;<strong>Gertrudis Bocanegra<\/strong>!<\/p>\n\n\n\n<p class=\"wp-block-paragraph\">\u00a1Viva Vicente Guerrero!<\/p>\n\n\n\n<p class=\"wp-block-paragraph\">\u00a1Vivan<strong>&nbsp;Manuela Molina, \u201cLa Capitana\u201d<\/strong>!<\/p>\n\n\n\n<p class=\"wp-block-paragraph\">\u00a1Vivan las hero\u00ednas an\u00f3nimas!<\/p>\n\n\n\n<p class=\"wp-block-paragraph\">\u00a1Vivan las&nbsp;<strong>hero\u00ednas y an\u00f3nimas y h\u00e9roes que nos dieron patria<\/strong>!<\/p>\n\n\n\n<p class=\"wp-block-paragraph\">\u00a1Vivan las&nbsp;<strong>mujeres ind\u00edgenas<\/strong>!<\/p>\n\n\n\n<p class=\"wp-block-paragraph\">\u00a1vivan nuestras hermanas y hermanos&nbsp;<strong>migrantes<\/strong>!<\/p>\n\n\n\n<p class=\"wp-block-paragraph\">\u00a1Viva la dignidad del pueblo de M\u00e9xico!<\/p>\n\n\n\n<p class=\"wp-block-paragraph\">\u00a1Viva la libertad!<\/p>\n\n\n\n<p class=\"wp-block-paragraph\">\u00a1Viva la igualdad!<\/p>\n\n\n\n<p class=\"wp-block-paragraph\">\u00a1Viva la&nbsp;<strong>democracia<\/strong>!<\/p>\n\n\n\n<p class=\"wp-block-paragraph\">\u00a1Vivan la justicia!<\/p>\n\n\n\n<p class=\"wp-block-paragraph\"><strong>\u00a1Viva M\u00e9xico independiente y soberano!<\/strong><\/p>\n\n\n\n<p class=\"wp-block-paragraph\">\u00a1Viva M\u00e9xico!<\/p>\n\n\n\n<p class=\"wp-block-paragraph\">\u00a1Viva M\u00e9xico!<\/p>\n\n\n\n<p class=\"wp-block-paragraph\">\u00a1Viva M\u00e9xico!\u201d.<\/p>\n\n\n\n<p class=\"wp-block-paragraph\">La&nbsp;<strong>presidenta<\/strong>&nbsp;de M\u00e9xico sali\u00f3 con un<strong>&nbsp;vestido morado, color usado generalmente por los movimientos feministas.<\/strong><\/p>\n\n\n\n<figure class=\"wp-block-image size-full\"><a href=\"https:\/\/redsemlac.com\/semmexico\/wp-content\/uploads\/2025\/09\/image-22.png\"><img loading=\"lazy\" decoding=\"async\" width=\"1000\" height=\"665\" src=\"https:\/\/redsemlac.com\/semmexico\/wp-content\/uploads\/2025\/09\/image-22.png\" alt=\"\" class=\"wp-image-98790\" srcset=\"https:\/\/redsemlac.com\/semmexico\/wp-content\/uploads\/2025\/09\/image-22.png 1000w, https:\/\/redsemlac.com\/semmexico\/wp-content\/uploads\/2025\/09\/image-22-300x200.png 300w, https:\/\/redsemlac.com\/semmexico\/wp-content\/uploads\/2025\/09\/image-22-768x511.png 768w, https:\/\/redsemlac.com\/semmexico\/wp-content\/uploads\/2025\/09\/image-22-150x100.png 150w, https:\/\/redsemlac.com\/semmexico\/wp-content\/uploads\/2025\/09\/image-22-696x463.png 696w\" sizes=\"auto, (max-width: 1000px) 100vw, 1000px\" \/><\/a><\/figure>\n\n\n\n<p class=\"wp-block-paragraph\">Claudia Sheinbaum encabez\u00f3 su primer Grito de Independencia. &#8211; Foto: Omar Flores \/ El Sol de M\u00e9xico<\/p>\n\n\n\n<figure class=\"wp-block-image size-full\"><a href=\"https:\/\/redsemlac.com\/semmexico\/wp-content\/uploads\/2025\/09\/image-21.png\"><img loading=\"lazy\" decoding=\"async\" width=\"1000\" height=\"665\" src=\"https:\/\/redsemlac.com\/semmexico\/wp-content\/uploads\/2025\/09\/image-21.png\" alt=\"\" class=\"wp-image-98789\" srcset=\"https:\/\/redsemlac.com\/semmexico\/wp-content\/uploads\/2025\/09\/image-21.png 1000w, https:\/\/redsemlac.com\/semmexico\/wp-content\/uploads\/2025\/09\/image-21-300x200.png 300w, https:\/\/redsemlac.com\/semmexico\/wp-content\/uploads\/2025\/09\/image-21-768x511.png 768w, https:\/\/redsemlac.com\/semmexico\/wp-content\/uploads\/2025\/09\/image-21-150x100.png 150w, https:\/\/redsemlac.com\/semmexico\/wp-content\/uploads\/2025\/09\/image-21-696x463.png 696w\" sizes=\"auto, (max-width: 1000px) 100vw, 1000px\" \/><\/a><\/figure>\n\n\n\n<p class=\"wp-block-paragraph\">Claudia Sheinbaum encabez\u00f3 su primer Grito de Independencia. &#8211; Foto: Omar Flores \/ El Sol de M\u00e9xico<\/p>\n\n\n\n<figure class=\"wp-block-image size-full\"><a href=\"https:\/\/redsemlac.com\/semmexico\/wp-content\/uploads\/2025\/09\/image-21.png\"><img loading=\"lazy\" decoding=\"async\" width=\"1000\" height=\"665\" src=\"https:\/\/redsemlac.com\/semmexico\/wp-content\/uploads\/2025\/09\/image-21.png\" alt=\"\" class=\"wp-image-98788\" srcset=\"https:\/\/redsemlac.com\/semmexico\/wp-content\/uploads\/2025\/09\/image-21.png 1000w, https:\/\/redsemlac.com\/semmexico\/wp-content\/uploads\/2025\/09\/image-21-300x200.png 300w, https:\/\/redsemlac.com\/semmexico\/wp-content\/uploads\/2025\/09\/image-21-768x511.png 768w, https:\/\/redsemlac.com\/semmexico\/wp-content\/uploads\/2025\/09\/image-21-150x100.png 150w, https:\/\/redsemlac.com\/semmexico\/wp-content\/uploads\/2025\/09\/image-21-696x463.png 696w\" sizes=\"auto, (max-width: 1000px) 100vw, 1000px\" \/><\/a><\/figure>\n\n\n\n<p class=\"wp-block-paragraph\">Ese no fue el \u00fanico detalle hacia las mujeres, la presidenta tambi\u00e9n<strong>&nbsp;recibi\u00f3 la bandera de M\u00e9xico de una escolta conformada exclusivamente por mujeres cadetes<\/strong>&nbsp;del Heroico&nbsp;<strong>Colegio Militar.<\/strong><\/p>\n\n\n\n<p class=\"wp-block-paragraph\">El&nbsp;<strong>Z\u00f3calo<\/strong>&nbsp;se visti\u00f3 de fiesta, aunque&nbsp;<strong>no alcanz\u00f3 a llenarse por completo<\/strong>, quiz\u00e1 porque&nbsp;<strong>en algunas alcald\u00edas el cartel de artistas compiti\u00f3 con el de la presidenta<\/strong>, como en la Venustiano Carranza que estuvo Caifanes, o en la Cuauht\u00e9moc donde se present\u00f3 la Banda El Recodo de Cruz Liz\u00e1rraga. En las orillas quedaron espacios vac\u00edos.&nbsp;<strong>Entre la multitud se mezclaban extranjeros y connacionales<\/strong>&nbsp;con bigotes de peluche, sombreros tricolores y diademas brillantes.<\/p>\n\n\n\n<p class=\"wp-block-paragraph\">La&nbsp;<strong>vendimia<\/strong>, pese a los intentos de las autoridades por contenerla, se impuso con esquites, elotes, espuma en spray y hasta penachos de plumas con colores patrios.<\/p>\n\n\n\n<p class=\"wp-block-paragraph\">Hubo quienes vendieron bancos de pl\u00e1stico para alcanzar mejor vista. En uno de esos bancos estaban F\u00e1tima Ceja y su esposo, llegados desde Apatzing\u00e1n, Michoac\u00e1n. La&nbsp;<strong>pareja viaj\u00f3 para presenciar el Grito en la CDMX<\/strong>, luego de que en algunos municipios de su estado se cancelaran por la violencia, como Zinap\u00e9cuaro o Tocumbo. \u201c<strong>Venimos a acompa\u00f1ar a la primera mujer presidenta, que nos llena de orgullo\u201d<\/strong>, contaron, aunque con la nostalgia de no poder celebrar en algunas poblaciones de su propia tierra, como ocurri\u00f3 en Sinaloa.<\/p>\n\n\n\n<p class=\"wp-block-paragraph\">A las 23:00 horas en punto,&nbsp;<strong>Sheinbaum<\/strong>&nbsp;sali\u00f3 al balc\u00f3n central de Palacio Nacional acompa\u00f1ada. Como Hidalgo en 1810, pero con su propio sello,&nbsp;<strong>llam\u00f3 a la unidad del pueblo y rindi\u00f3 homenaje a las mexicanas.<\/strong>&nbsp;Como su predecesor Andr\u00e9s Manuel L\u00f3pez Obrador, busc\u00f3 conectar con el pueblo con vivas personalizados, que esta vez tuvieron como protagonista a las mujeres.<\/p>\n\n\n\n<p class=\"wp-block-paragraph\">La espera se anim\u00f3 con m\u00fasica: el&nbsp;<strong>grupo Legado de Grandeza abri\u00f3 la velada&nbsp;<\/strong>a las 20:00 con \u201cCielito lindo\u201d; luego la cantante&nbsp;<strong>Alejandra \u00c1valos&nbsp;<\/strong>interpret\u00f3 \u201cEl viajero\u201d y \u201cLa Bikina\u201d, antes de que&nbsp;<strong>La Arrolladora Banda El Lim\u00f3n&nbsp;<\/strong>encendiera los \u00e1nimos como plato fuerte. El festejo transcurri\u00f3 bajo&nbsp;<strong>estricta vigilancia militar y policiaca<\/strong>&nbsp;que cerr\u00f3 accesos, pero la algarab\u00eda se filtr\u00f3 por las calles Madero y 20 de Noviembre, donde el bullicio de la vendimia multiplicaba la sensaci\u00f3n de fiesta patria.<\/p>\n\n\n\n<p class=\"wp-block-paragraph\">Rafael Ram\u00edrez: Soy reportero desde que los tel\u00e9fonos ten\u00edan antena. Escribo del congreso y partidos pol\u00edticos.<\/p>\n\n\n\n<p class=\"wp-block-paragraph\"><strong>\u00daltimas notas:<\/strong><\/p>\n","protected":false},"excerpt":{"rendered":"<p>Claudia Sheinbaum encabez\u00f3 su primer Grito de Independencia.&nbsp;\/&nbsp;Foto: Omar Flores \/ El Sol de M\u00e9xico La presidenta Claudia Sheinbaum recibi\u00f3 la bandera de M\u00e9xico de una escolta conformada exclusivamente por mujeres cadetes del Colegio Militar Rafael Ram\u00edrez&nbsp; SemM\u00e9xico\/ El Sol de M\u00e9xico, Cd. de M\u00e9xico, 17 de septiembre, 2025.-\u00a0 La noche del 15 de septiembre, [&hellip;]<\/p>\n","protected":false},"author":3,"featured_media":98791,"comment_status":"open","ping_status":"open","sticky":false,"template":"","format":"standard","meta":{"_monsterinsights_skip_tracking":false,"footnotes":""},"categories":[903],"tags":[],"class_list":["post-98786","post","type-post","status-publish","format-standard","has-post-thumbnail","category-presidenta-y-mas"],"_links":{"self":[{"href":"https:\/\/redsemlac.com\/semmexico\/wp-json\/wp\/v2\/posts\/98786","targetHints":{"allow":["GET"]}}],"collection":[{"href":"https:\/\/redsemlac.com\/semmexico\/wp-json\/wp\/v2\/posts"}],"about":[{"href":"https:\/\/redsemlac.com\/semmexico\/wp-json\/wp\/v2\/types\/post"}],"author":[{"embeddable":true,"href":"https:\/\/redsemlac.com\/semmexico\/wp-json\/wp\/v2\/users\/3"}],"replies":[{"embeddable":true,"href":"https:\/\/redsemlac.com\/semmexico\/wp-json\/wp\/v2\/comments?post=98786"}],"version-history":[{"count":0,"href":"https:\/\/redsemlac.com\/semmexico\/wp-json\/wp\/v2\/posts\/98786\/revisions"}],"wp:featuredmedia":[{"embeddable":true,"href":"https:\/\/redsemlac.com\/semmexico\/wp-json\/wp\/v2\/media\/98791"}],"wp:attachment":[{"href":"https:\/\/redsemlac.com\/semmexico\/wp-json\/wp\/v2\/media?parent=98786"}],"wp:term":[{"taxonomy":"category","embeddable":true,"href":"https:\/\/redsemlac.com\/semmexico\/wp-json\/wp\/v2\/categories?post=98786"},{"taxonomy":"post_tag","embeddable":true,"href":"https:\/\/redsemlac.com\/semmexico\/wp-json\/wp\/v2\/tags?post=98786"}],"curies":[{"name":"wp","href":"https:\/\/api.w.org\/{rel}","templated":true}]}}