{"id":98769,"date":"2025-09-17T14:56:30","date_gmt":"2025-09-17T20:56:30","guid":{"rendered":"https:\/\/redsemlac.com\/semmexico\/?p=98769"},"modified":"2025-09-17T14:56:31","modified_gmt":"2025-09-17T20:56:31","slug":"opinion-gritos-y-susurros","status":"publish","type":"post","link":"https:\/\/redsemlac.com\/semmexico\/opinion-gritos-y-susurros\/","title":{"rendered":"Opini\u00f3n | Gritos y susurros"},"content":{"rendered":"\n<p class=\"wp-block-paragraph\">David Mart\u00edn del Campo<\/p>\n\n\n\n<p class=\"wp-block-paragraph\">SemM\u00e9xico, Cuernavaca, Morelos, 17 de septiembre, 2025.-La \u201c1 T\u201d no inici\u00f3 con el programa acordado, aqu\u00e9l de que se sublevar\u00edan los dragones de la reina y las milicias a su mando, acaudillados por el capit\u00e1n Ignacio Allende. No; arranc\u00f3 al despiporre, despabilados por las campanas llamando a rebato una vez que el p\u00e1rroco de Dolores supo que la asonada hab\u00eda sido delatada. Lo dem\u00e1s, es historia.<\/p>\n\n\n\n<p class=\"wp-block-paragraph\">&nbsp;&nbsp;&nbsp;&nbsp;&nbsp;&nbsp;&nbsp;&nbsp; El grito del padre Miguel Hidalgo, aquella madrugada hace 215 a\u00f1os, fue vehemente: \u201c\u00a1Viva Fernando VII, muera el mal gobierno!\u201d, y arr\u00e1nquense con los machetes y azadones que tengan a la mano. Dos siglos despu\u00e9s el grito sigue repiti\u00e9ndose en \u00e9sta, la fecha patria, aunque no precisamente para exaltar a Sus Majestades.<\/p>\n\n\n\n<p class=\"wp-block-paragraph\">&nbsp;&nbsp;&nbsp;&nbsp;&nbsp;&nbsp;&nbsp;&nbsp; De hecho el M\u00e9xico independiente inici\u00f3 como imperio al ser coronado Agust\u00edn de Iturbide como soberano, una vez que defeccionara del ej\u00e9rcito real y se sumara a la lucha de Vicente Guerrero en el famoso \u201cAbrazo de Acatempan\u201d. Esas deslealtades nos vienen desde entonces, eso de abandonar el partido en desgracia para sumarse al que se abre a la redenci\u00f3n del pueblo.<\/p>\n\n\n\n<p class=\"wp-block-paragraph\">&nbsp;&nbsp;&nbsp;&nbsp;&nbsp;&nbsp;&nbsp;&nbsp; El 15 es el d\u00eda del grito, y no hay mexicano que desde\u00f1e la efem\u00e9ride con el tequila en una mano y la pistola (o los cuetes) en la otra. Gritar, vociferar, desga\u00f1itarse, porque el resto del d\u00eda vivimos subyugados por el miedo a la violencia que asoma a la vuelta de la esquina. El gobernador Rub\u00e9n Rocha ha declarado que este a\u00f1o no habr\u00e1 \u201cfiesta del grito\u201d en Culiac\u00e1n, apelando a la comprensi\u00f3n de la ciudadan\u00eda, \u201cy que los sinaloenses festejen el orgullo de ser mexicanos en el seno de nuestros hogares\u201d. Lo mismo ha ocurrido en Uruapan, en Iztapalapa, en Cerro Azul y en Zozocolco, Veracruz. Es decir, el abrazo en casa y el susurro del Viva M\u00e9xico sin signos de admiraci\u00f3n.<\/p>\n\n\n\n<p class=\"wp-block-paragraph\">&nbsp;&nbsp;&nbsp;&nbsp;&nbsp;&nbsp;&nbsp;&nbsp; Mejor no gritar y sobrevivir, que es vivir entre murmullos, como las hormigas y los topos. Ya no la patria festejada con la bandera tremolante, las campanas al vuelo y los cohetones incendiando el cielo. No, porque hasta eso nos han prohibido ahora: que no haya cuetes ni petardos, cohetones de feria en lo alto \u201cporque son peligrosos y atemorizan a las mascotas en el hogar\u201d.<\/p>\n\n\n\n<p class=\"wp-block-paragraph\">&nbsp;&nbsp;&nbsp;&nbsp;&nbsp;&nbsp;&nbsp;&nbsp; La patria en murmullos, como suger\u00eda la pel\u00edcula de Ingmar Berman de 1973, \u201cGritos y susurros\u201d, y que gan\u00f3 el Oscar a la mejor realizaci\u00f3n de aquel a\u00f1o. Tres hermanas bajo encierro, el recuerdo de la infancia y los d\u00edas felices de entonces convertidos en tristeza y sombras como \u00fanica compa\u00f1\u00eda.<\/p>\n\n\n\n<p class=\"wp-block-paragraph\">&nbsp;&nbsp;&nbsp;&nbsp;&nbsp;&nbsp;&nbsp;&nbsp; As\u00ed ahora, ya que los se\u00f1ores de las mafias son due\u00f1os de medio pa\u00eds, mejor encerraditos en casa tomando agua de jamaica y que alguien, a las diez de la noche lance el grito\u2026 perd\u00f3n, el susurro: viva M\u00e9xico, sin marcas de entusiasmo, y a seguir jugando baraja.<\/p>\n\n\n\n<p class=\"wp-block-paragraph\">&nbsp;&nbsp;&nbsp;&nbsp;&nbsp;&nbsp;&nbsp;&nbsp; \u00a1Ah, el grito exaltado del presidente Luis Echeverr\u00eda!, acompa\u00f1ado por sus ministros L\u00f3pez Portillo, Ignacio Ovalle, Bravo Ahuja\u2026 cuando despu\u00e9s de emitir el tradicional \u201c\u00a1Viva M\u00e9xico y los h\u00e9roes que nos dieron patria y libertad!\u201d, lanzaba aquella arenga estramb\u00f3tica al clamar: \u201c\u00a1Vivan los Pueblos del Tercer Mundo!\u201d. S\u00ed, claro.<\/p>\n\n\n\n<p class=\"wp-block-paragraph\">&nbsp;&nbsp;&nbsp;&nbsp;&nbsp;&nbsp;&nbsp;&nbsp; El grito de ahora ha sido femenino, por primera vez en la historia, cuando la presidenta Sheinbaum Pardo ha llamado a enorgullecernos de nuestra independencia y soberan\u00eda. Esa misma bandera que en ese mismo balc\u00f3n, a su tiempo, enarbolaron Adolfo L\u00f3pez Mateos, Vicente Fox, L\u00e1zaro C\u00e1rdenas, Carlos Salinas de Gortari\u2026 pues obligaci\u00f3n legendaria es ensalzar la fecha en que el cura Miguel Hidalgo imagin\u00f3 (o no) que su arenga prender\u00eda \u2013luego de una lucha de diez a\u00f1os\u2013 en un pueblo subyugado por la corona espa\u00f1ola.<\/p>\n\n\n\n<p class=\"wp-block-paragraph\">&nbsp;&nbsp;&nbsp;&nbsp;&nbsp;&nbsp;&nbsp;&nbsp; Desga\u00f1itarse o no dega\u00f1itarse, eh ah\u00ed el dilema, dir\u00edan los cl\u00e1sicos, en el entendido que a la patria se la ama y se la defiende desde que as\u00ed lo aprendimos cuando p\u00e1rvulos. La bandera en lo alto, los cuetes, el tequila pero, sobre todo, la seguridad de sabernos ciudadanos libres de zozobras. Como no ocurre hoy d\u00eda \u2013ya en la Cuarta T\u2013, en que privan el susurro y las detonaciones de una guerra civil que no es tal, pero asoma.<\/p>\n\n\n\n<p class=\"wp-block-paragraph\">&nbsp;&nbsp;&nbsp;&nbsp;&nbsp;&nbsp;&nbsp;&nbsp; Viva M\u00e9xico, s\u00ed. \u00a1Viva!<\/p>\n\n\n\n<p class=\"wp-block-paragraph\">&#8230;<\/p>\n","protected":false},"excerpt":{"rendered":"<p>David Mart\u00edn del Campo SemM\u00e9xico, Cuernavaca, Morelos, 17 de septiembre, 2025.-La \u201c1 T\u201d no inici\u00f3 con el programa acordado, aqu\u00e9l de que se sublevar\u00edan los dragones de la reina y las milicias a su mando, acaudillados por el capit\u00e1n Ignacio Allende. No; arranc\u00f3 al despiporre, despabilados por las campanas llamando a rebato una vez que [&hellip;]<\/p>\n","protected":false},"author":3,"featured_media":84026,"comment_status":"open","ping_status":"open","sticky":false,"template":"","format":"standard","meta":{"_monsterinsights_skip_tracking":false,"footnotes":""},"categories":[35],"tags":[],"class_list":["post-98769","post","type-post","status-publish","format-standard","has-post-thumbnail","category-opinion"],"_links":{"self":[{"href":"https:\/\/redsemlac.com\/semmexico\/wp-json\/wp\/v2\/posts\/98769","targetHints":{"allow":["GET"]}}],"collection":[{"href":"https:\/\/redsemlac.com\/semmexico\/wp-json\/wp\/v2\/posts"}],"about":[{"href":"https:\/\/redsemlac.com\/semmexico\/wp-json\/wp\/v2\/types\/post"}],"author":[{"embeddable":true,"href":"https:\/\/redsemlac.com\/semmexico\/wp-json\/wp\/v2\/users\/3"}],"replies":[{"embeddable":true,"href":"https:\/\/redsemlac.com\/semmexico\/wp-json\/wp\/v2\/comments?post=98769"}],"version-history":[{"count":0,"href":"https:\/\/redsemlac.com\/semmexico\/wp-json\/wp\/v2\/posts\/98769\/revisions"}],"wp:featuredmedia":[{"embeddable":true,"href":"https:\/\/redsemlac.com\/semmexico\/wp-json\/wp\/v2\/media\/84026"}],"wp:attachment":[{"href":"https:\/\/redsemlac.com\/semmexico\/wp-json\/wp\/v2\/media?parent=98769"}],"wp:term":[{"taxonomy":"category","embeddable":true,"href":"https:\/\/redsemlac.com\/semmexico\/wp-json\/wp\/v2\/categories?post=98769"},{"taxonomy":"post_tag","embeddable":true,"href":"https:\/\/redsemlac.com\/semmexico\/wp-json\/wp\/v2\/tags?post=98769"}],"curies":[{"name":"wp","href":"https:\/\/api.w.org\/{rel}","templated":true}]}}