{"id":9872,"date":"2019-07-18T20:14:48","date_gmt":"2019-07-18T20:14:48","guid":{"rendered":"https:\/\/redsemlac.com\/semmexico\/?p=9872"},"modified":"2023-07-21T14:50:40","modified_gmt":"2023-07-21T19:50:40","slug":"mujeres-y-politica-30","status":"publish","type":"post","link":"https:\/\/redsemlac.com\/semmexico\/mujeres-y-politica-30\/","title":{"rendered":"Mujeres y Pol\u00edtica"},"content":{"rendered":"\n<h1 class=\"wp-block-heading\"><strong>Los otros datos<\/strong><\/h1>\n\n\n\n<p class=\"wp-block-paragraph\"><strong>* \u00bfDe verdad no permitir\u00e1n m\u00e1s casos\nen Oaxaca? <\/strong><\/p>\n\n\n\n<p class=\"wp-block-paragraph\"><strong>Soledad Jarqu\u00edn Edgar <\/strong><\/p>\n\n\n\n<p class=\"wp-block-paragraph\">SemM\u00e9xico,\n18 julio 2019.- A poco m\u00e1s de un mes de que se cumpla un a\u00f1o desde que se\ndecret\u00f3 para Oaxaca la Alerta de Violencia de G\u00e9nero contra las Mujeres, la\ntitular de la Secretar\u00eda de las Mujeres de Oaxaca anunci\u00f3 en un programa de la\nradio local que finalmente los 40 municipios cuentan ya con sus consejos\nmunicipales, el \u00faltimo, Santa Mar\u00eda Apazco, que de acuerdo a un bolet\u00edn sucedi\u00f3\nhoy o ayer.<\/p>\n\n\n\n<p class=\"wp-block-paragraph\">As\u00ed\nlas cosas, Ana Isabel V\u00e1squez Colmenares Guzm\u00e1n, anuncia con bombo y platillo,\nsemejante \u201clogro\u201d, como tambi\u00e9n se\u00f1ala que el pr\u00f3ximo 16 de agosto se realizar\u00e1\nen la capital oaxaque\u00f1a un Foro Regional con los estados del sureste del pa\u00eds\nque cuentan con Alerta de Violencia de G\u00e9nero contra las Mujeres y dice \u2013llena de\norgullo, claro- que \u00e9sta reuni\u00f3n, como la realizada por el Instituto Nacional\nde las Mujeres hace unos d\u00edas, son resultado del \u201ccompromiso, el impulso\u201d que\nOaxaca ha dado a estos (\u201cLos temas\u201d) los temas de la violencia feminicida y el\nfeminicidio.<\/p>\n\n\n\n<p class=\"wp-block-paragraph\">\u00bfDe\nverdad? <\/p>\n\n\n\n<p class=\"wp-block-paragraph\">Y\nes que, aunque quisiera no se puede aplicar el asunto del vaso medio lleno o\nmedio vac\u00edo, o aquello que todo depende del cristal desde donde se mira, porque\nlos datos estad\u00edsticos -que entre otras cosas nos ayudan a mirar la violencia y\ncon ello la desigualdad, una herramienta fundamental en los estudios feministas-,\nrevelan en Oaxaca otras cosas que la titular de la Secretar\u00eda de las Mujeres de\nOaxaca no puede ver y se ahoga entre sus propios elogios de un trabajo que\ntiene resultados funestos para las oaxaque\u00f1as y sus familias.<\/p>\n\n\n\n<p class=\"wp-block-paragraph\">Y\ns\u00ed, ya sabemos en agosto pr\u00f3ximo se cumple un a\u00f1o de la declaratoria hecha por\nla Secretar\u00eda de Gobernaci\u00f3n para 40 municipios de Oaxaca. El primero en\nresponder casi de manera inmediata fue Oaxaca de Ju\u00e1rez, de ah\u00ed hasta hace unos\nd\u00edas y durante largo rato no lo hicieron otros municipios. Una tarea en la que\nla secretaria de las Mujeres de Oaxaca ten\u00eda toda la responsabilidad sobre sus\nhombros y que no logr\u00f3 durante largo rato explicar a las autoridades de qu\u00e9 se\ntrataba eso de la Alerta de Violencia de G\u00e9nero, ni c\u00f3mo se deb\u00eda aplicar o qu\u00e9\ndeber\u00edan hacer. Aun as\u00ed, ella, con voz festiva responde en un programa de radio\nde la Corporaci\u00f3n Oaxaque\u00f1a de Radio y Televisi\u00f3n.<\/p>\n\n\n\n<p class=\"wp-block-paragraph\">Y\nahora s\u00ed, como dice Andr\u00e9s Manuel L\u00f3pez Obrador, las organizaciones de la\nsociedad civil tienen \u201cotros datos\u201d, los que evidentemente no corresponden a\nlas cuentas que brind\u00f3 en ese noticiario la secretaria de las Mujeres.<\/p>\n\n\n\n<p class=\"wp-block-paragraph\">Por\nejemplo, Consorcio para el Di\u00e1logo Parlamentario y la Equidad Oaxaca elabor\u00f3\nuna gr\u00e1fica que muestra el aumento de feminicidios durante el gobierno de Alejandro\nMurat con respecto a su antecesor Gabino Cu\u00e9, en el periodo de los dos y medio\nprimeros a\u00f1os de gobierno.<\/p>\n\n\n\n<figure class=\"wp-block-image\"><img loading=\"lazy\" decoding=\"async\" width=\"640\" height=\"480\" src=\"https:\/\/redsemlac.com\/semmexico\/wp-content\/uploads\/2019\/07\/WhatsApp-Image-2019-07-18-at-2.30.18-PM.jpeg\" alt=\"\" class=\"wp-image-9873\"\/><\/figure>\n\n\n\n<p class=\"wp-block-paragraph\">Lo\nque encuentra este organismo de la sociedad civil es que en el caso de Cu\u00e9\nMonteagudo (diciembre de 2010-mayo 2012) ocurrieron 198 feminicidios y con\nMurat (diciembre de 2016-mayo 2019) la ocurrencia fue de 297 feminicidios, 99\n(noventa y nueve) m\u00e1s. Cosa grave, pues representa un incremento del 67 por\nciento entre un gobernante y otro, reitero, en los 30 primeros meses de\ngobierno de ambos mandatarios.<\/p>\n\n\n\n<p class=\"wp-block-paragraph\">Por\notro lado, indispensable citar tambi\u00e9n las estad\u00edsticas que sobre el\nfeminicidio reporta el GES-Mujer, que se\u00f1ala que en este a\u00f1o en Oaxaca la\nocurrencia de asesinatos de mujeres asciende a 80, y que en entre el 1 de\ndiciembre de 2016 \u2013cuando asume la gubernatura Alejandro Murat- y el 16 de\njulio pasado, la cifra funesta de feminicidios es de 329 casos.<\/p>\n\n\n\n<p class=\"wp-block-paragraph\">La\ngran pregunta es \u00bfcu\u00e1ntos de estos asesinos han sido detenidos, procesados y\nsentenciados?<\/p>\n\n\n\n<p class=\"wp-block-paragraph\">Y\nhay una cifra m\u00e1s, desde la declaratoria de alerta de violencia de g\u00e9nero, que\ndicho sea de paso no es varita m\u00e1gica, pero s\u00ed revela mucho de lo poco que se\nhace para terminar con el problema desde la institucionalidad \u2013como sucede con\nel municipio de Apazco-, es que han ocurrido m\u00e1s de 100 asesinatos contra\nmujeres. <\/p>\n\n\n\n<p class=\"wp-block-paragraph\">Lo\n\u00faltimo, es la declaraci\u00f3n temeraria de la titular de la Secretar\u00eda de las\nMujeres de Oaxaca, refiri\u00e9ndose a las reuniones de INMUJERES que ya se hizo, y\nla que se har\u00e1 con CONAVIM en agosto pr\u00f3ximo, \u201ca nosotras nos alegra, porque el\ntema de la violencia feminicida es grave, no podemos permitir que haya ni un\ncaso m\u00e1s\u201d, una medida muy alta para el gobierno donde m\u00e1s asesinatos y mucha\nimpunidad ha existido en las \u00faltimas d\u00e9cadas.<\/p>\n","protected":false},"excerpt":{"rendered":"<p>Los otros datos\ufeff<\/p>\n","protected":false},"author":3,"featured_media":8460,"comment_status":"open","ping_status":"open","sticky":false,"template":"","format":"standard","meta":{"_monsterinsights_skip_tracking":false,"footnotes":""},"categories":[690,96,75],"tags":[],"class_list":["post-9872","post","type-post","status-publish","format-standard","has-post-thumbnail","category-690","category-mujeres-y-politica","category-soledad-jarquin-edgar"],"_links":{"self":[{"href":"https:\/\/redsemlac.com\/semmexico\/wp-json\/wp\/v2\/posts\/9872","targetHints":{"allow":["GET"]}}],"collection":[{"href":"https:\/\/redsemlac.com\/semmexico\/wp-json\/wp\/v2\/posts"}],"about":[{"href":"https:\/\/redsemlac.com\/semmexico\/wp-json\/wp\/v2\/types\/post"}],"author":[{"embeddable":true,"href":"https:\/\/redsemlac.com\/semmexico\/wp-json\/wp\/v2\/users\/3"}],"replies":[{"embeddable":true,"href":"https:\/\/redsemlac.com\/semmexico\/wp-json\/wp\/v2\/comments?post=9872"}],"version-history":[{"count":0,"href":"https:\/\/redsemlac.com\/semmexico\/wp-json\/wp\/v2\/posts\/9872\/revisions"}],"wp:featuredmedia":[{"embeddable":true,"href":"https:\/\/redsemlac.com\/semmexico\/wp-json\/wp\/v2\/media\/8460"}],"wp:attachment":[{"href":"https:\/\/redsemlac.com\/semmexico\/wp-json\/wp\/v2\/media?parent=9872"}],"wp:term":[{"taxonomy":"category","embeddable":true,"href":"https:\/\/redsemlac.com\/semmexico\/wp-json\/wp\/v2\/categories?post=9872"},{"taxonomy":"post_tag","embeddable":true,"href":"https:\/\/redsemlac.com\/semmexico\/wp-json\/wp\/v2\/tags?post=9872"}],"curies":[{"name":"wp","href":"https:\/\/api.w.org\/{rel}","templated":true}]}}