{"id":98701,"date":"2025-09-15T15:36:25","date_gmt":"2025-09-15T21:36:25","guid":{"rendered":"https:\/\/redsemlac.com\/semmexico\/?p=98701"},"modified":"2025-09-15T15:36:26","modified_gmt":"2025-09-15T21:36:26","slug":"desfile-militar-destacara-la-presencia-de-mujeres-en-las-fuerzas-armadas","status":"publish","type":"post","link":"https:\/\/redsemlac.com\/semmexico\/desfile-militar-destacara-la-presencia-de-mujeres-en-las-fuerzas-armadas\/","title":{"rendered":"Desfile Militar destacar\u00e1 la presencia de mujeres en las fuerzas armadas"},"content":{"rendered":"\n<ul class=\"wp-block-list\">\n<li>Ellas encabezar\u00e1n las columnas por el 215 Aniversario de la Guerra de Independencia<\/li>\n\n\n\n<li>2025 un a\u00f1o hist\u00f3rico, participaran en el desfile c\u00edvico militar m\u00e1s de 4 mil mujeres<\/li>\n<\/ul>\n\n\n\n<p class=\"wp-block-paragraph\">Redacci\u00f3n<\/p>\n\n\n\n<p class=\"wp-block-paragraph\">SemM\u00e9xico\/El Sol de M\u00e9xico, Ciudad de M\u00e9xico, 15 de septiembre, 2025.- Este 16 de septiembre en el desfine militar de conmmemoraci\u00f3n de la Independencia participar\u00e1n pas de cuatro mil mujeres entre 16 mil militares.<\/p>\n\n\n\n<p class=\"wp-block-paragraph\">Tambien, en los mensajes se destacar\u00e1 su participaci\u00f3n femenina en la historia del pa\u00eds, en el&nbsp;<strong>Desfile Militar&nbsp;<\/strong>por el 215 Aniversario del Inicio de la&nbsp;<strong>Guerra de Independencia<\/strong>, inform\u00f3 la capit\u00e1n segunda, cirujano dentista, Citlalli Nayaret Viniegra Aguilar.<\/p>\n\n\n\n<p class=\"wp-block-paragraph\"><em>Durante todo el transcurso de la columna del desfile vamos a poder apreciar la participaci\u00f3n activa de las mujeres; este a\u00f1o 2025 es un a\u00f1o hist\u00f3rico para nuestro pa\u00eds y para el desfile c\u00edvico militar, vamos a tener la participaci\u00f3n de m\u00e1s de cuatro mil mujeres que van a estar integradas en todo el contingente\u201d, explic\u00f3 la capit\u00e1n Viniegra.<\/em><\/p>\n\n\n\n<p class=\"wp-block-paragraph\">La&nbsp;Revista a la Columna del Desfile Militar,&nbsp;por el 215 Aniversario del Inicio de la Guerra de Independencia, fue encabezada este jueves por el general Arturo Coronel Flores, jefe del Estado Mayor Conjunto de la Defensa Nacional, en representaci\u00f3n del titular de la Secretar\u00eda de la Defensa Nacional (Defensa), general Ricardo Trevilla Trejo.<\/p>\n\n\n\n<p class=\"wp-block-paragraph\">Por instrucciones de la&nbsp;presidenta Claudia Sheinbaum Pardo, para esta ocasi\u00f3n se design\u00f3 al comandante del Ej\u00e9rcito Mexicano, general Francisco de Jes\u00fas Leana Ojeda, como comandante de la Columna del Desfile Militar.<\/p>\n\n\n\n<p class=\"wp-block-paragraph\">Haciendo honor a su formaci\u00f3n en el Arma de Artiller\u00eda, en el Heroico Colegio Militar, de donde egres\u00f3 en 1976, el general Leana Ojeda abrir\u00e1 la Columna del Desfile a bordo de un veh\u00edculo Cimarr\u00f3n del Ej\u00e9rcito Mexicano, escoltado por veh\u00edculos similares de la Fuerza A\u00e9rea Mexicana (FAM) y de la Guardia Nacional.<\/p>\n\n\n\n<p class=\"wp-block-paragraph\"><em>Es una de las innovaciones que tenemos preparadas para este desfile c\u00edvico militar, vamos a ver al comandante de la columna del Desfile a bordo de un veh\u00edculo Cimarr\u00f3n, y tambi\u00e9n su grupo de comando est\u00e1 integrado por veh\u00edculos blindados; es muy importante destacar que estos veh\u00edculos, pues son dise\u00f1ados, fabricados y ensamblados por la Industria Militar\u201d, detall\u00f3 la capit\u00e1n Viniegra.<\/em><\/p>\n\n\n\n<p class=\"wp-block-paragraph\">La pr\u00e1ctica del Desfile Militar se realiz\u00f3 en la explanada Dami\u00e1n Carmona, del Campo Militar n\u00famero 1, General \u00c1lvaro Obreg\u00f3n, con la asistencia del comandante de la FAM, general de Divisi\u00f3n piloto aviador, Rom\u00e1n Carmona Landa, y el comandante de la Guardia Nacional, general Hern\u00e1n Cort\u00e9s Hern\u00e1ndez, entre otros mandos de la Defensa.<\/p>\n\n\n\n<p class=\"wp-block-paragraph\">Se calcula la participaci\u00f3n de aproximadamente 16 mil elementos de la dependencia, con el apoyo de m\u00e1s de 600 veh\u00edculos y 100 aeronaves, las cifras definitivas se proporcionar\u00e1n el pr\u00f3ximo 16 de septiembre, al concluir la parada militar.<\/p>\n\n\n\n<p class=\"wp-block-paragraph\">Abrir\u00e1n el Desfile Militar con siete carros tem\u00e1ticos, de los cuales cuatro est\u00e1n dedicados a la participaci\u00f3n de la mujer en la historia y desarrollo del pa\u00eds, con una representaci\u00f3n de grupos ind\u00edgenas, en la Independencia, en la Reforma y en la actualidad.<\/p>\n\n\n\n<p class=\"wp-block-paragraph\">De acuerdo con la pr\u00e1ctica, el pr\u00f3ximo martes 16 de septiembre los oradores principales ser\u00e1n el titular de la Defensa, general Trevilla Trejo, y la presidenta Sheinbaum Pardo.<\/p>\n\n\n\n<p class=\"wp-block-paragraph\">SEM\/El Sol de M\u00e9xico<\/p>\n\n\n\n<figure class=\"wp-block-image size-full\"><a href=\"https:\/\/redsemlac.com\/semmexico\/wp-content\/uploads\/2025\/09\/MARINA-2.png\"><img loading=\"lazy\" decoding=\"async\" width=\"570\" height=\"425\" src=\"https:\/\/redsemlac.com\/semmexico\/wp-content\/uploads\/2025\/09\/MARINA-2.png\" alt=\"\" class=\"wp-image-98704\" srcset=\"https:\/\/redsemlac.com\/semmexico\/wp-content\/uploads\/2025\/09\/MARINA-2.png 570w, https:\/\/redsemlac.com\/semmexico\/wp-content\/uploads\/2025\/09\/MARINA-2-300x224.png 300w, https:\/\/redsemlac.com\/semmexico\/wp-content\/uploads\/2025\/09\/MARINA-2-150x112.png 150w\" sizes=\"auto, (max-width: 570px) 100vw, 570px\" \/><\/a><\/figure>\n\n\n\n<figure class=\"wp-block-image size-full\"><a href=\"https:\/\/redsemlac.com\/semmexico\/wp-content\/uploads\/2025\/09\/MARINA-3.png\"><img loading=\"lazy\" decoding=\"async\" width=\"771\" height=\"434\" src=\"https:\/\/redsemlac.com\/semmexico\/wp-content\/uploads\/2025\/09\/MARINA-3.png\" alt=\"\" class=\"wp-image-98703\" srcset=\"https:\/\/redsemlac.com\/semmexico\/wp-content\/uploads\/2025\/09\/MARINA-3.png 771w, https:\/\/redsemlac.com\/semmexico\/wp-content\/uploads\/2025\/09\/MARINA-3-300x169.png 300w, https:\/\/redsemlac.com\/semmexico\/wp-content\/uploads\/2025\/09\/MARINA-3-768x432.png 768w, https:\/\/redsemlac.com\/semmexico\/wp-content\/uploads\/2025\/09\/MARINA-3-150x84.png 150w, https:\/\/redsemlac.com\/semmexico\/wp-content\/uploads\/2025\/09\/MARINA-3-696x392.png 696w\" sizes=\"auto, (max-width: 771px) 100vw, 771px\" \/><\/a><\/figure>\n","protected":false},"excerpt":{"rendered":"<p>Redacci\u00f3n SemM\u00e9xico\/El Sol de M\u00e9xico, Ciudad de M\u00e9xico, 15 de septiembre, 2025.- Este 16 de septiembre en el desfine militar de conmmemoraci\u00f3n de la Independencia participar\u00e1n pas de cuatro mil mujeres entre 16 mil militares. Tambien, en los mensajes se destacar\u00e1 su participaci\u00f3n femenina en la historia del pa\u00eds, en el&nbsp;Desfile Militar&nbsp;por el 215 Aniversario [&hellip;]<\/p>\n","protected":false},"author":3,"featured_media":98702,"comment_status":"open","ping_status":"open","sticky":false,"template":"","format":"standard","meta":{"_monsterinsights_skip_tracking":false,"footnotes":""},"categories":[903],"tags":[],"class_list":["post-98701","post","type-post","status-publish","format-standard","has-post-thumbnail","category-presidenta-y-mas"],"_links":{"self":[{"href":"https:\/\/redsemlac.com\/semmexico\/wp-json\/wp\/v2\/posts\/98701","targetHints":{"allow":["GET"]}}],"collection":[{"href":"https:\/\/redsemlac.com\/semmexico\/wp-json\/wp\/v2\/posts"}],"about":[{"href":"https:\/\/redsemlac.com\/semmexico\/wp-json\/wp\/v2\/types\/post"}],"author":[{"embeddable":true,"href":"https:\/\/redsemlac.com\/semmexico\/wp-json\/wp\/v2\/users\/3"}],"replies":[{"embeddable":true,"href":"https:\/\/redsemlac.com\/semmexico\/wp-json\/wp\/v2\/comments?post=98701"}],"version-history":[{"count":0,"href":"https:\/\/redsemlac.com\/semmexico\/wp-json\/wp\/v2\/posts\/98701\/revisions"}],"wp:featuredmedia":[{"embeddable":true,"href":"https:\/\/redsemlac.com\/semmexico\/wp-json\/wp\/v2\/media\/98702"}],"wp:attachment":[{"href":"https:\/\/redsemlac.com\/semmexico\/wp-json\/wp\/v2\/media?parent=98701"}],"wp:term":[{"taxonomy":"category","embeddable":true,"href":"https:\/\/redsemlac.com\/semmexico\/wp-json\/wp\/v2\/categories?post=98701"},{"taxonomy":"post_tag","embeddable":true,"href":"https:\/\/redsemlac.com\/semmexico\/wp-json\/wp\/v2\/tags?post=98701"}],"curies":[{"name":"wp","href":"https:\/\/api.w.org\/{rel}","templated":true}]}}