{"id":98604,"date":"2025-09-11T19:04:29","date_gmt":"2025-09-12T01:04:29","guid":{"rendered":"https:\/\/redsemlac.com\/semmexico\/?p=98604"},"modified":"2025-09-11T19:04:30","modified_gmt":"2025-09-12T01:04:30","slug":"uamex-respalda-a-estudiante-y-condena-violencia-digital-por-haber-cuestionado-a-gerardo-fernandez-norona","status":"publish","type":"post","link":"https:\/\/redsemlac.com\/semmexico\/uamex-respalda-a-estudiante-y-condena-violencia-digital-por-haber-cuestionado-a-gerardo-fernandez-norona\/","title":{"rendered":"UAMEX respalda a estudiante y condena violencia digital por haber cuestionado a Gerardo Fern\u00e1ndez Noro\u00f1a"},"content":{"rendered":"\n<p class=\"wp-block-paragraph\">Lo increp\u00f3 por su actitud mis\u00f3gina y machista contra senadora Lily T\u00e9llez<\/p>\n\n\n\n<p class=\"wp-block-paragraph\">La estudiante lamenta que se est\u00e9 estrechando la libertad de expresi\u00f3n en M\u00e9xico<\/p>\n\n\n\n<p class=\"wp-block-paragraph\">Micaela M\u00e1rquez<\/p>\n\n\n\n<p class=\"wp-block-paragraph\">SemM\u00e9xico, &nbsp;Cd. de M\u00e9xico, 11 de septiembre, 2025.- Ante los ataques, burlas y acoso digital contra&nbsp; Victoria Montes de Oca Casta\u00f1eda, estudiante de la Facultad de Ciencias Pol\u00edticas y Sociales, luego de que cuestionara al senador Gerardo Fern\u00e1ndez Noro\u00f1a durante el evento Escuela de Formaci\u00f3n por la Paz y la Democracia. Estudiantes del 68, en el Senado de la Rep\u00fablica, la Universidad Aut\u00f3noma del Estado de M\u00e9xico (UAEM\u00e9x) conden\u00f3 las expresiones de hostigamiento y violencia digital ejercidas en contra de la estudiante.&nbsp;<\/p>\n\n\n\n<p class=\"wp-block-paragraph\">En un pronunciamiento dirigido a su comunidad, la UAEM\u00e9x enfatiz\u00f3 que la violencia digital representa una amenaza seria que trasciende el \u00e1mbito virtual y afecta la integridad de las personas. \u201cImpulsamos una cultura de paz digital, donde el respeto, la \u00e9tica, la privacidad y la empat\u00eda sean pilares en la interacci\u00f3n dentro y fuera de nuestras plataformas institucionales\u201d.<\/p>\n\n\n\n<p class=\"wp-block-paragraph\">Victoria Montes de Oca Casta\u00f1eda en sus redes sociales y en una entrevista con MVS Noticias expres\u00f3 que \u201cEs doloroso ver c\u00f3mo, por el simple hecho de hablar, cuestionar y pensar diferente, se me ataque de esta manera; no soy figura p\u00fablica con poder\u201d.<\/p>\n\n\n\n<p class=\"wp-block-paragraph\">El d\u00eda del evento, el pasado 6 de septiembre, Victoria cuestion\u00f3 a Gerardo Fern\u00e1ndez Noro\u00f1a:<\/p>\n\n\n\n<p class=\"wp-block-paragraph\">&nbsp;\u201cNo s\u00e9 d\u00f3nde realmente quede lo que ahorita est\u00e1 tocando el tema de la mujer, el respeto a la mujer, la equidad, si usted es el primero que es mis\u00f3gino y machista. No s\u00e9 si recuerde el d\u00eda que en el Senado le dijo a la senadora Lilly T\u00e9llez \u2018t\u00fa no est\u00e1s para debatir, t\u00fa est\u00e1s para lavar trastes\u2019, entonces mi pregunta es \u00bfd\u00f3nde queda la congruencia que usted dice tener de la mujer?\u201d.<\/p>\n\n\n\n<p class=\"wp-block-paragraph\">Fern\u00e1ndez Noro\u00f1a neg\u00f3 haber hecho las expresiones que la estudiante le atribuy\u00f3, calific\u00f3 como grave el se\u00f1alamiento y demand\u00f3 que aclarara la fuente de informaci\u00f3n que consult\u00f3 y en la cual se leachacan las frases en cuesti\u00f3n.<\/p>\n\n\n\n<p class=\"wp-block-paragraph\">La estudiante tambi\u00e9n critic\u00f3 al senador por la compra de una casa en Tepoztl\u00e1nvaluadaen 12 millones de pesos<strong>, <\/strong>cuestionando los valores de su partido respecto a la austeridad.<\/p>\n\n\n\n<p class=\"wp-block-paragraph\">\u201c\u00bfD\u00f3nde queda?, porque si usted no dijera y su partido no mencionara a cada rato la austeridad, la austeridad, la austeridad y criticara tanto a los dem\u00e1s partidos, yo dir\u00eda bueno, est\u00e1 bien, cada qui\u00e9n tiene derecho a la vida que quiera, pero simplemente no puede venir a decir de eso de la austeridad, si no lo hay, si en su partido no lo hay y nada m\u00e1s se la pasan con mentiras y con incongruencias, porque su partido en eso se basa, en incongruencias, entonces no s\u00e9 si me pueda dar una respuesta o se va a salir por la tangente?\u201d.<\/p>\n\n\n\n<p class=\"wp-block-paragraph\">Al respecto, el senador de Morena respondi\u00f3 que hay una confusi\u00f3n entre lo que es \u201causteridad p\u00fablica\u201d y \u201causteridad personal\u201d y expres\u00f3 que \u00e9l no tiene ninguna obligaci\u00f3n de ser austero.<\/p>\n\n\n\n<p class=\"wp-block-paragraph\">El incidente gener\u00f3 reacciones divididas en plataformas digitales: mientras algunos usuarios y figuras como la misma senadora Lilly T\u00e9llez expresaron apoyo, otros descalificaron a la joven con etiquetas como #LadyMentirosa.<\/p>\n\n\n\n<p class=\"wp-block-paragraph\">La UAMEX subray\u00f3 que este tipo de agresiones vulneran los derechos fundamentales y reiter\u00f3 su pol\u00edtica de cero tolerancia frente a cualquier forma de violencia, incluida la que se ejerce en espacios virtuales. Expres\u00f3 su solidaridad con las v\u00edctimas de estas agresiones y reafirm\u00f3 su compromiso de acompa\u00f1arlas. Anunci\u00f3 el fortalecimiento de mecanismos de denuncia, prevenci\u00f3n y atenci\u00f3n a trav\u00e9s de instancias como la Consejer\u00eda Jur\u00eddica y la Secretar\u00eda de Igualdad Sustantiva y de Cuidados.<\/p>\n\n\n\n<p class=\"wp-block-paragraph\">La Administraci\u00f3n Universitaria convoc\u00f3 a estudiantes, docentes y personal a sumar esfuerzos en la construcci\u00f3n de espacios digitales seguros, libres de violencia y discriminaci\u00f3n.<\/p>\n","protected":false},"excerpt":{"rendered":"<p>Lo increp\u00f3 por su actitud mis\u00f3gina y machista contra senadora Lily T\u00e9llez La estudiante lamenta que se est\u00e9 estrechando la libertad de expresi\u00f3n en M\u00e9xico Micaela M\u00e1rquez SemM\u00e9xico, &nbsp;Cd. de M\u00e9xico, 11 de septiembre, 2025.- Ante los ataques, burlas y acoso digital contra&nbsp; Victoria Montes de Oca Casta\u00f1eda, estudiante de la Facultad de Ciencias Pol\u00edticas [&hellip;]<\/p>\n","protected":false},"author":3,"featured_media":98605,"comment_status":"open","ping_status":"open","sticky":false,"template":"","format":"standard","meta":{"_monsterinsights_skip_tracking":false,"footnotes":""},"categories":[48],"tags":[],"class_list":["post-98604","post","type-post","status-publish","format-standard","has-post-thumbnail","category-no-mas-impunidad-no-mas-impunidad"],"_links":{"self":[{"href":"https:\/\/redsemlac.com\/semmexico\/wp-json\/wp\/v2\/posts\/98604","targetHints":{"allow":["GET"]}}],"collection":[{"href":"https:\/\/redsemlac.com\/semmexico\/wp-json\/wp\/v2\/posts"}],"about":[{"href":"https:\/\/redsemlac.com\/semmexico\/wp-json\/wp\/v2\/types\/post"}],"author":[{"embeddable":true,"href":"https:\/\/redsemlac.com\/semmexico\/wp-json\/wp\/v2\/users\/3"}],"replies":[{"embeddable":true,"href":"https:\/\/redsemlac.com\/semmexico\/wp-json\/wp\/v2\/comments?post=98604"}],"version-history":[{"count":0,"href":"https:\/\/redsemlac.com\/semmexico\/wp-json\/wp\/v2\/posts\/98604\/revisions"}],"wp:featuredmedia":[{"embeddable":true,"href":"https:\/\/redsemlac.com\/semmexico\/wp-json\/wp\/v2\/media\/98605"}],"wp:attachment":[{"href":"https:\/\/redsemlac.com\/semmexico\/wp-json\/wp\/v2\/media?parent=98604"}],"wp:term":[{"taxonomy":"category","embeddable":true,"href":"https:\/\/redsemlac.com\/semmexico\/wp-json\/wp\/v2\/categories?post=98604"},{"taxonomy":"post_tag","embeddable":true,"href":"https:\/\/redsemlac.com\/semmexico\/wp-json\/wp\/v2\/tags?post=98604"}],"curies":[{"name":"wp","href":"https:\/\/api.w.org\/{rel}","templated":true}]}}