{"id":9859,"date":"2019-07-18T19:48:57","date_gmt":"2019-07-18T19:48:57","guid":{"rendered":"https:\/\/redsemlac.com\/semmexico\/?p=9859"},"modified":"2023-07-21T14:50:40","modified_gmt":"2023-07-21T19:50:40","slug":"el-futbol-femenino-enamora-a-la-aficion","status":"publish","type":"post","link":"https:\/\/redsemlac.com\/semmexico\/el-futbol-femenino-enamora-a-la-aficion\/","title":{"rendered":"El f\u00fatbol femenino enamora a la afici\u00f3n"},"content":{"rendered":"\n<p class=\"wp-block-paragraph\"><strong>* Mundial de F\u00fatbol Femenino celebrado\nen Francia deshace estereotipos <\/strong><\/p>\n\n\n\n<p class=\"wp-block-paragraph\"><strong>* Contribuye a luchar contra el\nmachismo en el deporte<\/strong><\/p>\n\n\n\n<p class=\"wp-block-paragraph\"><strong><br>\nRoberto P\u00e9rez Abella<\/strong><\/p>\n\n\n\n<p class=\"wp-block-paragraph\">SemM\u00e9xico\/AmecoPress,\nMadrid, 18 julio 2019.-&nbsp;Hace cuatro a\u00f1os en Canad\u00e1, durante la s\u00e9ptima\nedici\u00f3n del Mundial Femenino, ni Vicky Losada ni Marta Torrej\u00f3n sab\u00edan muy bien\nc\u00f3mo sentirse al ser la primera generaci\u00f3n de su pa\u00eds que se clasificaba para\nun torneo de esa envergadura. Tampoco sab\u00edan c\u00f3mo encajar esa clasificaci\u00f3n y\nesa responsabilidad las mediocentros Silvia Meseguer y Amanda Sampedro. Pero\ncrear un legado, hacer historia y servir de inspiraci\u00f3n a otras personas,\nsiempre cuesta. Aunque mucho menos de lo que podr\u00edan haber cre\u00eddo Jenni Hermoso\ny Marta Torrej\u00f3n cuando Espa\u00f1a era apeada en la fase de grupos de manera\nprematura. Porque ya lo dijo el legendario media punta carioca, Kak\u00e1: \u201cLa\nBiblia dice que la vida da m\u00e1s de lo que pedimos\u201d y \u201cno existe un gran jugador\nsin un gran equipo\u201d, algo que las jugadoras de Jorge Vilda han demostrado a\ntodo el mundo con la excelente actuaci\u00f3n e injusta, en cuanto a nivel de juego,\neliminaci\u00f3n en este Mundial Femenino celebrado en Francia, donde las rivales se\nhan deshecho en halagos por el \u201ctiki taka\u201d de las hispanas.<\/p>\n\n\n\n<p class=\"wp-block-paragraph\">La\nfase final del Mundial Femenino de f\u00fatbol coincide de lleno con las\ncelebraciones del Orgullo LGTB en distintas partes del globo, lo que ha servido\nde altavoz medi\u00e1tico para la reivindicaci\u00f3n no solo de los derechos de las\nfutbolistas sino tambi\u00e9n los de las mujeres. Estas semanas los medios inclu\u00edan\nen sus informaciones las declaraciones de las jugadoras en contra de las leyes\nanti- aborto o de la brecha salarial entre las categor\u00edas masculinas y las\nfemeninas. En esta octava edici\u00f3n del Mundial Femenino, donde solo un tercio\nson seleccionadoras, se est\u00e1 dejando en evidencia las desigualdades entre el\nf\u00fatbol masculino y el femenino y se han visto situaciones tan anormales como\nque la ganadora del bal\u00f3n de oro re\u00fase ir convocada con su selecci\u00f3n por la\nfalta de igualdad con el combinado masculino. El torneo estrella del f\u00fatbol a\nnivel internacional ya les ha dejado algunos deberes a las secciones masculinas\npara futuras ediciones como superar a la nueva m\u00e1xima goleadora de la historia\ndel torneo con 17 dianas o equiparar el galard\u00f3n final entre hombres y mujeres.<\/p>\n\n\n\n<p class=\"wp-block-paragraph\"><strong>Actuaci\u00f3n de la selecci\u00f3n espa\u00f1ola <\/strong><\/p>\n\n\n\n<p class=\"wp-block-paragraph\">La\nselecci\u00f3n espa\u00f1ola cumpli\u00f3 con el objetivo marcado de superar la temida fase de\ngrupos junto al combinado alem\u00e1n tras imponerse a China y Sud\u00e1frica en la\nclasificaci\u00f3n. Se tem\u00eda que Espa\u00f1a desarrollara un buen juego que no se\ntradujera en goles y le complicara el pase a la fase final del torneo, algo que\nal final por desgracia fue lo que ocurri\u00f3.<\/p>\n\n\n\n<p class=\"wp-block-paragraph\">Milagros\nMart\u00ednez, natural de Cuenca y ex entrenadora de la fundaci\u00f3n Albacete, ahora\nvive el sue\u00f1o de entrenar a un equipo semi-profesional masculino en Jap\u00f3n\nmasculino, el Suzuka Unlimited, siendo la primera mujer en lograr este\nobjetivo.<\/p>\n\n\n\n<p class=\"wp-block-paragraph\">Milagros\ncree que en estos \u00faltimos a\u00f1os Espa\u00f1a ha dado un paso adelante: \u201ct\u00e1cticamente y\nt\u00e9cnicamente estamos a un buen nivel, aunque s\u00ed que es verdad que nos falta un\npasito m\u00e1s para poder pelear a los equipos top\u201d resume la entrenadora. La\nprofesional indica que el mundial de Espa\u00f1a ha estado bastante bien y tanto el\nfutbol de cantera y de club como en la selecci\u00f3n, \u201cest\u00e1 dando buenos frutos, el\npr\u00f3ximo mundial Espa\u00f1a debe estar pelando por estar en el p\u00f3dium\u201d.<\/p>\n\n\n\n<p class=\"wp-block-paragraph\">El\npaso de la selecci\u00f3n espa\u00f1ola no ser\u00e1 ef\u00edmero, las cuotas de audiencia en Gol\nTv, canal encargado de difundir los encuentros de las espa\u00f1olas, registr\u00f3 en su\n\u00faltimo partido hasta un 12.8% de cuota y 1.320.000 espectadores. El mundo\nentero se ha rendido ante el potencial de las jugadoras espa\u00f1olas, desde la\nprensa francesa con las rotativas de L\u2019 Equipe y Voix du Nord con titulares\ncomo, \u201cLas alemanas sufrieron porque Espa\u00f1a ya est\u00e1 en la elite mundial\u201d o\n\u201cEspa\u00f1a hace temblar a Alemania\u201d, respectivamente; hasta grandes profesionales\ndel deporte, como Sergio Ramos que encumbraba a sus compa\u00f1eras de selecci\u00f3n en\nsu cuenta de twitter: \u201cHab\u00e9is perdido por dos penaltis. Hab\u00e9is ganado el\norgullo y la admiraci\u00f3n de todo un pa\u00eds. El camino continuar\u00e1, vaya que si lo\nhar\u00e1.\u201d Tambi\u00e9n daba la enhorabuena el presidente de la federaci\u00f3n espa\u00f1ola,\nLuis Rubiales, a las jugadoras, d\u00e1ndoles las gracias por romper el techo del\nf\u00fatbol femenino espa\u00f1ol con este mundial y esgrimiendo en su cuenta de twitter\nque \u201cNo hay derrota en el coraz\u00f3n del que lucha, y hoy nuestras jugadoras lo\nhan demostrado\u201d.<\/p>\n\n\n\n<p class=\"wp-block-paragraph\">Estos\ndatos en Espa\u00f1a, son una nimiedad en comparaci\u00f3n con los once millones de\npersonas que siguieron por televisi\u00f3n en Francia el partido inicial del torneo,\nlo que encareci\u00f3 la publicidad un 60%, seg\u00fan public\u00f3 el diario Le Parisien. Hay\nque a\u00f1adir que el enfrentamiento, entre Brasil y Francia, fue visto por m\u00e1s de\ntreinta millones de personas a trav\u00e9s de GloboTV, convirti\u00e9ndose as\u00ed en el m\u00e1s\nvisto de la historia del f\u00fatbol femenino.<\/p>\n\n\n\n<p class=\"wp-block-paragraph\">Las\nseleccionadoras de este mundial tan solo son un tercio del total<\/p>\n\n\n\n<ul class=\"wp-block-gallery columns-3 is-cropped wp-block-gallery-1 is-layout-flex wp-block-gallery-is-layout-flex\"><li class=\"blocks-gallery-item\"><figure><img loading=\"lazy\" decoding=\"async\" width=\"606\" height=\"465\" src=\"https:\/\/redsemlac.com\/semmexico\/wp-content\/uploads\/2019\/07\/fut-1.jpg\" alt=\"\" data-id=\"9860\" data-link=\"https:\/\/redsemlac.com\/semmexico\/?attachment_id=9860\" class=\"wp-image-9860\"\/><\/figure><\/li><li class=\"blocks-gallery-item\"><figure><img loading=\"lazy\" decoding=\"async\" width=\"427\" height=\"466\" src=\"https:\/\/redsemlac.com\/semmexico\/wp-content\/uploads\/2019\/07\/fut-2.jpg\" alt=\"\" data-id=\"9861\" data-link=\"https:\/\/redsemlac.com\/semmexico\/?attachment_id=9861\" class=\"wp-image-9861\"\/><\/figure><\/li><li class=\"blocks-gallery-item\"><figure><img loading=\"lazy\" decoding=\"async\" width=\"400\" height=\"470\" src=\"https:\/\/redsemlac.com\/semmexico\/wp-content\/uploads\/2019\/07\/fut-3.jpg\" alt=\"\" data-id=\"9862\" data-link=\"https:\/\/redsemlac.com\/semmexico\/?attachment_id=9862\" class=\"wp-image-9862\"\/><\/figure><\/li><li class=\"blocks-gallery-item\"><figure><img loading=\"lazy\" decoding=\"async\" width=\"630\" height=\"473\" src=\"https:\/\/redsemlac.com\/semmexico\/wp-content\/uploads\/2019\/07\/fut-4.jpg\" alt=\"\" data-id=\"9863\" data-link=\"https:\/\/redsemlac.com\/semmexico\/?attachment_id=9863\" class=\"wp-image-9863\"\/><\/figure><\/li><\/ul>\n\n\n\n<p class=\"wp-block-paragraph\">La\nedici\u00f3n del mundial 2015 tuvo tan s\u00f3lo a siete seleccionadoras frente a los\ndiecisiete varones encargados de dirigir a sus selecciones. Este \u00faltimo torneo\ndisputado en Francia ha variado la din\u00e1mica un poco y ha tenido a nueve mujeres\ndirigiendo a sus jugadoras frente a las quince seleccionadoras restantes.<\/p>\n\n\n\n<p class=\"wp-block-paragraph\">La\nselecci\u00f3n de Suecia cambi\u00f3 a Pia Sundhage, exjugadora y tambi\u00e9n ex\n\u2013seleccionadora del combinado femenino estadounidense en los juegos ol\u00edmpicos\nde 2008 y 2012, por Peter Gerhardsson. La plantilla alemana pas\u00f3 de estar\ndirigida por Silvia Neid a hacerlo por Martina Voss-Tecklenburg. Martina fue la\nestratega del combinado nacional suizo que disput\u00f3 el anterior trofeo\nintercontinental y es considerada junto a Silvia Neid como uno de los iconos\ndel f\u00fatbol femenino alem\u00e1n. Silvia Neid dirigi\u00f3 al equipo nacional desde el a\u00f1o\n2005 y fue una de las hero\u00ednas que levantaron la copa mundial en Jap\u00f3n el a\u00f1o\n2007.<\/p>\n\n\n\n<p class=\"wp-block-paragraph\">Nuengruethai\nSathongwien es la \u00fanica, junto a Jill Ellis, que repite en el banquillo de su\nselecci\u00f3n en este pasado mundial de Francia. Nuengruethai regres\u00f3 al banquillo\ntras la marcha de Spencer Prior, quien contribuy\u00f3 a que el equipo tailand\u00e9s se\ncolgara la medalla de plata en los Juegos del Sudeste Asi\u00e1tico. Jill Ellis por\nsu parte hace historia con la selecci\u00f3n de Estados Unidos logrando alzarse con\ndos mundiales seguidos, el de Canad\u00e1 y el de Francia, algo que ninguna hab\u00eda\nhecho anteriormente. Adem\u00e1s, fue la asistente t\u00e9cnica de Pia Sundhage en la\nobtenci\u00f3n del oro ol\u00edmpico del 2008 y 2012, sin olvidar que estuvo al frente de\nla selecci\u00f3n sub 20 de Estados Unidos que levant\u00f3 la copa mundial del a\u00f1o 2010\nen Alemania.<\/p>\n\n\n\n<p class=\"wp-block-paragraph\">Milena\nBertolini es la exjugadora que tras quince a\u00f1os como t\u00e9cnica del Brescia F.C.\nha logrado clasificar a la selecci\u00f3n italiana para este mundial despu\u00e9s de dos d\u00e9cadas.\nDesiree Ellis ha logrado clasificar por primera vez a la selecci\u00f3n de Sud\u00e1frica\npara una cita mundialista y como curiosidad destaca que represent\u00f3 a Sud\u00e1frica\nen el primer partido internacional de la historia del pa\u00eds, en 1993. Asako\nTakakura-Takemoto tom\u00f3 en 2016 el relevo de Norio Sasaki, aqu\u00e9l seleccionador\nque guio a Jap\u00f3n a la conquista del Mundial femenino de 2011. Tambi\u00e9n sabe lo\nque es llegar a finales de torneos internacionales con la selecci\u00f3n sub-17 y\nsub-20 de su pa\u00eds.<\/p>\n\n\n\n<p class=\"wp-block-paragraph\">Corinne\nDiacre y Shelley Kerr representan sin duda un hecho muy poco com\u00fan en el mundo\ndel f\u00fatbol: ambas han sido las primeras entrenadoras de un equipo masculino en\nFrancia y en Escocia, respectivamente. Esto les ha dado buena prensa y las ha\ncatapultado a dirigir sus selecciones femeninas nacionales. Corinne acumul\u00f3 121\ninternacionalidades y 14 goles, incluido el que clasific\u00f3 a Francia para su\nprimer Mundial Femenino en 2003. La directiva nacional conf\u00eda en ella para\nhacer una renovaci\u00f3n que permita al combinado franc\u00e9s colocarse entre las\nprimeras potencias de este deporte. Shelley fue la capitana de la selecci\u00f3n\nescocesa y pas\u00f3 por varios clubes como el \u201cArsenal Ladies\u201d hasta recalar en el\nequipo de la Universidad de Stirling, en la Liga de F\u00fatbol de Tierras Bajas de\nEscocia o SLFL.<\/p>\n\n\n\n<p class=\"wp-block-paragraph\">Cuando\nen 2017, Sarina Wiegman, guio a los Pa\u00edses Bajos a la conquista de la Eurocopa\nque se celebr\u00f3 all\u00ed, nadie la colocaba entre las favoritas para alzarse con\neste Mundial 2019, pero ha sorprendido a todo el planeta con su billete a la\nfinal de este torneo, despu\u00e9s de haber eliminado a selecciones con mucha m\u00e1s\nexperiencia que la suya como Suecia y Canad\u00e1. Es de hecho, la revelaci\u00f3n del\ntorneo con una vida profesional ligada al a selecci\u00f3n neerlandesa, primero como\njugadora con nada menos que cien internacionalidades y despu\u00e9s c\u00f3mo ojeadora y\nt\u00e9cnica auxiliar.<\/p>\n\n\n\n<p class=\"wp-block-paragraph\">Para\nMilagros Mart\u00ednez, Sarina Wiegman ha sido la \u201ctapada\u201d del torneo, aunque cree\nque parte del \u00e9xito de la selecci\u00f3n holandesa radica en que \u201cse vuelca todo el\npa\u00eds con ellas y eso en cualquier deporte es aparte de bonito, muy importante\u201d.\nLa ex del Albacete, tambi\u00e9n afirma que \u201cHolanda desde la pasada Eurocopa y en\ncategor\u00edas inferiores est\u00e1 haciendo bastante buen papel desde hace unos a\u00f1os\u201d y\nque a pesar de que Holanda supo jugar sus cartas, la final era algo m\u00e1s\ncomplicado de superar.<\/p>\n\n\n\n<p class=\"wp-block-paragraph\">Milagros\nsit\u00faa a la selecci\u00f3n de Jennis Ellis un pelda\u00f1o por encima del resto\nprincipalmente por el alto nivel de la liga profesional que all\u00ed si tienen,\n\u201cojal\u00e1 nos fijemos todos en c\u00f3mo trabajar as\u00ed para que en unos cuantos a\u00f1os\nEspa\u00f1a sea una de las selecciones que les pueda pelear el mundial\u201d propone la\nt\u00e9cnica.<\/p>\n\n\n\n<p class=\"wp-block-paragraph\"><strong>La nueva Ley del deporte en Espa\u00f1a<\/strong><\/p>\n\n\n\n<p class=\"wp-block-paragraph\">La\nprecaria situaci\u00f3n a la que se tienen que enfrentar las jugadoras de la primera\ndivisi\u00f3n femenina de f\u00fatbol en comparaci\u00f3n con sus compa\u00f1eros masculinos no\ntiene parang\u00f3n. La brecha salarial gigante entre ambos g\u00e9neros supera la de\ncualquier otro \u00e1mbito laboral actual en Espa\u00f1a, obligando en muchos casos a\ntener que salir del pa\u00eds a buscar fortuna o un salario acorde al tiempo\ninvertido.<\/p>\n\n\n\n<p class=\"wp-block-paragraph\">Esta\nsituaci\u00f3n implica un problema social: las mejores jugadoras del pa\u00eds, salen a\nengrosar las filas de otras ligas mejores estructuradas, con mejores salarios y\nprestaciones que la que ofrece la Liga Iberdrola, la encargada de la Primera\ndivisi\u00f3n femenina en Espa\u00f1a. Al igual que las personas j\u00f3venes con t\u00edtulos\nuniversitarios, que muchas veces son obligadas a tener que buscar unas\ncondiciones dignas fuera de Espa\u00f1a, se magnifica el problema de formar a\npersonas expertas, ya sean ingenieras o futbolistas, que no llegan a poder\naportar sus conocimientos y habilidades a su pa\u00eds de origen con todo lo\nnegativo que eso conlleva.<\/p>\n\n\n\n<p class=\"wp-block-paragraph\">En\nEspa\u00f1a todav\u00eda rige una anticuada ley del deporte que se aprob\u00f3 en el a\u00f1o 1990,\nla cual no contempla a las mujeres como profesionales del deporte, aunque una\nactualizaci\u00f3n que llega 29 a\u00f1os tarde, logr\u00f3 ser aprobada por el consejo de\nministros en febrero de este a\u00f1o. No obstante, la convulsa situaci\u00f3n pol\u00edtica\nque est\u00e1 viviendo el pa\u00eds, tiene bloqueada las agendas y la aprobaci\u00f3n de las\nleyes hasta que no se establezca un gobierno definitivo, asique se mantiene en\nvigor la desigual ley que discrimina a las mujeres y los hombres en el deporte.<\/p>\n\n\n\n<p class=\"wp-block-paragraph\">Mar\u00eda\nJos\u00e9 L\u00f3pez, codirectora de la asesor\u00eda jur\u00eddica de AFE, tambi\u00e9n fue ponente en\nel anteproyecto de la nueva Ley del Deporte, en calidad de experta en derecho\ndeportivo. Opina que es un convenio colectivo que llega tarde: \u201cya toca, que\nestamos en el siglo XXI y ya se deber\u00eda haber hecho\u201d afirma la experta. Para\nella se trata de \u201cregular los derechos colectivos de las trabajadoras del\nfutbol femenino o profesionales de Espa\u00f1a\u201d. Mar\u00eda Jos\u00e9 indica que\n\u201ccuriosamente\u201d el \u00e1mbito del deporte es el \u00fanico, \u201cd\u00f3nde se permite la\nsegregaci\u00f3n, algo impensable en el \u00e1mbito del periodismo o de la hosteler\u00eda,\npor ejemplo\u201d. Desde un punto de vista jur\u00eddico, la ponente defiende que es \u201cuna\naberraci\u00f3n, pero en el deporte que sea, y eso es algo que la gente poco sabe\u201d.<\/p>\n\n\n\n<p class=\"wp-block-paragraph\">El\nnuevo convenio pretende regular los derechos de las trabajadoras en cuestiones\ncomo la jornada laboral, los d\u00edas de vacaciones o los d\u00edas libres y el problema\nde las incapacidades laborales. Tambi\u00e9n se regular\u00e1n el tema de la maternidad y\nel problema del acoso. La codirectora explica que se trata de \u201clo que se regula\nen un convenio colectivo m\u00e1s todo lo que dice el estatuto de los trabajadores\u201d.\nDesde AFE creen que se trata de un convenio de la igualdad, ya que tienen los\nmismos derechos y el mismo \u00e1mbito laboral, porque \u201clas jugadoras de futbol\nprofesional de nuestro pa\u00eds son trabajadoras a todos los efectos\u201d indica la\nAsociaci\u00f3n de Futbolistas de Espa\u00f1a.<\/p>\n\n\n\n<p class=\"wp-block-paragraph\">Mar\u00eda\nJos\u00e9 recuerda que la ley de 1990 es una ley que no ten\u00eda perspectiva de g\u00e9nero\ny que, en el nuevo anteproyecto \u201cse introducen todos los temas de perspectiva\nde g\u00e9nero, se introduce el concepto de ligas profesionalizadas y que los\npremios deben ser iguales para los chicos y las chicas\u201d. Adem\u00e1s, se sancionar\u00e1n\ncomportamientos de car\u00e1cter discriminatorio, ya que \u201cla idea es forzar desde la\nnorma del deporte ese concepto de la igualdad real\u201d aboga la experta en\nderecho.<\/p>\n\n\n\n<p class=\"wp-block-paragraph\">La\nclave para las jugadoras residir\u00e1 en la nueva liga profesionalizada que trata\nde sacar el nuevo anteproyecto de esta anticuada ley. Actualmente la ley solo\nreconoce como deportes profesionales al f\u00fatbol y a baloncesto masculino,\ndejando fuera a otros deportes muy practicados como el f\u00fatbol sala. Si se\naprobara el anteproyecto, Mar\u00eda Jos\u00e9 explica que \u201clos clubs no tendr\u00edan que ser\nsociedades an\u00f3nimas deportivas, sino que podr\u00edan tener libertad de forma y\npoder ser una asociaci\u00f3n\u201d, donde esas estructuras sean profesionales y las\ntrabajadoras puedan tener contratos profesionales, es decir, reitera la\nexperta: \u201cincidir en ese reconocimiento de futbolistas profesionales\u201d.<\/p>\n\n\n\n<p class=\"wp-block-paragraph\">La\ncodirectora subraya que \u201cen el \u00e1mbito del deporte la brecha salarial es una\nconstante y lo va seguir siendo desgraciadamente\u201d. En los premios, la\nFederaci\u00f3n dice que debieran tener los mismos precios ya que se reparten con\ndinero p\u00fablico, \u201cas\u00ed que no deber\u00eda haber discriminaci\u00f3n\u201d indica la\nprofesional.<\/p>\n\n\n\n<p class=\"wp-block-paragraph\">Queda\nmucho camino por recorrer, pero el camino andado hasta aqu\u00ed no se puede\ndeshacer, el mundo del f\u00fatbol femenino ha logrado entrar de una vez por todas\nen las agendas medi\u00e1ticas de los pa\u00edses, ya no podr\u00e1n hacer o\u00eddos sordos a una\nrealidad que todos conocen y reclaman. Habr\u00e1 que aprobar leyes, convenios que\nprotejan la igualdad y sobretodo hacerlo desde una perspectiva de g\u00e9nero real\nque proteja a las mujeres que tan discriminadas han estado. En Estados Unidos\nla camiseta m\u00e1s vendida en todo el a\u00f1o por Nike ha sido la de la selecci\u00f3n\nfemenina de f\u00fatbol. Las nuevas generaciones ya incluyen en su imaginario un\nmundo del f\u00fatbol que no discrimina por sexo, ahora hace falta una equiparaci\u00f3n\njusta de salarios que ser\u00e1 efectiva cuando se deje de camuflar una realidad a\nla que las ni\u00f1as no quieren dar la espalda.<\/p>\n\n\n\n<p class=\"wp-block-paragraph\">SEM-AmecoPress\/rpa<\/p>\n","protected":false},"excerpt":{"rendered":"<p> Mundial de F\u00fatbol Femenino celebrado en Francia deshace estereotipos<\/p>\n","protected":false},"author":3,"featured_media":9864,"comment_status":"open","ping_status":"open","sticky":false,"template":"","format":"standard","meta":{"_monsterinsights_skip_tracking":false,"footnotes":""},"categories":[690,54],"tags":[],"class_list":["post-9859","post","type-post","status-publish","format-standard","has-post-thumbnail","category-690","category-mujeres"],"_links":{"self":[{"href":"https:\/\/redsemlac.com\/semmexico\/wp-json\/wp\/v2\/posts\/9859","targetHints":{"allow":["GET"]}}],"collection":[{"href":"https:\/\/redsemlac.com\/semmexico\/wp-json\/wp\/v2\/posts"}],"about":[{"href":"https:\/\/redsemlac.com\/semmexico\/wp-json\/wp\/v2\/types\/post"}],"author":[{"embeddable":true,"href":"https:\/\/redsemlac.com\/semmexico\/wp-json\/wp\/v2\/users\/3"}],"replies":[{"embeddable":true,"href":"https:\/\/redsemlac.com\/semmexico\/wp-json\/wp\/v2\/comments?post=9859"}],"version-history":[{"count":0,"href":"https:\/\/redsemlac.com\/semmexico\/wp-json\/wp\/v2\/posts\/9859\/revisions"}],"wp:featuredmedia":[{"embeddable":true,"href":"https:\/\/redsemlac.com\/semmexico\/wp-json\/wp\/v2\/media\/9864"}],"wp:attachment":[{"href":"https:\/\/redsemlac.com\/semmexico\/wp-json\/wp\/v2\/media?parent=9859"}],"wp:term":[{"taxonomy":"category","embeddable":true,"href":"https:\/\/redsemlac.com\/semmexico\/wp-json\/wp\/v2\/categories?post=9859"},{"taxonomy":"post_tag","embeddable":true,"href":"https:\/\/redsemlac.com\/semmexico\/wp-json\/wp\/v2\/tags?post=9859"}],"curies":[{"name":"wp","href":"https:\/\/api.w.org\/{rel}","templated":true}]}}