{"id":98582,"date":"2025-09-10T10:41:05","date_gmt":"2025-09-10T16:41:05","guid":{"rendered":"https:\/\/redsemlac.com\/semmexico\/?p=98582"},"modified":"2025-09-10T10:41:06","modified_gmt":"2025-09-10T16:41:06","slug":"miles-de-veladoras-son-encendidas-en-culiacan-por-desaparecidos","status":"publish","type":"post","link":"https:\/\/redsemlac.com\/semmexico\/miles-de-veladoras-son-encendidas-en-culiacan-por-desaparecidos\/","title":{"rendered":"Miles de veladoras son encendidas en Culiac\u00e1n por desaparecidos"},"content":{"rendered":"\n<p class=\"wp-block-paragraph\">Familiares de v\u00edctimas de desaparici\u00f3n forzada participaron en la manifestaci\u00f3n&nbsp;<\/p>\n\n\n\n<p class=\"wp-block-paragraph\">Redacci\u00f3n<a href=\"https:\/\/www.facebook.com\/share.php?u=https:\/\/oem.com.mx\/elsoldesinaloa\/local\/miles-de-veladoras-son-encendidas-en-culiacan-por-desaparecidos-25670319\" target=\"_blank\" rel=\"noreferrer noopener\"><\/a><a href=\"https:\/\/twitter.com\/share?url=https:\/\/oem.com.mx\/elsoldesinaloa\/local\/miles-de-veladoras-son-encendidas-en-culiacan-por-desaparecidos-25670319\" target=\"_blank\" rel=\"noreferrer noopener\"><\/a><\/p>\n\n\n\n<p class=\"wp-block-paragraph\">SemM\u00e9xico \/ El Sol de M\u00e9xico,Culiac\u00e1n, Sin., 10 sept. 2025 &#8211; Miles de veladoras\u00a0iluminaron la\u00a0explanada del Palacio de Gobierno de Sinaloa\u00a0la noche de este martes para\u00a0conmemorar a las personas v\u00edctimas de desaparici\u00f3n forzada\u00a0y\u00a0exigir justicia por sus familiares.<\/p>\n\n\n\n<p class=\"wp-block-paragraph\">La manifestaci\u00f3n fue hecha por\u00a0familiares, hab\u00eda personas que llevaban hasta una\u00a0d\u00e9cada buscando a sus seres queridos\u00a0y tambi\u00e9n quienes comenzaron su\u00a0calvario en medio de la pugna entre grupos delincuenciales\u00a0que inici\u00f3 en septiembre del 2024.<\/p>\n\n\n\n<p class=\"wp-block-paragraph\">Fueron m\u00e1s de\u00a05 mil veladoras\u00a0las que fueron colocadas, a pesar de que en el \u00e1rea fueron colocadas\u00a0carpas y el templete para las fiestas patrias.<\/p>\n\n\n\n<figure class=\"wp-block-image\"><img decoding=\"async\" src=\"https:\/\/oem.com.mx\/elsoldesinaloa\/img\/25670438\/1757453800\/BASE_LANDSCAPE\/1200\/image.webp\" alt=\"Velas2\"\/><figcaption class=\"wp-element-caption\">M\u00e1s de 5 mil veladoras fueron colocadas en la explana del Palacio de Gobierno.&nbsp;\/&nbsp;Foto: Iv\u00e1n Medina | El Sol de Sinaloa<\/figcaption><\/figure>\n\n\n\n<p class=\"wp-block-paragraph\">Uno de los casos m\u00e1s recientes es el de\u00a0Juan Carlos Flores Rojo, quien desapareci\u00f3 en julio del 2025 en\u00a0Culiac\u00e1n. Su padre,\u00a0Juan Carlos, expres\u00f3 su\u00a0<strong>hartazgo<\/strong>\u00a0acusando que las\u00a0autoridades no le han brindado la atenci\u00f3n debida\u00a0a la desaparici\u00f3n de su hijo.<\/p>\n\n\n\n<p class=\"wp-block-paragraph\"><em>\u201cNo paramos como padres buscadores. A \u00e9l se lo llevaron el&nbsp;<strong>23 de julio<\/strong>, estando fuera de la casa, llegaron dos unidades, una modelo reciente y otra modelo viejo. Mi hijo se encontraba en su veh\u00edculo jugando en el tel\u00e9fono cuando de repente se bajan estas personas y llegan por \u00e9l y lo bajan del carro\u201d<\/em>, declar\u00f3 el&nbsp;<strong>padre de familia<\/strong>.<\/p>\n\n\n\n<p class=\"wp-block-paragraph\"><strong>Juan Carlos<\/strong>&nbsp;empezaba su vida, ten\u00eda&nbsp;<strong>25 a\u00f1os de edad<\/strong>, viv\u00eda con su&nbsp;<strong>novia que espera una beb\u00e9<\/strong>&nbsp;y estaba a punto de empezar en la&nbsp;<strong>universidad<\/strong>.<\/p>\n\n\n\n<figure class=\"wp-block-image\"><img decoding=\"async\" src=\"https:\/\/oem.com.mx\/elsoldesinaloa\/img\/25670445\/1757453846\/BASE_LANDSCAPE\/1200\/image.webp\" alt=\"Velas\u00bf\"\/><figcaption class=\"wp-element-caption\">\u00a1Has encontrarles!&nbsp;\/&nbsp;Foto: Iv\u00e1n Medina | El Sol de Sinaloa<\/figcaption><\/figure>\n\n\n\n<p class=\"wp-block-paragraph\">A la manifestaci\u00f3n tambi\u00e9n acudieron&nbsp;<strong>familiares de personas desaparecidas<\/strong>&nbsp;que ya llevan a\u00f1os en b\u00fasqueda de sus seres amados, tal es el caso de&nbsp;<strong>do\u00f1a Margarita y su esposo desde el 2016<\/strong>.&nbsp;<strong>Ana Angelica Luna Reynosa<\/strong>&nbsp;sali\u00f3 a una&nbsp;<strong>fiesta con amigas y ya no regres\u00f3 a su casa<\/strong>.<\/p>\n\n\n\n<p class=\"wp-block-paragraph\"><em>\u201cEn noviembre se cumplen&nbsp;<strong>8 a\u00f1os<\/strong>&nbsp;y a\u00fan&nbsp;<strong>no sabemos nada<\/strong>\u201d,<\/em>&nbsp;expres\u00f3 la&nbsp;<strong>madre de familia<\/strong>.<\/p>\n\n\n\n<p class=\"wp-block-paragraph\">Despu\u00e9s de encender las&nbsp;<strong>velas<\/strong>, las&nbsp;<strong>familias rastreadoras<\/strong>&nbsp;hicieron un&nbsp;<strong>pase de lista de cada persona desaparecida<\/strong>. Despu\u00e9s gritaron al aire mientras las&nbsp;<strong>llamas iluminaban la explanada<\/strong>&nbsp;en un solo grito:&nbsp;<strong>\u201chasta encontrarlos\u201d<\/strong>.<\/p>\n","protected":false},"excerpt":{"rendered":"<p>Familiares de v\u00edctimas de desaparici\u00f3n forzada participaron en la manifestaci\u00f3n&nbsp; Redacci\u00f3n SemM\u00e9xico \/ El Sol de M\u00e9xico,Culiac\u00e1n, Sin., 10 sept. 2025 &#8211; Miles de veladoras\u00a0iluminaron la\u00a0explanada del Palacio de Gobierno de Sinaloa\u00a0la noche de este martes para\u00a0conmemorar a las personas v\u00edctimas de desaparici\u00f3n forzada\u00a0y\u00a0exigir justicia por sus familiares. La manifestaci\u00f3n fue hecha por\u00a0familiares, hab\u00eda personas [&hellip;]<\/p>\n","protected":false},"author":3,"featured_media":98583,"comment_status":"open","ping_status":"open","sticky":false,"template":"","format":"standard","meta":{"_monsterinsights_skip_tracking":false,"footnotes":""},"categories":[48],"tags":[],"class_list":["post-98582","post","type-post","status-publish","format-standard","has-post-thumbnail","category-no-mas-impunidad-no-mas-impunidad"],"_links":{"self":[{"href":"https:\/\/redsemlac.com\/semmexico\/wp-json\/wp\/v2\/posts\/98582","targetHints":{"allow":["GET"]}}],"collection":[{"href":"https:\/\/redsemlac.com\/semmexico\/wp-json\/wp\/v2\/posts"}],"about":[{"href":"https:\/\/redsemlac.com\/semmexico\/wp-json\/wp\/v2\/types\/post"}],"author":[{"embeddable":true,"href":"https:\/\/redsemlac.com\/semmexico\/wp-json\/wp\/v2\/users\/3"}],"replies":[{"embeddable":true,"href":"https:\/\/redsemlac.com\/semmexico\/wp-json\/wp\/v2\/comments?post=98582"}],"version-history":[{"count":0,"href":"https:\/\/redsemlac.com\/semmexico\/wp-json\/wp\/v2\/posts\/98582\/revisions"}],"wp:featuredmedia":[{"embeddable":true,"href":"https:\/\/redsemlac.com\/semmexico\/wp-json\/wp\/v2\/media\/98583"}],"wp:attachment":[{"href":"https:\/\/redsemlac.com\/semmexico\/wp-json\/wp\/v2\/media?parent=98582"}],"wp:term":[{"taxonomy":"category","embeddable":true,"href":"https:\/\/redsemlac.com\/semmexico\/wp-json\/wp\/v2\/categories?post=98582"},{"taxonomy":"post_tag","embeddable":true,"href":"https:\/\/redsemlac.com\/semmexico\/wp-json\/wp\/v2\/tags?post=98582"}],"curies":[{"name":"wp","href":"https:\/\/api.w.org\/{rel}","templated":true}]}}