{"id":98569,"date":"2025-09-10T10:27:46","date_gmt":"2025-09-10T16:27:46","guid":{"rendered":"https:\/\/redsemlac.com\/semmexico\/?p=98569"},"modified":"2025-09-10T10:27:48","modified_gmt":"2025-09-10T16:27:48","slug":"propone-diputada-cony-rueda-alternancia-de-genero-en-la-gubernatura-de-oaxaca","status":"publish","type":"post","link":"https:\/\/redsemlac.com\/semmexico\/propone-diputada-cony-rueda-alternancia-de-genero-en-la-gubernatura-de-oaxaca\/","title":{"rendered":"Propone diputada Cony Rueda alternancia de g\u00e9nero en la gubernatura de Oaxaca"},"content":{"rendered":"\n<p class=\"wp-block-paragraph\">* De aprobarse, la pr\u00f3xima gubernatura de Oaxaca ser\u00eda encabezada por una mujer.<\/p>\n\n\n\n<p class=\"wp-block-paragraph\">* Llama a las diputadas a \u201cdejar de obedecer instrucciones\u201d y a legislar a favor de las mujeres.<\/p>\n\n\n\n<p class=\"wp-block-paragraph\">Redacci\u00f3n<\/p>\n\n\n\n<p class=\"wp-block-paragraph\">SemM\u00e9xico, San Raymundo Jalpan, Oaxaca, &nbsp; 10 de septiembre de 2025. \u2013 La diputada Cony Rueda present\u00f3 ante el Pleno del Congreso local una iniciativa para establecer, con car\u00e1cter obligatorio, la alternancia de g\u00e9nero en la titularidad de la gubernatura de Oaxaca.<\/p>\n\n\n\n<p class=\"wp-block-paragraph\">La propuesta consiste en reformar el art\u00edculo 67 de la Constituci\u00f3n Pol\u00edtica del Estado Libre y Soberano de Oaxaca, a fin de garantizar que despu\u00e9s de un hombre en el cargo, sea una mujer quien encabece el Poder Ejecutivo estatal.<\/p>\n\n\n\n<p class=\"wp-block-paragraph\">\u201cEsta no es una reforma para una diputada, tampoco lo es para un partido pol\u00edtico. Es una reforma para cada mujer oaxaque\u00f1a que ha so\u00f1ado con ver a una gobernadora en Palacio de Gobierno. Es para que las ni\u00f1as sepan que no hay puesto, poder ni lugar que no puedan ocupar\u201d, expres\u00f3 la legisladora.<\/p>\n\n\n\n<p class=\"wp-block-paragraph\">El objetivo de la iniciativa, explic\u00f3, es garantizar el derecho de las mujeres a gobernar y avanzar en la igualdad sustantiva en Oaxaca.<\/p>\n\n\n\n<p class=\"wp-block-paragraph\">\u201cOaxaca nunca ha tenido una mujer al frente del gobierno.&nbsp;<\/p>\n\n\n\n<p class=\"wp-block-paragraph\">Aunque somos m\u00e1s de la mitad de la poblaci\u00f3n, seguimos siendo tratadas como minor\u00eda pol\u00edtica. Muchas hemos tenido que gritar para que se escuche lo que deber\u00edan haber escuchado cuando hablamos bajito: que queremos justicia, que queremos presencia, que queremos la oportunidad de ejercer el poder. Y el poder tambi\u00e9n se ejerce para transformar\u201d, destac\u00f3.<\/p>\n\n\n\n<p class=\"wp-block-paragraph\">Finalmente, se\u00f1al\u00f3 que, aunque la pr\u00f3xima gubernatura tenga una duraci\u00f3n de dos a\u00f1os, no debe ser motivo para seguir postergando la llegada de la primera mujer gobernadora en el estado.<\/p>\n\n\n\n<p class=\"wp-block-paragraph\">La propuesta fue turnada a comisiones para su estudio y an\u00e1lisis.<\/p>\n","protected":false},"excerpt":{"rendered":"<p>* De aprobarse, la pr\u00f3xima gubernatura de Oaxaca ser\u00eda encabezada por una mujer. * Llama a las diputadas a \u201cdejar de obedecer instrucciones\u201d y a legislar a favor de las mujeres. Redacci\u00f3n SemM\u00e9xico, San Raymundo Jalpan, Oaxaca, &nbsp; 10 de septiembre de 2025. \u2013 La diputada Cony Rueda present\u00f3 ante el Pleno del Congreso local [&hellip;]<\/p>\n","protected":false},"author":3,"featured_media":98571,"comment_status":"open","ping_status":"open","sticky":false,"template":"","format":"standard","meta":{"_monsterinsights_skip_tracking":false,"footnotes":""},"categories":[50],"tags":[],"class_list":["post-98569","post","type-post","status-publish","format-standard","has-post-thumbnail","category-congreso"],"_links":{"self":[{"href":"https:\/\/redsemlac.com\/semmexico\/wp-json\/wp\/v2\/posts\/98569","targetHints":{"allow":["GET"]}}],"collection":[{"href":"https:\/\/redsemlac.com\/semmexico\/wp-json\/wp\/v2\/posts"}],"about":[{"href":"https:\/\/redsemlac.com\/semmexico\/wp-json\/wp\/v2\/types\/post"}],"author":[{"embeddable":true,"href":"https:\/\/redsemlac.com\/semmexico\/wp-json\/wp\/v2\/users\/3"}],"replies":[{"embeddable":true,"href":"https:\/\/redsemlac.com\/semmexico\/wp-json\/wp\/v2\/comments?post=98569"}],"version-history":[{"count":0,"href":"https:\/\/redsemlac.com\/semmexico\/wp-json\/wp\/v2\/posts\/98569\/revisions"}],"wp:featuredmedia":[{"embeddable":true,"href":"https:\/\/redsemlac.com\/semmexico\/wp-json\/wp\/v2\/media\/98571"}],"wp:attachment":[{"href":"https:\/\/redsemlac.com\/semmexico\/wp-json\/wp\/v2\/media?parent=98569"}],"wp:term":[{"taxonomy":"category","embeddable":true,"href":"https:\/\/redsemlac.com\/semmexico\/wp-json\/wp\/v2\/categories?post=98569"},{"taxonomy":"post_tag","embeddable":true,"href":"https:\/\/redsemlac.com\/semmexico\/wp-json\/wp\/v2\/tags?post=98569"}],"curies":[{"name":"wp","href":"https:\/\/api.w.org\/{rel}","templated":true}]}}