{"id":98561,"date":"2025-09-10T10:01:55","date_gmt":"2025-09-10T16:01:55","guid":{"rendered":"https:\/\/redsemlac.com\/semmexico\/?p=98561"},"modified":"2025-09-10T10:01:56","modified_gmt":"2025-09-10T16:01:56","slug":"presentan-el-libro-revelaciones-de-un-crimen-de-estado-en-la-fiscalia-general-de-chiapas","status":"publish","type":"post","link":"https:\/\/redsemlac.com\/semmexico\/presentan-el-libro-revelaciones-de-un-crimen-de-estado-en-la-fiscalia-general-de-chiapas\/","title":{"rendered":"Presentan el libro\u00a0 \u201cRevelaciones de un crimen de Estado\u201d en la Fiscal\u00eda General de Chiapas"},"content":{"rendered":"\n<p class=\"wp-block-paragraph\">La fiscal\u00eda de Chiapas abre su puerta para solidarizarse con Soledad Jarqu\u00edn Edgar en su lucha por la justicia<\/p>\n\n\n\n<p class=\"wp-block-paragraph\">Onceaba presentaci\u00f3n de Revelaciones de un Crimen de Estado: corrupci\u00f3n, impunidad y complicidades<\/p>\n\n\n\n<p class=\"wp-block-paragraph\">Candelaria Rodr\u00edguez&nbsp;<\/p>\n\n\n\n<p class=\"wp-block-paragraph\">Tuxtla Guti\u00e9rrez, Chiapas.- <em>&nbsp;Revelaciones de un crimen de Estado: corrupci\u00f3n, impunidad y complicidades,<\/em> de la autor\u00eda de Soledad Jarqu\u00edn,&nbsp; cr\u00f3nica e&nbsp; investigaci\u00f3n sobre&nbsp; el Feminicidio de su hija Mar\u00eda del Sol Cruz Jarqu\u00edn, no solo ha movido las fibras m\u00e1s sensibles de quienes asisten a escuchar la relator\u00eda de&nbsp; su extraordinaria obra, sino que ha tocado y ha logrado mover la bisagra de las puertas de las instituciones de procuraci\u00f3n de justicia.&nbsp;<\/p>\n\n\n\n<p class=\"wp-block-paragraph\">La Fiscal\u00eda General del Estado de Chiapas, fue la primera en el recorrido y andar de Soledad para exponer la falta de justicia.<\/p>\n\n\n\n<p class=\"wp-block-paragraph\">El pasado 5 de septiembre, la narrativa de los hechos ocurridos el 2 de junio del 2018, en Juchit\u00e1n de Zaragoza, Oaxaca, no solo movi\u00f3 las emociones de m\u00e1s de 130 personas reunidas en el Sal\u00f3n de Usos Mutiles, \u201cGregorio&nbsp; P\u00e9rez G\u00f3mez\u201d&nbsp; de la Fiscal\u00eda General de Chiapas, sino que las puertas se abrieron para escuchar las <em>Revelaciones de un Crimen de Estado<\/em> ante 15 fiscales, directores\/as, colectivas, universidades y alumnado de escuelas de derecho, donde demanda: verdad, justicia y no repetici\u00f3n.<\/p>\n\n\n\n<p class=\"wp-block-paragraph\">La autora sorprendida asest\u00f3: \u201cnunca pens\u00e9 que me fueran abrir las puertas de una fiscal\u00eda, porque estoy hablando de funcionarios p\u00fablicos que no hicieron bien su trabajo, y que mejor consejera de un funcionario de tan alto nivel, que su esposa, en alusi\u00f3n&nbsp; a la presidenta del voluntariado de la Fiscal\u00eda General de Chiapas, Guadalupe G\u00f3mez.<\/p>\n\n\n\n<p class=\"wp-block-paragraph\">En Tuxtla Guti\u00e9rrez, Chiapas fue la onceava presentaci\u00f3n del libro que narra la historia de m\u00e1s de siete a\u00f1os en busca de justicia del feminicidio de Mar\u00eda del Sol Cruz Jarqu\u00edn, hija de la periodista feminista, defensora de los derechos humanos, Soledad Jarqu\u00edn Edgar, asesinada junto con la candidata Pamela Itzamaray Ter\u00e1n Pineda y Adelfo Jim\u00e9nez Guerra, durante el proceso electoral del 2018.<\/p>\n\n\n\n<figure class=\"wp-block-image size-large\"><a href=\"https:\/\/redsemlac.com\/semmexico\/wp-content\/uploads\/2025\/09\/image-13.png\"><img loading=\"lazy\" decoding=\"async\" width=\"1024\" height=\"683\" src=\"https:\/\/redsemlac.com\/semmexico\/wp-content\/uploads\/2025\/09\/image-13-1024x683.png\" alt=\"\" class=\"wp-image-98563\" srcset=\"https:\/\/redsemlac.com\/semmexico\/wp-content\/uploads\/2025\/09\/image-13-1024x683.png 1024w, https:\/\/redsemlac.com\/semmexico\/wp-content\/uploads\/2025\/09\/image-13-300x200.png 300w, https:\/\/redsemlac.com\/semmexico\/wp-content\/uploads\/2025\/09\/image-13-768x512.png 768w, https:\/\/redsemlac.com\/semmexico\/wp-content\/uploads\/2025\/09\/image-13-1536x1024.png 1536w, https:\/\/redsemlac.com\/semmexico\/wp-content\/uploads\/2025\/09\/image-13-150x100.png 150w, https:\/\/redsemlac.com\/semmexico\/wp-content\/uploads\/2025\/09\/image-13-696x464.png 696w, https:\/\/redsemlac.com\/semmexico\/wp-content\/uploads\/2025\/09\/image-13-1068x712.png 1068w, https:\/\/redsemlac.com\/semmexico\/wp-content\/uploads\/2025\/09\/image-13.png 1600w\" sizes=\"auto, (max-width: 1024px) 100vw, 1024px\" \/><\/a><\/figure>\n\n\n\n<p class=\"wp-block-paragraph\">Durante la preparaci\u00f3n al evento, hab\u00eda expectaci\u00f3n porque de manera in\u00e9dita, una obra del tama\u00f1o de <em>Revelaciones de un crimen de Estado<\/em>, se presentar\u00eda en la Fiscal\u00eda General del Estado de Chiapas, homologa de la Fiscal\u00eda de Oaxaca, se\u00f1alada por la autora de entorpecer las investigaciones de un feminicidio hasta ahora impune.<\/p>\n\n\n\n<p class=\"wp-block-paragraph\">Paso a paso se fue desarrollando el evento que inicio con la apertura y bienvenida de la presidenta del voluntariado de la Fiscal\u00eda General de Chiapas, Guadalupe G\u00f3mez, quien adelantar\u00eda el compromiso de la Fiscal\u00eda.<\/p>\n\n\n\n<p class=\"wp-block-paragraph\">&nbsp;\u201cSegura estoy, dijo, que todas y todos los que estamos aqu\u00ed presentes nos tocar\u00e1n fibras muy sensibles y nos llevaremos tarea a nuestro \u00e1mbito laboral, pero tambi\u00e9n saldremos con la firme convicci\u00f3n de mejorar el rostro de la Fiscal\u00eda General del Estado de Chiapas, por un rostro m\u00e1s humano y de puertas abiertas\u201d, y llam\u00f3 a las y los presentes&nbsp; a hacer \u201cun an\u00e1lisis introspectivo de nuestro desempe\u00f1o como servidoras y servidores y abone a recobrar la empat\u00eda, se lo debemos a todas nuestras v\u00edctimas.\u201d<\/p>\n\n\n\n<p class=\"wp-block-paragraph\">La obra que da nombres de funcionarios\/as&nbsp; de Oaxaca, que refiere la corrupci\u00f3n, complicidad e impunidad fue presentada por primera vez en una instituci\u00f3n de la procuraci\u00f3n de justicia y expuesta ante ministerios p\u00fablicos, fiscales, abogadas, abogados y diversas colectivas, que entre la narrativa de los hechos dieron cuenta del dolor de la madre, y secaban sus rostros ante el llanto que apareci\u00f3 al escuchar el relato.<\/p>\n\n\n\n<figure class=\"wp-block-image size-large\"><a href=\"https:\/\/redsemlac.com\/semmexico\/wp-content\/uploads\/2025\/09\/image-14.png\"><img loading=\"lazy\" decoding=\"async\" width=\"1024\" height=\"683\" src=\"https:\/\/redsemlac.com\/semmexico\/wp-content\/uploads\/2025\/09\/image-14-1024x683.png\" alt=\"\" class=\"wp-image-98564\" srcset=\"https:\/\/redsemlac.com\/semmexico\/wp-content\/uploads\/2025\/09\/image-14-1024x683.png 1024w, https:\/\/redsemlac.com\/semmexico\/wp-content\/uploads\/2025\/09\/image-14-300x200.png 300w, https:\/\/redsemlac.com\/semmexico\/wp-content\/uploads\/2025\/09\/image-14-768x512.png 768w, https:\/\/redsemlac.com\/semmexico\/wp-content\/uploads\/2025\/09\/image-14-1536x1024.png 1536w, https:\/\/redsemlac.com\/semmexico\/wp-content\/uploads\/2025\/09\/image-14-150x100.png 150w, https:\/\/redsemlac.com\/semmexico\/wp-content\/uploads\/2025\/09\/image-14-696x464.png 696w, https:\/\/redsemlac.com\/semmexico\/wp-content\/uploads\/2025\/09\/image-14-1068x712.png 1068w, https:\/\/redsemlac.com\/semmexico\/wp-content\/uploads\/2025\/09\/image-14.png 1600w\" sizes=\"auto, (max-width: 1024px) 100vw, 1024px\" \/><\/a><\/figure>\n\n\n\n<p class=\"wp-block-paragraph\">La presentaci\u00f3n reuni\u00f3 a funcionariado que conocen los mecanismos y los pasos de la procuraci\u00f3n de justicia que describe minuciosamente&nbsp; la autora, la confabulaci\u00f3n, la torpezas y las omisiones que una fiscal\u00eda hom\u00f3loga como es la de Oaxaca que ha&nbsp; mantenido en la impunidad y sin la aplicaci\u00f3n de justicia, a quienes le quitaron la vida a su hija Mar\u00eda del sol Cruz Jarqu\u00edn.<\/p>\n\n\n\n<p class=\"wp-block-paragraph\">Fue una presentaci\u00f3n al desnudo a trav\u00e9s de la periodistas Gabriela Couti\u00f1o, corresponsal de proceso e integrante de 50+1 y la Fiscal contra Feminicidio, Cinthia Vel\u00e1squez S\u00e1nchez, bajo la conducci\u00f3n de la periodistas e integrante de la Red Chiapas por la Paridad Efectiva (REPARE) Kira N\u00fa\u00f1ez Le\u00f3n.<\/p>\n\n\n\n<p class=\"wp-block-paragraph\">Gabriela Couti\u00f1o, describir\u00eda los 13 impactos de bala que quitaron la vida a Mar\u00eda del Sol,&nbsp; Kira N\u00fa\u00f1ez recorre el tr\u00e1nsito de Soledad en busca de Justica, verdad y no repetici\u00f3n, y reconoce la ausencia de justicia, expresado \u201cpor este documento (libro) trabajo period\u00edstico, de investigaci\u00f3n y de libertad de expresi\u00f3n de su madre, excelsa en periodismo de investigaci\u00f3n como lo demuestra con uno de los casos m\u00e1s dif\u00edciles de documentar con profesionalismo; es de su propia hija.\u201d<\/p>\n\n\n\n<p class=\"wp-block-paragraph\">Y luego de un recorrido por cada cap\u00edtulo del libro, en cada tropiezo sin avances, en busca de justicia, la Fiscal contra Feminicidio, Cynthia Vel\u00e1zquez&nbsp; S\u00e1nchez, en su intervenci\u00f3n como presentadora del libro, sostiene, que como servidora p\u00fablica \u201creflexiono y reafirmo mi compromiso para cumplir con las obligaciones constitucionales y convenciones como establecen los instrumentos&nbsp; internacionales, como es el deber de las obligaciones establecidas en la sentencia del campo algodonero: en esa sentencia se establece que el estado Mexicano fue responsable entre otros&nbsp; , de no respetar la dignidad de las victimas; se debe respetar el cuerpo de las v\u00edctimas directas, protegi\u00e9ndolos, cubri\u00e9ndolos , trat\u00e1ndolos&nbsp; con respeto a su dignidad, no permitir que las im\u00e1genes sean exhibidas , que se protejan sus datos personales para que no sean publicados y expuestos, pero respetar tambi\u00e9n, dijo. la dignidad de las familias, que pasan por uno de los peores momentos de sus vidas, y como nuestros actuar, indico, con profesionalismo, debida diligencia, exhaustividad y empat\u00eda har\u00eda una gran diferencia al momento de notificarles la muerte de sus seres amados y acelerar los procesos para la liberaci\u00f3n y entrega de los restos\u201d.<\/p>\n","protected":false},"excerpt":{"rendered":"<p>La fiscal\u00eda de Chiapas abre su puerta para solidarizarse con Soledad Jarqu\u00edn Edgar en su lucha por la justicia Onceaba presentaci\u00f3n de Revelaciones de un Crimen de Estado: corrupci\u00f3n, impunidad y complicidades Candelaria Rodr\u00edguez&nbsp; Tuxtla Guti\u00e9rrez, Chiapas.- &nbsp;Revelaciones de un crimen de Estado: corrupci\u00f3n, impunidad y complicidades, de la autor\u00eda de Soledad Jarqu\u00edn,&nbsp; cr\u00f3nica e&nbsp; [&hellip;]<\/p>\n","protected":false},"author":3,"featured_media":98565,"comment_status":"open","ping_status":"open","sticky":false,"template":"","format":"standard","meta":{"_monsterinsights_skip_tracking":false,"footnotes":""},"categories":[897],"tags":[],"class_list":["post-98561","post","type-post","status-publish","format-standard","has-post-thumbnail","category-especial"],"_links":{"self":[{"href":"https:\/\/redsemlac.com\/semmexico\/wp-json\/wp\/v2\/posts\/98561","targetHints":{"allow":["GET"]}}],"collection":[{"href":"https:\/\/redsemlac.com\/semmexico\/wp-json\/wp\/v2\/posts"}],"about":[{"href":"https:\/\/redsemlac.com\/semmexico\/wp-json\/wp\/v2\/types\/post"}],"author":[{"embeddable":true,"href":"https:\/\/redsemlac.com\/semmexico\/wp-json\/wp\/v2\/users\/3"}],"replies":[{"embeddable":true,"href":"https:\/\/redsemlac.com\/semmexico\/wp-json\/wp\/v2\/comments?post=98561"}],"version-history":[{"count":0,"href":"https:\/\/redsemlac.com\/semmexico\/wp-json\/wp\/v2\/posts\/98561\/revisions"}],"wp:featuredmedia":[{"embeddable":true,"href":"https:\/\/redsemlac.com\/semmexico\/wp-json\/wp\/v2\/media\/98565"}],"wp:attachment":[{"href":"https:\/\/redsemlac.com\/semmexico\/wp-json\/wp\/v2\/media?parent=98561"}],"wp:term":[{"taxonomy":"category","embeddable":true,"href":"https:\/\/redsemlac.com\/semmexico\/wp-json\/wp\/v2\/categories?post=98561"},{"taxonomy":"post_tag","embeddable":true,"href":"https:\/\/redsemlac.com\/semmexico\/wp-json\/wp\/v2\/tags?post=98561"}],"curies":[{"name":"wp","href":"https:\/\/api.w.org\/{rel}","templated":true}]}}