{"id":98477,"date":"2025-09-08T19:50:06","date_gmt":"2025-09-09T01:50:06","guid":{"rendered":"https:\/\/redsemlac.com\/semmexico\/?p=98477"},"modified":"2025-09-08T19:50:29","modified_gmt":"2025-09-09T01:50:29","slug":"la-laguna-se-pinta-de-violeta-con-55-espacios-seguros-mas-para-mujeres","status":"publish","type":"post","link":"https:\/\/redsemlac.com\/semmexico\/la-laguna-se-pinta-de-violeta-con-55-espacios-seguros-mas-para-mujeres\/","title":{"rendered":"La Laguna se pinta de violeta con 55 espacios seguros m\u00e1s para mujeres"},"content":{"rendered":"\n<p class=\"wp-block-paragraph\">Esta iniciativa no se limita a un solo programa, sino que es un plan integral que aborda la\u00a0problem\u00e1tica desde diferentes frentes<\/p>\n\n\n\n<p class=\"wp-block-paragraph\">SemM\u00e9xico\/RCG Media, \u00a0Torre\u00f3n, Coah., 8 de septiembre, 2025.- Para reafirmar el\u00a0compromiso con la protecci\u00f3n a las mujeres, el gobierno del estado, en colaboraci\u00f3n \u00a0con\u00a0la cadena comercial Oxxo, abri\u00f3 55 Puntos Violeta en La Laguna, con lo que se cubren\u00a0todos los municipios de esta regi\u00f3n.<\/p>\n\n\n\n<p class=\"wp-block-paragraph\">El acuerdo se hizo con las Secretar\u00edas de Vinculaci\u00f3n Ciudadana, Proyectos de Innovaci\u00f3n&nbsp;Social e Inversi\u00f3n P\u00fablico Productiva, de las Mujeres y de Seguridad P\u00fablica. &nbsp;<\/p>\n\n\n\n<p class=\"wp-block-paragraph\">En representaci\u00f3n del gobernador Manolo Jim\u00e9nez, la secretaria de Vinculaci\u00f3n&nbsp;Ciudadana, Mar\u00eda B\u00e1rbara Cepeda Boehringer, se\u00f1al\u00f3 que esta iniciativa no se limita a un&nbsp;solo programa, sino que es un plan integral que aborda la problem\u00e1tica desde diferentes&nbsp;frentes, que se basa en una colaboraci\u00f3n estrecha entre dependencias estatales y&nbsp;municipales, as\u00ed como organizaciones de la sociedad civil y la iniciativa privada.<\/p>\n\n\n\n<p class=\"wp-block-paragraph\">\u201cDesde el gobierno m\u00e1s ciudadano de la historia, que encabeza nuestro gobernador&nbsp;Manolo Jim\u00e9nez, mantenemos el firme compromiso de generar pol\u00edticas p\u00fablicas que&nbsp;velen por la seguridad de las ni\u00f1as y las mujeres\u201d, coment\u00f3.<\/p>\n\n\n\n<p class=\"wp-block-paragraph\">La funcionaria record\u00f3 que con los Puntos Violeta que con los que se inauguran ahora &nbsp;en&nbsp;la Laguna, suman ya 182 espacios seguros en el estado, extendiendo as\u00ed los alcances y<\/p>\n\n\n\n<p class=\"wp-block-paragraph\">la cobertura de este programa que no solo est\u00e1 en las tiendas Oxxo, sino tambi\u00e9n en&nbsp;algunas empresas y espacios deportivos que se han sumado.<\/p>\n\n\n\n<p class=\"wp-block-paragraph\">\u201cCon los Puntos Violeta estamos actuando de manera contundente para ofrecer a las&nbsp;mujeres que enfrenten situaciones de violencia un lugar seguro, donde puedan pedir&nbsp;apoyo a los cuerpos de seguridad y de emergencias, y ser canalizadas para recibir&nbsp;atenci\u00f3n integral, porque en Coahuila, ninguna mujer est\u00e1 sola\u201d, sentenci\u00f3.<\/p>\n\n\n\n<p class=\"wp-block-paragraph\"><\/p>\n","protected":false},"excerpt":{"rendered":"<p>Esta iniciativa no se limita a un solo programa, sino que es un plan integral que aborda la\u00a0problem\u00e1tica desde diferentes frentes SemM\u00e9xico\/RCG Media, \u00a0Torre\u00f3n, Coah., 8 de septiembre, 2025.- Para reafirmar el\u00a0compromiso con la protecci\u00f3n a las mujeres, el gobierno del estado, en colaboraci\u00f3n \u00a0con\u00a0la cadena comercial Oxxo, abri\u00f3 55 Puntos Violeta en La Laguna, [&hellip;]<\/p>\n","protected":false},"author":3,"featured_media":98478,"comment_status":"open","ping_status":"open","sticky":false,"template":"","format":"standard","meta":{"_monsterinsights_skip_tracking":false,"footnotes":""},"categories":[700],"tags":[],"class_list":["post-98477","post","type-post","status-publish","format-standard","has-post-thumbnail","category-estados"],"_links":{"self":[{"href":"https:\/\/redsemlac.com\/semmexico\/wp-json\/wp\/v2\/posts\/98477","targetHints":{"allow":["GET"]}}],"collection":[{"href":"https:\/\/redsemlac.com\/semmexico\/wp-json\/wp\/v2\/posts"}],"about":[{"href":"https:\/\/redsemlac.com\/semmexico\/wp-json\/wp\/v2\/types\/post"}],"author":[{"embeddable":true,"href":"https:\/\/redsemlac.com\/semmexico\/wp-json\/wp\/v2\/users\/3"}],"replies":[{"embeddable":true,"href":"https:\/\/redsemlac.com\/semmexico\/wp-json\/wp\/v2\/comments?post=98477"}],"version-history":[{"count":0,"href":"https:\/\/redsemlac.com\/semmexico\/wp-json\/wp\/v2\/posts\/98477\/revisions"}],"wp:featuredmedia":[{"embeddable":true,"href":"https:\/\/redsemlac.com\/semmexico\/wp-json\/wp\/v2\/media\/98478"}],"wp:attachment":[{"href":"https:\/\/redsemlac.com\/semmexico\/wp-json\/wp\/v2\/media?parent=98477"}],"wp:term":[{"taxonomy":"category","embeddable":true,"href":"https:\/\/redsemlac.com\/semmexico\/wp-json\/wp\/v2\/categories?post=98477"},{"taxonomy":"post_tag","embeddable":true,"href":"https:\/\/redsemlac.com\/semmexico\/wp-json\/wp\/v2\/tags?post=98477"}],"curies":[{"name":"wp","href":"https:\/\/api.w.org\/{rel}","templated":true}]}}