{"id":98450,"date":"2025-09-07T15:14:58","date_gmt":"2025-09-07T21:14:58","guid":{"rendered":"https:\/\/redsemlac.com\/semmexico\/?p=98450"},"modified":"2025-09-07T15:14:58","modified_gmt":"2025-09-07T21:14:58","slug":"ana-garcia-bergua-recibe-el-premio-bellas-artes-de-literatura-ines-arredondo-2025","status":"publish","type":"post","link":"https:\/\/redsemlac.com\/semmexico\/ana-garcia-bergua-recibe-el-premio-bellas-artes-de-literatura-ines-arredondo-2025\/","title":{"rendered":"ANA GARC\u00cdA BERGUA RECIBE EL PREMIO BELLAS ARTES DE LITERATURA IN\u00c9S ARREDONDO 2025"},"content":{"rendered":"\n<p class=\"wp-block-paragraph\">La galardonada e In\u00e9s Arredondo se encuentran unidas a &nbsp;las voces&nbsp; desde las escritoras,&nbsp; en el panorama literario mexicano donde hay muchas deudas&nbsp; con las mujeres<\/p>\n\n\n\n<p class=\"wp-block-paragraph\">La coordinadora Nacional de Literatura del INBAL, Nadia L\u00f3pez Garc\u00eda, se\u00f1al\u00f3 que la ceremonia fue un acto de celebraci\u00f3n de las voces que resisten desde las mujeres&nbsp;&nbsp;&nbsp;&nbsp;&nbsp;&nbsp;&nbsp;&nbsp;&nbsp;&nbsp;&nbsp;&nbsp;&nbsp;&nbsp;&nbsp;&nbsp;&nbsp;&nbsp;&nbsp;&nbsp;&nbsp;&nbsp;&nbsp;&nbsp;&nbsp;&nbsp;&nbsp;<\/p>\n\n\n\n<p class=\"wp-block-paragraph\">La galardonada afirm\u00f3 que este reconocimiento le da \u00e1nimo para seguir escribiendo y la honra por llevar el nombre de In\u00e9s Arredondo<\/p>\n\n\n\n<p class=\"wp-block-paragraph\">Redacci\u00f3n<\/p>\n\n\n\n<p class=\"wp-block-paragraph\">SemM\u00e9xico, Cd. de M\u00e9xico, 7 de septiembre,&nbsp; 2025.- Ana Garc\u00eda Bergua fue galardonada con &nbsp;el Premio Bellas Artes de Literatura In\u00e9s Arredondo 2025, por su obra &nbsp;<em>Isla de bobos<\/em>&nbsp;(2007), cuya &nbsp;escritura transita entre el humor, lo fant\u00e1stico y la observaci\u00f3n fina de la realidad, caracter\u00edsticas que le permiten establecer complicidad con sus lectoras y lectores.<\/p>\n\n\n\n<p class=\"wp-block-paragraph\">Este &nbsp;reconocimiento a su trayectoria y aportaci\u00f3n a las letras mexicanas, homenaje&nbsp; con el nombre de la Sinaloense In\u00e9s Arredondo, una de las escritoras de mayor altura en M\u00e9xico cuya obra en su conjunto fue considerada como &nbsp;una cr\u00edtica al poder y a las diversas formas de violencia, sobre todo contra las mujeres, as\u00ed como a las normas&nbsp; que han sostenido el orden patriarcal.<\/p>\n\n\n\n<p class=\"wp-block-paragraph\">La &nbsp;ceremonia de entrega del reconocimiento para &nbsp;Ana Garc\u00eda Bergua se realiz\u00f3 el jueves pasado en el Centro Sinaloa de las Artes Centenario, en la ciudad de Culiac\u00e1n.<\/p>\n\n\n\n<p class=\"wp-block-paragraph\">As\u00ed lo dio a conocer la Secretar\u00eda de Cultura del Gobierno de M\u00e9xico y el Instituto Nacional de Bellas Artes y Literatura (INBAL), a trav\u00e9s de la Coordinaci\u00f3n Nacional de Literatura (CNL), en colaboraci\u00f3n con el Gobierno del Estado de Sinaloa, por medio del Instituto Sinaloense de Cultura<\/p>\n\n\n\n<p class=\"wp-block-paragraph\">El acto fue presidido por la coordinadora Nacional de Literatura del INBAL, Nadia L\u00f3pez Garc\u00eda, quien expres\u00f3 que m\u00e1s all\u00e1 de un reconocimiento, la ceremonia \u201ces un acto de celebraci\u00f3n a las voces que resisten y existen desde las escritoras, porque en el panorama literario mexicano hay muchas deudas con diversas comunidades, pero con las mujeres m\u00e1s, y este premio celebra trayectorias, voces y formas muy particulares de poder transitar el mundo literario\u201d.<\/p>\n\n\n\n<figure class=\"wp-block-image size-large\"><a href=\"https:\/\/redsemlac.com\/semmexico\/wp-content\/uploads\/2025\/09\/Ana-Garcia-02.jpg\"><img loading=\"lazy\" decoding=\"async\" width=\"1024\" height=\"683\" src=\"https:\/\/redsemlac.com\/semmexico\/wp-content\/uploads\/2025\/09\/Ana-Garcia-02-1024x683.jpg\" alt=\"\" class=\"wp-image-98451\" srcset=\"https:\/\/redsemlac.com\/semmexico\/wp-content\/uploads\/2025\/09\/Ana-Garcia-02-1024x683.jpg 1024w, https:\/\/redsemlac.com\/semmexico\/wp-content\/uploads\/2025\/09\/Ana-Garcia-02-300x200.jpg 300w, https:\/\/redsemlac.com\/semmexico\/wp-content\/uploads\/2025\/09\/Ana-Garcia-02-768x512.jpg 768w, https:\/\/redsemlac.com\/semmexico\/wp-content\/uploads\/2025\/09\/Ana-Garcia-02-150x100.jpg 150w, https:\/\/redsemlac.com\/semmexico\/wp-content\/uploads\/2025\/09\/Ana-Garcia-02-696x464.jpg 696w, https:\/\/redsemlac.com\/semmexico\/wp-content\/uploads\/2025\/09\/Ana-Garcia-02-1068x712.jpg 1068w, https:\/\/redsemlac.com\/semmexico\/wp-content\/uploads\/2025\/09\/Ana-Garcia-02.jpg 1453w\" sizes=\"auto, (max-width: 1024px) 100vw, 1024px\" \/><\/a><\/figure>\n\n\n\n<p class=\"wp-block-paragraph\">L\u00f3pez Garc\u00eda a\u00f1adi\u00f3 que este galard\u00f3n es relevante porque la comunidad literaria puede postular a las escritoras que considera merecedoras, como en el caso de Ana Garc\u00eda Bergua: \u201cQue este reconocimiento se sume al camino que has venido trazando y que sea un impulso para continuar por mucho tiempo m\u00e1s, en el que podamos ser part\u00edcipes de tu obra, de tu palabra y de tu generosidad\u201d.<\/p>\n\n\n\n<p class=\"wp-block-paragraph\"><strong>Habla la galardonada<\/strong><\/p>\n\n\n\n<p class=\"wp-block-paragraph\">En su intervenci\u00f3n, la escritora y cronista mexicana Ana Garc\u00eda Bergua afirm\u00f3 que la literatura no es un territorio f\u00e1cil de transitar, ya que supone un trabajo paciente y muchas veces invisible: \u201cEste reconocimiento no hace sino darme \u00e1nimo para seguir escribiendo y me honra, especialmente al llevar el nombre de In\u00e9s Arredondo, una de las mayores escritoras mexicanas a la que tenemos que seguir leyendo y releyendo\u201d.<\/p>\n\n\n\n<p class=\"wp-block-paragraph\">La tambi\u00e9n autora de&nbsp;<em>Rosas negras<\/em>&nbsp;(2004) dedic\u00f3 el galard\u00f3n a las y los j\u00f3venes de M\u00e9xico, \u201cespecialmente a los que, en medio de realidades arduas, sienten el llamado de la escritura, la m\u00fasica, la pintura, el teatro, el arte en general. Mi mayor deseo es que puedan abrir esa puerta y no tengan que abandonar su empresa\u201d.<\/p>\n\n\n\n<p class=\"wp-block-paragraph\">Subray\u00f3 que el arte y la literatura son \u00e1mbitos nobles, nutricios y necesarios, pues le dan a la vida otro sentido m\u00e1s all\u00e1 de lo inmediato, por lo que es indispensable insistir en el apoyo a gran escala: \u201cEl tiempo empleado en escuchar una sonata, en leer los versos de Sor Juana o un cuento de In\u00e9s Arredondo, el tiempo empleado en compartir esta experiencia y comentarla con otros, jam\u00e1s ser\u00e1 tiempo perdido, porque todo ello nos dir\u00e1 algo sobre nosotros mismos y sobre el mundo, nos mostrar\u00e1 otras posibilidades y le dar\u00e1 muchos sentidos a nuestro paso por esta vida\u201d.<\/p>\n\n\n\n<p class=\"wp-block-paragraph\">A nombre del gobernador de Sinaloa la secretaria de las Mujeres del estado, Ana Chiquete Elizalde, asegur\u00f3 que con este premio se honra la trayectoria de una narradora y cronista que se ha consolidado en las letras mexicanas de nuestro tiempo. \u201cPara Sinaloa, participar en este reconocimiento es motivo de orgullo y una gran convicci\u00f3n, ya que la cultura es un bien p\u00fablico y un derecho que humaniza\u201d, afirm\u00f3.<\/p>\n\n\n\n<p class=\"wp-block-paragraph\">Agreg\u00f3 que la&nbsp; convocatoria de este premio subraya ese prop\u00f3sito al reconocer a escritoras mexicanas de gran calado, por lo que el Gobierno de Sinaloa las reconoce en tres gestos: \u201cEn la obra de Ana Garc\u00eda Bergua, que dialoga con generaciones de lectoras y lectores; en la herencia de In\u00e9s Arredondo, que abri\u00f3 puertas para que otras mujeres pudieran escribir con libertad; y en el compromiso de las instituciones que sostienen la cultura como un acto de justicia social\u201d.<\/p>\n\n\n\n<p class=\"wp-block-paragraph\">Por su parte, el director general del Instituto Sinaloense de Cultura, Juan Salvador Avil\u00e9s Ochoa, destac\u00f3 la importancia de que la ceremonia se realizara en esta casa que a mediados del siglo XX fue sede del Colegio Guadalupano, donde estudi\u00f3 In\u00e9s Arredondo, quien viv\u00eda a 300 metros de ah\u00ed, en el centro hist\u00f3rico.<\/p>\n\n\n\n<figure class=\"wp-block-image size-large\"><a href=\"https:\/\/redsemlac.com\/semmexico\/wp-content\/uploads\/2025\/09\/Ana-Garcia-03.jpg\"><img loading=\"lazy\" decoding=\"async\" width=\"1024\" height=\"682\" src=\"https:\/\/redsemlac.com\/semmexico\/wp-content\/uploads\/2025\/09\/Ana-Garcia-03-1024x682.jpg\" alt=\"\" class=\"wp-image-98452\" srcset=\"https:\/\/redsemlac.com\/semmexico\/wp-content\/uploads\/2025\/09\/Ana-Garcia-03-1024x682.jpg 1024w, https:\/\/redsemlac.com\/semmexico\/wp-content\/uploads\/2025\/09\/Ana-Garcia-03-300x200.jpg 300w, https:\/\/redsemlac.com\/semmexico\/wp-content\/uploads\/2025\/09\/Ana-Garcia-03-768x512.jpg 768w, https:\/\/redsemlac.com\/semmexico\/wp-content\/uploads\/2025\/09\/Ana-Garcia-03-1536x1023.jpg 1536w, https:\/\/redsemlac.com\/semmexico\/wp-content\/uploads\/2025\/09\/Ana-Garcia-03-150x100.jpg 150w, https:\/\/redsemlac.com\/semmexico\/wp-content\/uploads\/2025\/09\/Ana-Garcia-03-696x464.jpg 696w, https:\/\/redsemlac.com\/semmexico\/wp-content\/uploads\/2025\/09\/Ana-Garcia-03-1068x711.jpg 1068w, https:\/\/redsemlac.com\/semmexico\/wp-content\/uploads\/2025\/09\/Ana-Garcia-03-1920x1279.jpg 1920w, https:\/\/redsemlac.com\/semmexico\/wp-content\/uploads\/2025\/09\/Ana-Garcia-03.jpg 2048w\" sizes=\"auto, (max-width: 1024px) 100vw, 1024px\" \/><\/a><\/figure>\n\n\n\n<p class=\"wp-block-paragraph\">A\u00f1adi\u00f3 que las trayectorias de vida y literarias de In\u00e9s Arredondo y Ana Garc\u00eda Bergua comparten similitudes: \u201cAmbas estudiaron Filosof\u00eda y Letras en la UNAM e hicieron traducciones; tuvieron un contexto familiar y de amigos exiliados de la Guerra Civil Espa\u00f1ola; participaron en teatro; publicaron su primer libro en la Editorial Era (In\u00e9s en 1965 y Ana en 1993); y llevaron el cine como otra patria: In\u00e9s como coguionista de la pel\u00edcula&nbsp;<em>Mariana<\/em>, basada en un cuento suyo, y Ana como hija de Emilio Garc\u00eda Riera, el gran historiador del cine mexicano\u201d.<\/p>\n\n\n\n<p class=\"wp-block-paragraph\">La escritora Ernestina Y\u00e9piz ley\u00f3 el acta del jurado calificador, integrado por Tedi L\u00f3pez Mills, Daniela Tarazona y Sara Uribe, que seleccion\u00f3 a Garc\u00eda Bergua por \u201cmostrar, a lo largo de muchos a\u00f1os, una enorme riqueza y destreza narrativa. Cada uno de sus libros es una apuesta est\u00e9tica y formal, innovadora, l\u00facida y sorprendente\u201d.<\/p>\n\n\n\n<p class=\"wp-block-paragraph\"><strong>El Premio Bellas Artes de Literatura In\u00e9s Arredondo consiste en un diploma y la cantidad de 300 mil pesos.<\/strong><\/p>\n\n\n\n<p class=\"wp-block-paragraph\">Ana Garc\u00eda Bergua naci\u00f3 en la Ciudad de M\u00e9xico en 1960. Es autora de las novelas&nbsp;<em>El umbral<\/em>,&nbsp;<em>P\u00farpura<\/em>,&nbsp;<em>Isla de bobos<\/em>,&nbsp;<em>La bomba de San Jos\u00e9<\/em>,&nbsp;<em>Rosas negras<\/em>&nbsp;y&nbsp;<em>Edificio<\/em>. En 2013 obtuvo el Premio de Literatura Sor Juana In\u00e9s de la Cruz, otorgado por la Feria Internacional del Libro de Guadalajara, por&nbsp;<em>La bomba de San Jos\u00e9<\/em>, y en 2016 recibi\u00f3 el Premio Bellas Artes de Narrativa Colima para Obra Publicada por&nbsp;<em>La tormenta hind\u00fa y otras historias<\/em>.&nbsp;<\/p>\n\n\n\n<p class=\"wp-block-paragraph\"><\/p>\n","protected":false},"excerpt":{"rendered":"<p>La galardonada e In\u00e9s Arredondo se encuentran unidas a &nbsp;las voces&nbsp; desde las escritoras,&nbsp; en el panorama literario mexicano donde hay muchas deudas&nbsp; con las mujeres La coordinadora Nacional de Literatura del INBAL, Nadia L\u00f3pez Garc\u00eda, se\u00f1al\u00f3 que la ceremonia fue un acto de celebraci\u00f3n de las voces que resisten desde las mujeres&nbsp;&nbsp;&nbsp;&nbsp;&nbsp;&nbsp;&nbsp;&nbsp;&nbsp;&nbsp;&nbsp;&nbsp;&nbsp;&nbsp;&nbsp;&nbsp;&nbsp;&nbsp;&nbsp;&nbsp;&nbsp;&nbsp;&nbsp;&nbsp;&nbsp;&nbsp;&nbsp; La galardonada [&hellip;]<\/p>\n","protected":false},"author":3,"featured_media":98453,"comment_status":"open","ping_status":"open","sticky":false,"template":"","format":"standard","meta":{"_monsterinsights_skip_tracking":false,"footnotes":""},"categories":[748],"tags":[],"class_list":["post-98450","post","type-post","status-publish","format-standard","has-post-thumbnail","category-cultura-feminista"],"_links":{"self":[{"href":"https:\/\/redsemlac.com\/semmexico\/wp-json\/wp\/v2\/posts\/98450","targetHints":{"allow":["GET"]}}],"collection":[{"href":"https:\/\/redsemlac.com\/semmexico\/wp-json\/wp\/v2\/posts"}],"about":[{"href":"https:\/\/redsemlac.com\/semmexico\/wp-json\/wp\/v2\/types\/post"}],"author":[{"embeddable":true,"href":"https:\/\/redsemlac.com\/semmexico\/wp-json\/wp\/v2\/users\/3"}],"replies":[{"embeddable":true,"href":"https:\/\/redsemlac.com\/semmexico\/wp-json\/wp\/v2\/comments?post=98450"}],"version-history":[{"count":0,"href":"https:\/\/redsemlac.com\/semmexico\/wp-json\/wp\/v2\/posts\/98450\/revisions"}],"wp:featuredmedia":[{"embeddable":true,"href":"https:\/\/redsemlac.com\/semmexico\/wp-json\/wp\/v2\/media\/98453"}],"wp:attachment":[{"href":"https:\/\/redsemlac.com\/semmexico\/wp-json\/wp\/v2\/media?parent=98450"}],"wp:term":[{"taxonomy":"category","embeddable":true,"href":"https:\/\/redsemlac.com\/semmexico\/wp-json\/wp\/v2\/categories?post=98450"},{"taxonomy":"post_tag","embeddable":true,"href":"https:\/\/redsemlac.com\/semmexico\/wp-json\/wp\/v2\/tags?post=98450"}],"curies":[{"name":"wp","href":"https:\/\/api.w.org\/{rel}","templated":true}]}}