{"id":98439,"date":"2025-09-07T15:08:18","date_gmt":"2025-09-07T21:08:18","guid":{"rendered":"https:\/\/redsemlac.com\/semmexico\/?p=98439"},"modified":"2025-09-07T15:09:56","modified_gmt":"2025-09-07T21:09:56","slug":"acusadas-de-seduccion-a-la-tropa-y-adiccion-a-la-insurgencia-son-las-mujeres-que-participaron-en-la-independencia-de-mexico","status":"publish","type":"post","link":"https:\/\/redsemlac.com\/semmexico\/acusadas-de-seduccion-a-la-tropa-y-adiccion-a-la-insurgencia-son-las-mujeres-que-participaron-en-la-independencia-de-mexico\/","title":{"rendered":"Acusadas de seducci\u00f3n a la tropa y adicci\u00f3n a la insurgencia, son \u00a0las mujeres que participaron en la Independencia de M\u00e9xico"},"content":{"rendered":"\n<p class=\"wp-block-paragraph\">Foto: Cortes\u00eda El Sol&nbsp; de M\u00e9xico<\/p>\n\n\n\n<p class=\"wp-block-paragraph\">Septiembre considerado el mes de la patria no olvida a las mujeres, las de base, las del colectivo&nbsp; frecuentemente expuestas en plazas p\u00fablicas, &nbsp;asesinadas<\/p>\n\n\n\n<p class=\"wp-block-paragraph\">Mujeres &nbsp;que contribuyeron a la creaci\u00f3n de la Naci\u00f3n Mexicana las recuerdan en el 215 aniversario de la guerra de independencia, rescatadas&nbsp;&nbsp; por Genaro Garc\u00eda<\/p>\n\n\n\n<p class=\"wp-block-paragraph\">Elda Montiel Toral<\/p>\n\n\n\n<p class=\"wp-block-paragraph\">SemM\u00e9xico, &nbsp;Cd. de M\u00e9xico, 7 de septiembre, &nbsp;2025.- A las mujeres en la Independencia de M\u00e9xico, las conocidas como el colectivo de la independencia, a ellas &nbsp;se les va a encontrar en todos los espacios, desde aquellas que alimentan a la tropa &#8212; una labor nada menor&#8211;, empu\u00f1ando armas, lidereando gavillas,&nbsp; esp\u00edas como &nbsp;correos, entregando sus recursos a la causa, &nbsp;encargadas de &nbsp;suministros, sanadoras de los hombres ca\u00eddos en la leva.<\/p>\n\n\n\n<p class=\"wp-block-paragraph\">Estas ancestras, cuando eran capturadas fueron condenadas&nbsp; &nbsp;por el delito mayor&nbsp; de \u201cseducci\u00f3n de la tropa\u201d ,&nbsp; pero tambi\u00e9n como&nbsp; reveladas de adicci\u00f3n a la insurgencia.&nbsp;<\/p>\n\n\n\n<p class=\"wp-block-paragraph\">Visibilizar la presencia de las mujeres en la historia es imprescindible, sobre todo las &nbsp;&nbsp;que transgredieron el orden establecido y cuyo costo fue su propia &nbsp;vida o el encierro, seg\u00fan la clase social a la que pertenecieron. A &nbsp;las que murieron en el medio rural, &nbsp;con frecuencia sus cuerpos fueron expuestos, como &nbsp;escarmiento, en las plazas p\u00fablicas por el ej\u00e9rcito realista, el del rey.<\/p>\n\n\n\n<p class=\"wp-block-paragraph\">As\u00ed lo &nbsp;expuso la maestra Angelica Noemi Ju\u00e1rez P\u00e9rez del Instituto Nacional de Estudios Hist\u00f3ricos de las Revoluciones de M\u00e9xico (INEHRM).<\/p>\n\n\n\n<p class=\"wp-block-paragraph\">Con la conferencia \u201cMatria. Mujeres de la Patria\u201d, Ju\u00e1rez P\u00e9rez se refiri\u00f3 a las mujeres del colectivo en la Independencia, las que no tienen nombre ni apellido.&nbsp; Se\u00f1alo que generalmente se identifica a las cuatro mujeres inscritas con letras de oro en el Muro del Senado: Josefa Ortiz de Dom\u00ednguez, Leona Vicario, Mariana Rodr\u00edguez del Toro de Lazar\u00edn y Gertrudis Bocanegra.<\/p>\n\n\n\n<p class=\"wp-block-paragraph\"><strong>Las invisibles<\/strong><\/p>\n\n\n\n<figure class=\"wp-block-image size-full\"><a href=\"https:\/\/redsemlac.com\/semmexico\/wp-content\/uploads\/2025\/09\/mujeres-en-independencia-02.jpg\"><img loading=\"lazy\" decoding=\"async\" width=\"500\" height=\"500\" src=\"https:\/\/redsemlac.com\/semmexico\/wp-content\/uploads\/2025\/09\/mujeres-en-independencia-02.jpg\" alt=\"\" class=\"wp-image-98440\" srcset=\"https:\/\/redsemlac.com\/semmexico\/wp-content\/uploads\/2025\/09\/mujeres-en-independencia-02.jpg 500w, https:\/\/redsemlac.com\/semmexico\/wp-content\/uploads\/2025\/09\/mujeres-en-independencia-02-300x300.jpg 300w, https:\/\/redsemlac.com\/semmexico\/wp-content\/uploads\/2025\/09\/mujeres-en-independencia-02-150x150.jpg 150w\" sizes=\"auto, (max-width: 500px) 100vw, 500px\" \/><\/a><\/figure>\n\n\n\n<p class=\"wp-block-paragraph\"><strong>\u00a0La Coronela, Antonia Nava<\/strong><\/p>\n\n\n\n<p class=\"wp-block-paragraph\">La especialista explic\u00f3 &nbsp;que la narrativa de la cultura nacional ha invisibilizado a las mujeres, s\u00f3lo se conocen y resaltan los nombres de los nombres en las estampillas conmemorativas desde la conmemoraci\u00f3n de los 100 a\u00f1os en 1910 ( muestra imagen) se ve a&nbsp; Miguel Hidalgo, a Agust\u00edn de Iturbide, Mariano Matamoros, Vicente Guerrero, Jos\u00e9 Mar\u00eda y Morelos y una mujer pero vista como la historia, la patria. En otras estampillas conmemorativas aparecen&nbsp; a cuenta gotas a Josefa Ortiz de Dom\u00ednguez y a Leona Vicario, las m\u00e1s conocidas.<\/p>\n\n\n\n<p class=\"wp-block-paragraph\">Se\u00f1ala que se limita a ver la presencia de las mujeres de manera individualizada, pero lo m\u00e1s importante es saber que hicieron.&nbsp; Se cruzan varias interseccionalidades, las mujeres novohispanas como Leona Vicario una joven culta de posici\u00f3n econ\u00f3mica que se comprometi\u00f3 con la lucha independentista, y hab\u00eda mujeres diversas que fueron madres, hijas, esposas, hermanas o l\u00edderes comunitarias y que, motivadas por causas ideol\u00f3gicas, se comprometieron con la causa insurgente hasta la \u00faltima de las consecuencias.<\/p>\n\n\n\n<figure class=\"wp-block-image size-full\"><a href=\"https:\/\/redsemlac.com\/semmexico\/wp-content\/uploads\/2025\/09\/mujeres-en-independencia-03.jpg\"><img loading=\"lazy\" decoding=\"async\" width=\"707\" height=\"884\" src=\"https:\/\/redsemlac.com\/semmexico\/wp-content\/uploads\/2025\/09\/mujeres-en-independencia-03.jpg\" alt=\"\" class=\"wp-image-98441\" srcset=\"https:\/\/redsemlac.com\/semmexico\/wp-content\/uploads\/2025\/09\/mujeres-en-independencia-03.jpg 707w, https:\/\/redsemlac.com\/semmexico\/wp-content\/uploads\/2025\/09\/mujeres-en-independencia-03-240x300.jpg 240w, https:\/\/redsemlac.com\/semmexico\/wp-content\/uploads\/2025\/09\/mujeres-en-independencia-03-150x188.jpg 150w, https:\/\/redsemlac.com\/semmexico\/wp-content\/uploads\/2025\/09\/mujeres-en-independencia-03-300x375.jpg 300w, https:\/\/redsemlac.com\/semmexico\/wp-content\/uploads\/2025\/09\/mujeres-en-independencia-03-696x870.jpg 696w\" sizes=\"auto, (max-width: 707px) 100vw, 707px\" \/><\/a><\/figure>\n\n\n\n<p class=\"wp-block-paragraph\">Hay que pensarlas que muchas estaban trabajando en los comercios, en las calles, participando d\u00eda a d\u00eda sobre todo las del medio rural.&nbsp; Conocemos casi exclusivamente por lo que de ellas dijeron sus captores: militares realistas, autoridades eclesi\u00e1sticas o letrados que controlaban los procesos judiciales a los que fueron sometidas.<\/p>\n\n\n\n<p class=\"wp-block-paragraph\">Josefa Ortiz de Dom\u00ednguez con la imagen de una matrona&nbsp; seria con&nbsp; chal, peinado de un chongo, era una mujer en\u00e9rgica de&nbsp; 40 a\u00f1os ya con 14 hijos y en uno de los manuales escolares dec\u00eda que Hidalgo se refer\u00eda a ella como el cerebro.<\/p>\n\n\n\n<p class=\"wp-block-paragraph\">En el caso de Leona Vicario pone en riesgo su comodidad y arriesga sus bienes. A los 21 a\u00f1os formaba parte de la sociedad de Los Guadalupes, sus miembros, en su mayor\u00eda criollos e ind\u00edgenas, prove\u00edan recursos econ\u00f3micos, informaci\u00f3n estrat\u00e9gica y apoyo log\u00edstico a los l\u00edderes insurgentes como Ignacio L\u00f3pez Ray\u00f3n, actuando como una red de espionaje y difusi\u00f3n de propaganda para obtener la autonom\u00eda de la colonia.<\/p>\n\n\n\n<p class=\"wp-block-paragraph\">A principio de 1813 uno de sus correos fue interceptado huyo pero fue localizada&nbsp; y puesta a disposici\u00f3n de las autoridades. Con tan s\u00f3lo 24 a\u00f1os, dio muestra de su entereza, al no ceder ante los interrogatorios en donde la presionaron para que entregara a sus compa\u00f1eros. Se casa con Andr\u00e9s Quintana Roo se les condena al destierro en 1818, y hasta consumada la Independencia se les permite volver&nbsp; la Ciudad de M\u00e9xico.<\/p>\n\n\n\n<p class=\"wp-block-paragraph\">El 14 de marzo de 1831 Lucas Alam\u00e1n, ministro del gobierno en turno, demerit\u00f3 los merecimientos de Leona Vicario al acusarla de participar en la Independencia s\u00f3lo por hero\u00edsmo romancesco. Ella replic\u00f3 que las mujeres poseen independencia de acci\u00f3n: \u00bfQu\u00e9 tiene de extra\u00f1o ni de rid\u00edculo el que una mujer ame a su patria, y le preste los servicios que pueda para que a estos se les d\u00e9, por burla, el t\u00edtulo de hero\u00edsmo romanesco?<\/p>\n\n\n\n<figure class=\"wp-block-image size-full\"><a href=\"https:\/\/redsemlac.com\/semmexico\/wp-content\/uploads\/2025\/09\/mujeres-en-independencia-04.png\"><img loading=\"lazy\" decoding=\"async\" width=\"900\" height=\"560\" src=\"https:\/\/redsemlac.com\/semmexico\/wp-content\/uploads\/2025\/09\/mujeres-en-independencia-04.png\" alt=\"\" class=\"wp-image-98442\" srcset=\"https:\/\/redsemlac.com\/semmexico\/wp-content\/uploads\/2025\/09\/mujeres-en-independencia-04.png 900w, https:\/\/redsemlac.com\/semmexico\/wp-content\/uploads\/2025\/09\/mujeres-en-independencia-04-300x187.png 300w, https:\/\/redsemlac.com\/semmexico\/wp-content\/uploads\/2025\/09\/mujeres-en-independencia-04-768x478.png 768w, https:\/\/redsemlac.com\/semmexico\/wp-content\/uploads\/2025\/09\/mujeres-en-independencia-04-150x93.png 150w, https:\/\/redsemlac.com\/semmexico\/wp-content\/uploads\/2025\/09\/mujeres-en-independencia-04-696x433.png 696w\" sizes=\"auto, (max-width: 900px) 100vw, 900px\" \/><\/a><\/figure>\n\n\n\n<p class=\"wp-block-paragraph\">Ella asegur\u00f3 que \u201cno solo el amor es el m\u00f3vil de las acciones de las mujeres; que ellas son capaces de todos los entusiasmos, y que los deseos de la gloria y de la libertad de la patria, no les son unos sentimientos extra\u00f1os\u201d.<\/p>\n\n\n\n<p class=\"wp-block-paragraph\">&nbsp;Se\u00f1ala que se van a encontrar m\u00e1s informaci\u00f3n en la compilaci\u00f3n de 1910 de Genaro Garc\u00eda, hace 100 a\u00f1os, de 56 documentos de testimonios de las mujeres.&nbsp;<\/p>\n\n\n\n<p class=\"wp-block-paragraph\">Se les hacia un doble juicio por ser mujeres y participar en la insurgencia por ser malas mujeres al transgredir el papel que les correspond\u00eda pues eran juzgadas por usar pantalones y por seducir a los hombres para que se pasaran al bando insurgente.<\/p>\n\n\n\n<figure class=\"wp-block-gallery has-nested-images columns-default is-cropped wp-block-gallery-1 is-layout-flex wp-block-gallery-is-layout-flex\">\n<figure class=\"wp-block-image size-large\"><a href=\"https:\/\/redsemlac.com\/semmexico\/wp-content\/uploads\/2025\/09\/mujeres-en-independencia-05.jpg\"><img loading=\"lazy\" decoding=\"async\" width=\"650\" height=\"650\" data-id=\"98443\" src=\"https:\/\/redsemlac.com\/semmexico\/wp-content\/uploads\/2025\/09\/mujeres-en-independencia-05.jpg\" alt=\"\" class=\"wp-image-98443\" srcset=\"https:\/\/redsemlac.com\/semmexico\/wp-content\/uploads\/2025\/09\/mujeres-en-independencia-05.jpg 650w, https:\/\/redsemlac.com\/semmexico\/wp-content\/uploads\/2025\/09\/mujeres-en-independencia-05-300x300.jpg 300w, https:\/\/redsemlac.com\/semmexico\/wp-content\/uploads\/2025\/09\/mujeres-en-independencia-05-150x150.jpg 150w\" sizes=\"auto, (max-width: 650px) 100vw, 650px\" \/><\/a><\/figure>\n\n\n\n<figure class=\"wp-block-image size-large\"><a href=\"https:\/\/redsemlac.com\/semmexico\/wp-content\/uploads\/2025\/09\/mujeres-en-independencia-06.jpg\"><img loading=\"lazy\" decoding=\"async\" width=\"900\" height=\"600\" data-id=\"98444\" src=\"https:\/\/redsemlac.com\/semmexico\/wp-content\/uploads\/2025\/09\/mujeres-en-independencia-06.jpg\" alt=\"\" class=\"wp-image-98444\" srcset=\"https:\/\/redsemlac.com\/semmexico\/wp-content\/uploads\/2025\/09\/mujeres-en-independencia-06.jpg 900w, https:\/\/redsemlac.com\/semmexico\/wp-content\/uploads\/2025\/09\/mujeres-en-independencia-06-300x200.jpg 300w, https:\/\/redsemlac.com\/semmexico\/wp-content\/uploads\/2025\/09\/mujeres-en-independencia-06-768x512.jpg 768w, https:\/\/redsemlac.com\/semmexico\/wp-content\/uploads\/2025\/09\/mujeres-en-independencia-06-150x100.jpg 150w, https:\/\/redsemlac.com\/semmexico\/wp-content\/uploads\/2025\/09\/mujeres-en-independencia-06-696x464.jpg 696w\" sizes=\"auto, (max-width: 900px) 100vw, 900px\" \/><\/a><\/figure>\n<\/figure>\n\n\n\n<p class=\"wp-block-paragraph\">Uno de estos casos fue el de Carmen Camacho, quien fue fusilada al ser encontrada culpable de traicionar al rey y, como se puede leer en su condena, luego de la ejecuci\u00f3n su cuerpo se us\u00f3 como escarmiento para otras mujeres.<\/p>\n\n\n\n<figure class=\"wp-block-image size-full\"><a href=\"https:\/\/redsemlac.com\/semmexico\/wp-content\/uploads\/2025\/09\/mujeres-en-independencia-07.jpg\"><img loading=\"lazy\" decoding=\"async\" width=\"913\" height=\"719\" src=\"https:\/\/redsemlac.com\/semmexico\/wp-content\/uploads\/2025\/09\/mujeres-en-independencia-07.jpg\" alt=\"\" class=\"wp-image-98445\" srcset=\"https:\/\/redsemlac.com\/semmexico\/wp-content\/uploads\/2025\/09\/mujeres-en-independencia-07.jpg 913w, https:\/\/redsemlac.com\/semmexico\/wp-content\/uploads\/2025\/09\/mujeres-en-independencia-07-300x236.jpg 300w, https:\/\/redsemlac.com\/semmexico\/wp-content\/uploads\/2025\/09\/mujeres-en-independencia-07-768x605.jpg 768w, https:\/\/redsemlac.com\/semmexico\/wp-content\/uploads\/2025\/09\/mujeres-en-independencia-07-150x118.jpg 150w, https:\/\/redsemlac.com\/semmexico\/wp-content\/uploads\/2025\/09\/mujeres-en-independencia-07-696x548.jpg 696w\" sizes=\"auto, (max-width: 913px) 100vw, 913px\" \/><\/a><\/figure>\n\n\n\n<p class=\"wp-block-paragraph\">Algunas comandaron tropas como Prisca Marquina, quien fue aprehendida en 1814 en Taxco. Seg\u00fan su captor se presentaba \u201cen algunos puntos con sus charreteras y sable, llena de tanta vanidad y orgullo\u201d.\u00a0 Otra mujer, s\u00f3lo nombrada \u201cla se\u00f1ora de Albino Garc\u00eda\u201d, quien es descrita \u201cmontada a caballo como hombre, con sable en la mano a la cabeza de la divisi\u00f3n de Garc\u00eda, entraba la primera a los ataques, animando con su voz y ejemplo\u201d. Otra fue Josefa Mart\u00ednez fue detenida en 1817 en la regi\u00f3n de Chalchicomula, hoy estado de Puebla; durante su juicio se hizo hincapi\u00e9 en que sus principales delitos fueron \u201cportar pantalones\u201d.\u00a0La Capitana<\/p>\n\n\n\n<figure class=\"wp-block-image size-full\"><a href=\"https:\/\/redsemlac.com\/semmexico\/wp-content\/uploads\/2025\/09\/mujeres-en-independencia-08.jpg\"><img loading=\"lazy\" decoding=\"async\" width=\"1024\" height=\"683\" src=\"https:\/\/redsemlac.com\/semmexico\/wp-content\/uploads\/2025\/09\/mujeres-en-independencia-08.jpg\" alt=\"\" class=\"wp-image-98446\" srcset=\"https:\/\/redsemlac.com\/semmexico\/wp-content\/uploads\/2025\/09\/mujeres-en-independencia-08.jpg 1024w, https:\/\/redsemlac.com\/semmexico\/wp-content\/uploads\/2025\/09\/mujeres-en-independencia-08-300x200.jpg 300w, https:\/\/redsemlac.com\/semmexico\/wp-content\/uploads\/2025\/09\/mujeres-en-independencia-08-768x512.jpg 768w, https:\/\/redsemlac.com\/semmexico\/wp-content\/uploads\/2025\/09\/mujeres-en-independencia-08-150x100.jpg 150w, https:\/\/redsemlac.com\/semmexico\/wp-content\/uploads\/2025\/09\/mujeres-en-independencia-08-696x464.jpg 696w\" sizes=\"auto, (max-width: 1024px) 100vw, 1024px\" \/><\/a><\/figure>\n\n\n\n<p class=\"wp-block-paragraph\">\u00abTenemos a una mujer militar: Manuela Molina, &#8216;la Capitana&#8217;, grado que le otorg\u00f3 la Suprema Junta de Zit\u00e1cuaro. Otro ejemplo es Josefa Mart\u00ednez, l\u00edder de una gavilla de varones en la zona del actual Veracruz\u00bb<\/p>\n\n\n\n<p class=\"wp-block-paragraph\">Sin embargo, m\u00e1s all\u00e1 de la participaci\u00f3n directa de las mujeres y el castigo infringido por las autoridades realistas, hubo un sinn\u00famero de casos en que las mujeres fueron afectadas en su persona, su familia o en la dignidad con que ser\u00edan tratados sus cuerpos.<\/p>\n\n\n\n<p class=\"wp-block-paragraph\">Por lo general, la historia y los dispositivos de la memoria (materiales y actividades escolares, monumentos, trabajos literarios, entre muchos otros) privilegiaron a los hombres combatientes y a las mujeres urbanas, de clase acomodada, relativamente ajenas a los escenarios de guerra que culturalmente se estiman m\u00e1s cercanos a los hombres.<\/p>\n\n\n\n<p class=\"wp-block-paragraph\">Considera la historiadora que hay reconocer la participaci\u00f3n&nbsp; estrat\u00e9gica del plural de las mujeres en la insurgencia, pues han sido relegadas y excluidas de la historia nacional y de nuestra propia historia como mujeres.<\/p>\n\n\n\n<figure class=\"wp-block-image size-full\"><a href=\"https:\/\/redsemlac.com\/semmexico\/wp-content\/uploads\/2025\/09\/mujeres-en-independencia-09.jpg\"><img loading=\"lazy\" decoding=\"async\" width=\"1024\" height=\"604\" src=\"https:\/\/redsemlac.com\/semmexico\/wp-content\/uploads\/2025\/09\/mujeres-en-independencia-09.jpg\" alt=\"\" class=\"wp-image-98447\" srcset=\"https:\/\/redsemlac.com\/semmexico\/wp-content\/uploads\/2025\/09\/mujeres-en-independencia-09.jpg 1024w, https:\/\/redsemlac.com\/semmexico\/wp-content\/uploads\/2025\/09\/mujeres-en-independencia-09-300x177.jpg 300w, https:\/\/redsemlac.com\/semmexico\/wp-content\/uploads\/2025\/09\/mujeres-en-independencia-09-768x453.jpg 768w, https:\/\/redsemlac.com\/semmexico\/wp-content\/uploads\/2025\/09\/mujeres-en-independencia-09-150x88.jpg 150w, https:\/\/redsemlac.com\/semmexico\/wp-content\/uploads\/2025\/09\/mujeres-en-independencia-09-696x411.jpg 696w\" sizes=\"auto, (max-width: 1024px) 100vw, 1024px\" \/><\/a><\/figure>\n\n\n\n<p class=\"wp-block-paragraph\">La conferencia fue moderada por la doctora Ma. de Lourdes Alvarado de la Federaci\u00f3n de Mujeres Universitarias.<\/p>\n\n\n\n<p class=\"wp-block-paragraph\"><\/p>\n","protected":false},"excerpt":{"rendered":"<p>Foto: Cortes\u00eda El Sol&nbsp; de M\u00e9xico Septiembre considerado el mes de la patria no olvida a las mujeres, las de base, las del colectivo&nbsp; frecuentemente expuestas en plazas p\u00fablicas, &nbsp;asesinadas Mujeres &nbsp;que contribuyeron a la creaci\u00f3n de la Naci\u00f3n Mexicana las recuerdan en el 215 aniversario de la guerra de independencia, rescatadas&nbsp;&nbsp; por Genaro Garc\u00eda [&hellip;]<\/p>\n","protected":false},"author":3,"featured_media":98448,"comment_status":"open","ping_status":"open","sticky":false,"template":"","format":"standard","meta":{"_monsterinsights_skip_tracking":false,"footnotes":""},"categories":[748,694],"tags":[],"class_list":["post-98439","post","type-post","status-publish","format-standard","has-post-thumbnail","category-cultura-feminista","category-destacadas"],"_links":{"self":[{"href":"https:\/\/redsemlac.com\/semmexico\/wp-json\/wp\/v2\/posts\/98439","targetHints":{"allow":["GET"]}}],"collection":[{"href":"https:\/\/redsemlac.com\/semmexico\/wp-json\/wp\/v2\/posts"}],"about":[{"href":"https:\/\/redsemlac.com\/semmexico\/wp-json\/wp\/v2\/types\/post"}],"author":[{"embeddable":true,"href":"https:\/\/redsemlac.com\/semmexico\/wp-json\/wp\/v2\/users\/3"}],"replies":[{"embeddable":true,"href":"https:\/\/redsemlac.com\/semmexico\/wp-json\/wp\/v2\/comments?post=98439"}],"version-history":[{"count":0,"href":"https:\/\/redsemlac.com\/semmexico\/wp-json\/wp\/v2\/posts\/98439\/revisions"}],"wp:featuredmedia":[{"embeddable":true,"href":"https:\/\/redsemlac.com\/semmexico\/wp-json\/wp\/v2\/media\/98448"}],"wp:attachment":[{"href":"https:\/\/redsemlac.com\/semmexico\/wp-json\/wp\/v2\/media?parent=98439"}],"wp:term":[{"taxonomy":"category","embeddable":true,"href":"https:\/\/redsemlac.com\/semmexico\/wp-json\/wp\/v2\/categories?post=98439"},{"taxonomy":"post_tag","embeddable":true,"href":"https:\/\/redsemlac.com\/semmexico\/wp-json\/wp\/v2\/tags?post=98439"}],"curies":[{"name":"wp","href":"https:\/\/api.w.org\/{rel}","templated":true}]}}