{"id":98431,"date":"2025-09-06T18:51:36","date_gmt":"2025-09-07T00:51:36","guid":{"rendered":"https:\/\/redsemlac.com\/semmexico\/?p=98431"},"modified":"2025-09-06T18:53:25","modified_gmt":"2025-09-07T00:53:25","slug":"mas-de-mil-millones-de-personas-viven-con-trastornos-de-salud-mental-urge-ampliar-los-servicios-las-mujeres-desproporcionadamente-afectadas","status":"publish","type":"post","link":"https:\/\/redsemlac.com\/semmexico\/mas-de-mil-millones-de-personas-viven-con-trastornos-de-salud-mental-urge-ampliar-los-servicios-las-mujeres-desproporcionadamente-afectadas\/","title":{"rendered":"M\u00e1s de mil millones de personas viven con trastornos de \u200esalud mental, urge ampliar los servicios: las mujeres desproporcionadamente afectadas"},"content":{"rendered":"\n<p class=\"wp-block-paragraph\">Una mujer mayor est\u00e1 sentada sola en un banco cerca de un estanque.\u00a9 OMS\/Chadin Tephaval<\/p>\n\n\n\n<p class=\"wp-block-paragraph\">OMS &nbsp;subraya que el promedio del gasto p\u00fablico en los servicios de salud mental sigue siendo apenas del 2%<\/p>\n\n\n\n<p class=\"wp-block-paragraph\">la depresi\u00f3n y la ansiedad cuestan a la econom\u00eda mundial alrededor de un bill\u00f3n de d\u00f3lares estadounidenses al a\u00f1o<\/p>\n\n\n\n<p class=\"wp-block-paragraph\">Redacci\u00f3n<\/p>\n\n\n\n<p class=\"wp-block-paragraph\">SemM\u00e9xico\/ONU Noticias, Cd. de M\u00e9xico, 6 de septiembre, 2025.- De acuerdo con los nuevos datos publicados este martes por la Organizaci\u00f3n Mundial de la Salud OMS,&nbsp;&nbsp; m\u00e1s de mil millones de personas padecen trastornos de salud mental. Algunas de estas afecciones, como la ansiedad y la depresi\u00f3n, generan enormes costos humanos y econ\u00f3micos.<\/p>\n\n\n\n<p class=\"wp-block-paragraph\">Aunque muchos pa\u00edses han reforzado sus pol\u00edticas y programas, es preciso aumentar la inversi\u00f3n y la acci\u00f3n en todo el mundo para ampliar los servicios destinados a proteger y promover la salud mental de las personas, advierte la agencia sanitaria.<\/p>\n\n\n\n<p class=\"wp-block-paragraph\">Los trastornos de salud mental, como la ansiedad y la depresi\u00f3n, son muy frecuentes en todos los pa\u00edses y grupos poblacionales, y afectan a todas las edades y todos los niveles de ingresos. Constituyen la segunda causa de discapacidad prolongada, aumentan el n\u00famero de a\u00f1os de vida saludable perdidos, generan gastos en atenci\u00f3n de salud para las personas y las familias afectadas y ocasionan p\u00e9rdidas econ\u00f3micas sustanciales en todo el mundo.<\/p>\n\n\n\n<p class=\"wp-block-paragraph\">Se estima que, por s\u00ed solas, la depresi\u00f3n y la ansiedad cuestan a la econom\u00eda mundial alrededor de un bill\u00f3n de d\u00f3lares estadounidenses al a\u00f1o.<\/p>\n\n\n\n<p class=\"wp-block-paragraph\">Estas son las conclusiones de dos informes, <em>La salud mental mundial hoy en d\u00eda <\/em>y <em>Atlas de salud mental 2024<\/em>. Ambos son fundamentales para orientar las estrategias de los pa\u00edses y entablar un di\u00e1logo internacional antes de la Reuni\u00f3n sobre las enfermedades no trasmisible y la promoci\u00f3n de la salud mental y&nbsp; el bienestar, que tendr\u00e1 lugar este mes de&nbsp; septiembre.<\/p>\n\n\n\n<p class=\"wp-block-paragraph\"><strong>Faltan inversi\u00f3n y leyes<\/strong><\/p>\n\n\n\n<p class=\"wp-block-paragraph\"><em>La salud mental mundial hoy en d\u00eda <\/em>muestra que, aunque la prevalencia de los trastornos de salud mental puede variar en funci\u00f3n del sexo<strong>, las mujeres resultan desproporcionadamente afectadas en conjunto. <\/strong>Adem\u00e1s, revela que los trastornos m\u00e1s habituales tanto en las mujeres como en los hombres son la ansiedad y la depresi\u00f3n.<\/p>\n\n\n\n<p class=\"wp-block-paragraph\">El suicidio sigue siendo un problema devastador: se calcula que, en 2021, fue la causa de unas 727.000 defunciones. Se trata de una de las principales causas de defunci\u00f3n entre los j\u00f3venes de todos los pa\u00edses y contextos socioecon\u00f3micos.<\/p>\n\n\n\n<p class=\"wp-block-paragraph\">Seg\u00fan <em>Atlas de salud mental 2024<\/em>, los pa\u00edses han mejorado significativamente sus pol\u00edticas y planes de salud mental desde 2020.<\/p>\n\n\n\n<p class=\"wp-block-paragraph\">Sin embargo, pocos han promulgado leyes sobre la salud mental basadas en los derechos, y solo el 45% de los pa\u00edses se\u00f1al\u00f3 que su legislaci\u00f3n cumpl\u00eda plenamente las normas internacionales de derechos humanos..<\/p>\n\n\n\n<p class=\"wp-block-paragraph\">El Atlas tambi\u00e9n revela una preocupante falta de aumento de la inversi\u00f3n en el sector. El promedio del <strong>gasto p\u00fablico sigue siendo apenas el 2% del presupuesto total en salud<\/strong>, un porcentaje que no ha variado desde 2017. Adem\u00e1s, se observan marcadas disparidades entre pa\u00edses: mientras que los de ingresos altos gastan 65 d\u00f3lares por persona en salud mental, los de ingresos bajos dedican apenas 0,04 d\u00f3lares.<\/p>\n\n\n\n<p class=\"wp-block-paragraph\"><strong>Hacia la integraci\u00f3n en la atenci\u00f3n primaria y de emergencia<\/strong><\/p>\n\n\n\n<p class=\"wp-block-paragraph\">El informe subraya que menos del 10% de los pa\u00edses han completado la transici\u00f3n a modelos de atenci\u00f3n comunitaria. <strong>La atenci\u00f3n hospitalaria contin\u00faa dependiendo en gran medida de los hospitales psiqui\u00e1tricos<\/strong>. Casi la mitad de los ingresos hospitalarios se llevan a cabo sin el consentimiento del paciente y m\u00e1s del 20% conllevan estancias superiores a un a\u00f1o.<\/p>\n\n\n\n<p class=\"wp-block-paragraph\">En cambio, se observa una mayor integraci\u00f3n de la salud mental en la atenci\u00f3n primaria y m\u00e1s del 80% de los pa\u00edses ofrece actualmente apoyo a la salud mental y psicosocial como parte de la respuesta a las emergencias, frente al 39% en 2020.<\/p>\n\n\n\n<p class=\"wp-block-paragraph\">Tambi\u00e9n ha aumentado la disponibilidad de servicios de telemedicina, aunque el acceso a ellos sigue siendo desigual.<\/p>\n\n\n\n<p class=\"wp-block-paragraph\">Otro dato alentador es que la mayor\u00eda de los pa\u00edses inform\u00f3 de que aplica iniciativas de promoci\u00f3n de la salud mental.<\/p>\n","protected":false},"excerpt":{"rendered":"<p>Una mujer mayor est\u00e1 sentada sola en un banco cerca de un estanque.\u00a9 OMS\/Chadin Tephaval OMS &nbsp;subraya que el promedio del gasto p\u00fablico en los servicios de salud mental sigue siendo apenas del 2% la depresi\u00f3n y la ansiedad cuestan a la econom\u00eda mundial alrededor de un bill\u00f3n de d\u00f3lares estadounidenses al a\u00f1o Redacci\u00f3n SemM\u00e9xico\/ONU [&hellip;]<\/p>\n","protected":false},"author":3,"featured_media":98432,"comment_status":"open","ping_status":"open","sticky":false,"template":"","format":"standard","meta":{"_monsterinsights_skip_tracking":false,"footnotes":""},"categories":[53],"tags":[],"class_list":["post-98431","post","type-post","status-publish","format-standard","has-post-thumbnail","category-internacional"],"_links":{"self":[{"href":"https:\/\/redsemlac.com\/semmexico\/wp-json\/wp\/v2\/posts\/98431","targetHints":{"allow":["GET"]}}],"collection":[{"href":"https:\/\/redsemlac.com\/semmexico\/wp-json\/wp\/v2\/posts"}],"about":[{"href":"https:\/\/redsemlac.com\/semmexico\/wp-json\/wp\/v2\/types\/post"}],"author":[{"embeddable":true,"href":"https:\/\/redsemlac.com\/semmexico\/wp-json\/wp\/v2\/users\/3"}],"replies":[{"embeddable":true,"href":"https:\/\/redsemlac.com\/semmexico\/wp-json\/wp\/v2\/comments?post=98431"}],"version-history":[{"count":0,"href":"https:\/\/redsemlac.com\/semmexico\/wp-json\/wp\/v2\/posts\/98431\/revisions"}],"wp:featuredmedia":[{"embeddable":true,"href":"https:\/\/redsemlac.com\/semmexico\/wp-json\/wp\/v2\/media\/98432"}],"wp:attachment":[{"href":"https:\/\/redsemlac.com\/semmexico\/wp-json\/wp\/v2\/media?parent=98431"}],"wp:term":[{"taxonomy":"category","embeddable":true,"href":"https:\/\/redsemlac.com\/semmexico\/wp-json\/wp\/v2\/categories?post=98431"},{"taxonomy":"post_tag","embeddable":true,"href":"https:\/\/redsemlac.com\/semmexico\/wp-json\/wp\/v2\/tags?post=98431"}],"curies":[{"name":"wp","href":"https:\/\/api.w.org\/{rel}","templated":true}]}}