{"id":98424,"date":"2025-09-06T18:33:48","date_gmt":"2025-09-07T00:33:48","guid":{"rendered":"https:\/\/redsemlac.com\/semmexico\/?p=98424"},"modified":"2025-09-06T18:33:49","modified_gmt":"2025-09-07T00:33:49","slug":"retos-y-dificultades-de-las-mujeres-indigenas-en-mexico-dia-internacional-de-la-mujer-indigena-historia-retos-y-liderazgo-en-mexico","status":"publish","type":"post","link":"https:\/\/redsemlac.com\/semmexico\/retos-y-dificultades-de-las-mujeres-indigenas-en-mexico-dia-internacional-de-la-mujer-indigena-historia-retos-y-liderazgo-en-mexico\/","title":{"rendered":"Retos y dificultades de las mujeres ind\u00edgenas en M\u00e9xico: D\u00eda Internacional de la Mujer Ind\u00edgena: historia, retos y liderazgo en M\u00e9xico"},"content":{"rendered":"\n<p class=\"wp-block-paragraph\">Radiograf\u00eda de las mujeres ind\u00edgenas en M\u00e9xico: Retos en acceso a derechos y diversidad ling\u00fc\u00edstica<\/p>\n\n\n\n<p class=\"wp-block-paragraph\">Al corte del 2023, la Enadid identific\u00f3 a 20.3 millones de mujeres que se identifican como ind\u00edgenas. De ellas, s\u00f3lo el 19% efectivamente es hablante de alguna lengua materna.<\/p>\n\n\n\n<p class=\"wp-block-paragraph\">Libertad L\u00f3pez<\/p>\n\n\n\n<p class=\"wp-block-paragraph\">SemM\u00e9xico, Cd. de M\u00e9xico, 6 de septiembre,&nbsp;&nbsp; 2025.-En M\u00e9xico seg\u00fan la Encuesta Nacional de la Din\u00e1mica Demogr\u00e1fica ENADID, las&nbsp; mujeres reconocidas como int\u00edgenas son m\u00e1s de 20 millones, pero a pesar de r de su importante papel social y cultural, las mujeres ind\u00edgenas en M\u00e9xico siguen enfrentando grandes desaf\u00edos:<\/p>\n\n\n\n<ol start=\"1\" class=\"wp-block-list\">\n<li><strong>Acceso limitado a la educaci\u00f3n y salud:\u00a0<\/strong>en comunidades rurales, los servicios b\u00e1sicos a\u00fan son insuficientes.<\/li>\n\n\n\n<li><strong>Brechas de g\u00e9nero y discriminaci\u00f3n:<\/strong>\u00a0muchas mujeres enfrentan doble exclusi\u00f3n, por ser mujeres y por pertenecer a un pueblo originario.<\/li>\n\n\n\n<li><strong>Violencia de g\u00e9nero:<\/strong>\u00a0seg\u00fan datos oficiales, las mujeres ind\u00edgenas tienen mayor riesgo de sufrir violencia dom\u00e9stica y falta de acceso a la justicia.<\/li>\n\n\n\n<li><strong>Pobreza y falta de oportunidades laborales:\u00a0<\/strong>el acceso al trabajo digno sigue siendo un reto, especialmente para las mujeres j\u00f3venes.<\/li>\n<\/ol>\n\n\n\n<figure class=\"wp-block-image size-full\"><a href=\"https:\/\/redsemlac.com\/semmexico\/wp-content\/uploads\/2025\/09\/dificultades-de-mujeres-indigenas-02.jpg\"><img loading=\"lazy\" decoding=\"async\" width=\"768\" height=\"442\" src=\"https:\/\/redsemlac.com\/semmexico\/wp-content\/uploads\/2025\/09\/dificultades-de-mujeres-indigenas-02.jpg\" alt=\"\" class=\"wp-image-98425\" srcset=\"https:\/\/redsemlac.com\/semmexico\/wp-content\/uploads\/2025\/09\/dificultades-de-mujeres-indigenas-02.jpg 768w, https:\/\/redsemlac.com\/semmexico\/wp-content\/uploads\/2025\/09\/dificultades-de-mujeres-indigenas-02-300x173.jpg 300w, https:\/\/redsemlac.com\/semmexico\/wp-content\/uploads\/2025\/09\/dificultades-de-mujeres-indigenas-02-150x86.jpg 150w, https:\/\/redsemlac.com\/semmexico\/wp-content\/uploads\/2025\/09\/dificultades-de-mujeres-indigenas-02-696x401.jpg 696w\" sizes=\"auto, (max-width: 768px) 100vw, 768px\" \/><\/a><\/figure>\n\n\n\n<p class=\"wp-block-paragraph\">Artesanas ind\u00edgenas. Foto: Archivo<\/p>\n\n\n\n<p class=\"wp-block-paragraph\">La radiograf\u00eda las coloca adem\u00e1s en zonas de extrema pobreza y&nbsp; falta de alternativas; en Chiapas est\u00e1n viviendo desplazamiento forazado y no tienen atenci\u00f3n m\u00e9dica desde que se recortaron recursos para las casas ind\u00edgenas. <strong>Apenas 7% de las mujeres ind\u00edgenas acceden a servicios de salud<\/strong><\/p>\n\n\n\n<p class=\"wp-block-paragraph\">Seg\u00fan el&nbsp; doctor profesor investigador de la Universidad Aut\u00f3noma de San Luis Potos\u00ed, Fernando D\u00edaz-Barriga Mart\u00ednez, las vulnerabilidades son inmensas.<\/p>\n\n\n\n<p class=\"wp-block-paragraph\">Seg\u00fan informaci\u00f3n del Coneval,&nbsp; la&nbsp; escolaridad de las mujeres ind\u00edgenas contra las mujeres no ind\u00edgenas, las dos est\u00e1n bajas pero el de la mujer ind\u00edgena es de primaria<\/p>\n\n\n\n<p class=\"wp-block-paragraph\">La salud es otro tema complicado. Solamente siete de cada 100, siete mujeres de cada 100 tienen acceso a servicios de salud, 31 de cada 100 tienen problemas de nutrici\u00f3n\u201d. Mientras la pobreza extrema tambi\u00e9n est\u00e1 presente.<\/p>\n\n\n\n<p class=\"wp-block-paragraph\">\u201c33 mujeres de cada 100, 33% viven en pobreza extrema, pobreza extrema no tienen ni para comer, 33 de cada 100; cuando se compara una mujer ind\u00edgena con un hombre no ind\u00edgena urbano, resulta que la diferencia es de 11 veces este es el extremo m\u00e1s grande que hay en M\u00e9xico\u201d.<\/p>\n\n\n\n<p class=\"wp-block-paragraph\">Como ejemplo en el tema h\u00eddrico explic\u00f3 las condiciones de la comunidad Tocoy de la Huasteca potosina en el que se tiene que consumir agua no potable que se extrae a una distancia de camino hora 50 minutos cuando menos y hasta m\u00e1s de cinco horas en casos extremos.<\/p>\n\n\n\n<p class=\"wp-block-paragraph\">&nbsp;En M\u00e9xico viven cerca de 20.3 millones de mujeres que se consideran ind\u00edgenas, aunque no todas hablan alguna lengua materna, se identifican con la cultura, costumbres o comunidad de alg\u00fan pueblo ind\u00edgena.<\/p>\n\n\n\n<p class=\"wp-block-paragraph\">Cada 5 de septiembre se conmemora el D\u00eda Internacional de las Mujeres Ind\u00edgenas, una fecha que busca visibilizar la situaci\u00f3n de millones de mujeres pertenecientes a los pueblos originarios y reconocer su papel central en la preservaci\u00f3n cultural, ling\u00fc\u00edstica y comunitaria.<\/p>\n\n\n\n<p class=\"wp-block-paragraph\">En este sentido es fundamental conocer la poblaci\u00f3n, su demograf\u00eda, sus condiciones sociales y los retos que se enfrentan para garantizar los derechos de las personas ind\u00edgenas, especialmente las mujeres, que son las m\u00e1s vulnerables de este grupo poblacional. &nbsp;<\/p>\n\n\n\n<p class=\"wp-block-paragraph\"><strong>Composici\u00f3n demogr\u00e1fica&nbsp;<\/strong><\/p>\n\n\n\n<p class=\"wp-block-paragraph\">Por grupos de edad se observa que la mayor\u00eda de las mujeres ind\u00edgenas est\u00e1n entre 30 y 59 a\u00f1os: 4 de cada 10 tienen ese rango etario, de acuerdo con cifras de la m\u00e1s reciente edici\u00f3n de la<strong>&nbsp;Encuesta Nacional de la Din\u00e1mica Demogr\u00e1fica<\/strong>&nbsp;(Enadid).<\/p>\n\n\n\n<p class=\"wp-block-paragraph\">Otro 22% de las&nbsp;<a href=\"https:\/\/www.eleconomista.com.mx\/internacionales\/ninos-indigenas-america-latina-siguen-afectados-pobreza-falta-salud-educacion-20250807-771659.html\"><strong>mujeres ind\u00edgenas<\/strong><\/a>&nbsp;tienen de 0 a 14 a\u00f1os; un 21% se encuentran entre 15 y 29 a\u00f1os y el 16% restante corresponde a quienes tienen 60 a\u00f1os o m\u00e1s.<\/p>\n\n\n\n<p class=\"wp-block-paragraph\">En t\u00e9rminos de lugar de residencia se observa que los estados que concentran la mayor parte de poblaci\u00f3n ind\u00edgena en M\u00e9xico se ubican en el sur y sureste del pa\u00eds: Oaxaca, Yucat\u00e1n, Chiapas, Quintana Roo y Guerrero.<\/p>\n\n\n\n<p class=\"wp-block-paragraph\"><strong>S\u00f3lo 19% de las mujeres ind\u00edgenas hablan una lengua<\/strong><\/p>\n\n\n\n<p class=\"wp-block-paragraph\">Pese a que la poblaci\u00f3n de mujeres ind\u00edgenas se ha mantenido estable \u2014e incluso ha crecido en algunas regiones durante los \u00faltimos a\u00f1os\u2014 la proporci\u00f3n de ellas que domina su lengua s\u00ed se ha reducido de manera considerable.<\/p>\n\n\n\n<p class=\"wp-block-paragraph\">Seg\u00fan las cifras de la Enadid, s\u00f3lo 19% de las mujeres que se identifican como ind\u00edgenas hablan efectivamente alguna lengua nativa. Una cifra que refleja la necesidad de implementar pol\u00edticas que reviertan la&nbsp;<a href=\"https:\/\/www.eleconomista.com.mx\/arteseideas\/7-4-millones-personas-hablan-lengua-indigena-mexico-20250809-772003.html\"><strong>p\u00e9rdida de diversidad ling\u00fc\u00edstica en M\u00e9xico<\/strong><\/a>.<\/p>\n\n\n\n<p class=\"wp-block-paragraph\">Entre la poblaci\u00f3n de mujeres hablantes de lenguas ind\u00edgenas se observa que las m\u00e1s comunes son:&nbsp;<strong>n\u00e1huatl, maya, tzeltal y zapoteco<\/strong>.<\/p>\n\n\n\n<p class=\"wp-block-paragraph\">Pese a la p\u00e9rdida de lenguas ind\u00edgenas, M\u00e9xico contin\u00faa siendo uno de los pa\u00edses que m\u00e1s diversidad ling\u00fc\u00edstica preserva; est\u00e1 en el top 10 del mundo y ocupa el segundo lugar en Am\u00e9rica Latina.<\/p>\n\n\n\n<p class=\"wp-block-paragraph\">El Inegi tiene registros de cerca de 68 lenguas que todav\u00eda conservan hablantes, adem\u00e1s de haber poco m\u00e1s de 300 variaciones de estas.<\/p>\n\n\n\n<p class=\"wp-block-paragraph\">De acuerdo con la UNESCO, uno de los principales retos que enfrentan las comunidades ind\u00edgenas, y particularmente las mujeres por razones de g\u00e9nero, para preservar la diversidad ling\u00fc\u00edstica es la escasez de herramientas sociales, econ\u00f3micas, educativas y laborales adaptadas a las lenguas maternas; lo que empuja al abandono o desuso de estas lenguas.<\/p>\n\n\n\n<p class=\"wp-block-paragraph\">En este sentido es fundamental garantizar a las&nbsp;<a href=\"https:\/\/www.eleconomista.com.mx\/arteseideas\/relevo-inah-nuevo-impulso-culturas-originarias-20250717-768555.html\"><strong>comunidades ind\u00edgenas<\/strong><\/a>&nbsp;el acceso a la informaci\u00f3n y derechos priorizando la preservaci\u00f3n de las lenguas nativas.<\/p>\n\n\n\n<p class=\"wp-block-paragraph\"><strong>Retos sociales: rezago educativo, pobreza y desigualdad de g\u00e9nero<\/strong><\/p>\n\n\n\n<p class=\"wp-block-paragraph\">Las mujeres ind\u00edgenas son las m\u00e1s vulnerables de todas las mujeres en M\u00e9xico. Conforman el grupo que m\u00e1s carencias sociales enfrenta, de acuerdo con cifras de la<strong>&nbsp;Medici\u00f3n Multidimensional de la Pobreza.<\/strong><\/p>\n\n\n\n<p class=\"wp-block-paragraph\">Las cifras muestran que las mujeres ind\u00edgenas alcanzan un promedio de 6.1 grados escolares, frente a 10.5 grados de sus pares no ind\u00edgenas.<\/p>\n\n\n\n<p class=\"wp-block-paragraph\">En el rango de 15 a\u00f1os o m\u00e1s, 24.2 % de las mujeres ind\u00edgenas eran analfabetas: ocho veces m\u00e1s que el nivel de analfabetismo registrado en mujeres no ind\u00edgenas (3.1 por ciento).<\/p>\n\n\n\n<p class=\"wp-block-paragraph\">Adicionalmente, 1 de cada 4&nbsp;<strong>ni\u00f1as y adolescentes ind\u00edgenas<\/strong>&nbsp;no asiste a la escuela. Esta cifra muestra una brecha de casi 12 puntos porcentuales respecto de las ni\u00f1as y adolescentes que no se consideran ind\u00edgenas.<\/p>\n\n\n\n<p class=\"wp-block-paragraph\">Incluso cuando se comparan las cifras con las de los hombres tambi\u00e9n ind\u00edgenas, las mujeres ind\u00edgenas muestran mayor vulnerabilidad.<\/p>\n\n\n\n<p class=\"wp-block-paragraph\">Los niveles de pobreza tambi\u00e9n son mayores para las mujeres ind\u00edgenas: m\u00e1s pobres que otras mujeres y m\u00e1s pobres que los hombres ind\u00edgenas. Al corte del 2024, el 62% de ellas se encontraban en alg\u00fan grado de pobreza.<\/p>\n\n\n\n<p class=\"wp-block-paragraph\">Las&nbsp;<strong>mujeres ind\u00edgenas en M\u00e9xico<\/strong>&nbsp;representan millones de voces que, aunque son fundamentales para preservar la riqueza cultural del pa\u00eds, enfrentan desigualdades estructurales que limitan su acceso efectivo a derechos y el acceso a una vida libre de violencia.<\/p>\n\n\n\n<p class=\"wp-block-paragraph\">Y, pese a ser las guardianas fundamentales de la<strong>&nbsp;diversidad ling\u00fc\u00edstica,<\/strong>&nbsp;todav\u00eda muchas de las lenguas maternas en M\u00e9xico est\u00e1n en riesgo de desaparecer. Para revertir estas tendencias se necesitan pol\u00edticas p\u00fablicas con enfoque intercultural, proyectos integrales de educaci\u00f3n biling\u00fce, acceso a servicios b\u00e1sicos y programas dirigidos a mejorar el bienestar de las mujeres ind\u00edgenas y garantizar sus derechos.<\/p>\n\n\n\n<p class=\"wp-block-paragraph\">La presidenta&nbsp; de la Rep\u00fablica,&nbsp;&nbsp;&nbsp; reconoci\u00f3 que \u201cLas mujeres ind\u00edgenas fueron invisibilizadas durante muchos a\u00f1os, no por sus comunidades ni por ellas mismas, sino por la sociedad. Queremos reivindicarlas porque son esencia de M\u00e9xico, quienes&nbsp;<a href=\"https:\/\/www.eleconomista.com.mx\/arteseideas\/ruta-sagrada-wirikuta-patriminio-mundial-20250712-767890.html\"><strong>transmiten la cultura y las lenguas<\/strong><\/a>. Ahora se trata de reconocer que tienen todos los derechos, igual que cualquier otra mujer y cualquier hombre\u201d, dijo la mandataria.<\/p>\n\n\n\n<p class=\"wp-block-paragraph\"><a href=\"https:\/\/www.worldvisionmexico.org.mx\/blog\/author\/world-vision-m%C3%A9xico\"><strong>World Vision M\u00e9xico<\/strong><\/a> de M\u00e9xico&nbsp; sostiene que en&nbsp; el<strong>&nbsp;D\u00eda Internacional de la Mujer Ind\u00edgena, es una fecha para reconocer la lucha, resistencia y aportes de millones de mujeres que mantienen vivas las ra\u00edces culturales y defienden sus derechos en todo el mundo.<\/strong><\/p>\n\n\n\n<p class=\"wp-block-paragraph\">En M\u00e9xico, esta conmemoraci\u00f3n cobra un significado especial, ya que nuestro pa\u00eds alberga una gran diversidad de pueblos originarios donde las mujeres son pilar fundamental de la identidad, la tradici\u00f3n y la justicia social.<\/p>\n\n\n\n<p class=\"wp-block-paragraph\"><strong>Historia del D\u00eda Internacional de la Mujer Ind\u00edgena<\/strong><\/p>\n\n\n\n<p class=\"wp-block-paragraph\">El D\u00eda Internacional de la Mujer Ind\u00edgena se estableci\u00f3 en 1983, durante el Segundo Encuentro de Organizaciones y Movimientos de Am\u00e9rica, realizado en Tihuanacu, Bolivia. La fecha rinde homenaje a Bartolina Sisa, una mujer aymara que lider\u00f3 la resistencia contra la opresi\u00f3n colonial en el siglo XVIII y que fue ejecutada un 5 de septiembre de 1782.<\/p>\n\n\n\n<p class=\"wp-block-paragraph\">Desde entonces, cada a\u00f1o se recuerda su valent\u00eda como s\u00edmbolo de la fuerza de las mujeres ind\u00edgenas que han enfrentado la discriminaci\u00f3n, la desigualdad y la violencia, al tiempo que defienden sus comunidades y territorios.<\/p>\n\n\n\n<p class=\"wp-block-paragraph\"><strong>Liderazgo de las mujeres ind\u00edgenas en M\u00e9xico<\/strong><\/p>\n\n\n\n<p class=\"wp-block-paragraph\">A pesar de las dificultades, las mujeres ind\u00edgenas en M\u00e9xico se han consolidado como l\u00edderes en distintos \u00e1mbitos:<\/p>\n\n\n\n<ol start=\"1\" class=\"wp-block-list\">\n<li><strong>Defensoras de derechos humanos y del territorio:\u00a0<\/strong>luchan contra proyectos que amenazan los recursos naturales de sus comunidades.<\/li>\n\n\n\n<li><strong>Guardianas de la cultura y la lengua:<\/strong>\u00a0preservan y transmiten tradiciones, conocimientos ancestrales y lenguas originarias.<\/li>\n\n\n\n<li><strong>Participaci\u00f3n pol\u00edtica:\u00a0<\/strong>cada vez m\u00e1s mujeres ind\u00edgenas ocupan cargos de representaci\u00f3n, impulsando pol\u00edticas a favor de la equidad y la justicia social.<\/li>\n\n\n\n<li><strong>Educaci\u00f3n y activismo juvenil:\u00a0<\/strong>j\u00f3venes ind\u00edgenas est\u00e1n alzando la voz para exigir igualdad de oportunidades.<\/li>\n<\/ol>\n\n\n\n<p class=\"wp-block-paragraph\">Este d\u00eda tambi\u00e9n &nbsp;<strong>es un recordatorio del legado hist\u00f3rico y de la fuerza que tienen estas mujeres en la construcci\u00f3n de un M\u00e9xico m\u00e1s justo,<\/strong>&nbsp;inclusivo y diverso. Reconocer su liderazgo y enfrentar los retos que a\u00fan existen es clave para garantizar un futuro donde sus derechos sean plenamente respetados.<\/p>\n\n\n\n<p class=\"wp-block-paragraph\">RECOMENDACI\u00d3N 39<\/p>\n\n\n\n<p class=\"wp-block-paragraph\">Este 5 de septiembre&nbsp; ONU Mujeres llam\u00f3&nbsp; visibilizar el rol fundamental que juegan las mujeres ind\u00edgenas en la importante tarea de mantener y defender la identidad de sus pueblos, reafirmando su derecho para que sus voces, diversas y muestra de la riqueza cultural que representan, se escuchen de manera fuerte y clara en todos los lugares en los que habitan, en el hogar y la familia, as\u00ed como en el espacio pol\u00edtico, social, econ\u00f3mico y cultural.&nbsp;<\/p>\n\n\n\n<p class=\"wp-block-paragraph\">Las mujeres ind\u00edgenas enfrentan m\u00faltiples tipos de violencias y discriminaci\u00f3n desde hace siglos. Las brechas de desigualdad en Am\u00e9rica Latina y el Caribe atentan gravemente contra la autonom\u00eda de las mujeres, situaci\u00f3n que se agrava en el caso de las mujeres ind\u00edgenas. Las mujeres, incluyendo las mujeres ind\u00edgenas, no son un grupo minoritario. Representan, al menos, la mitad de la poblaci\u00f3n. Las mujeres, y tambi\u00e9n las mujeres ind\u00edgenas, representan mayor\u00edas.&nbsp;<\/p>\n\n\n\n<p class=\"wp-block-paragraph\">La&nbsp;<a href=\"https:\/\/www.ohchr.org\/es\/instruments-mechanisms\/instruments\/convention-elimination-all-forms-discrimination-against-women\" target=\"_blank\" rel=\"noreferrer noopener\">Convenci\u00f3n para la Eliminaci\u00f3n de\u202fTodas las Formas de Discriminaci\u00f3n contra la Mujer<\/a>&nbsp;(CEDAW, por sus siglas en ingl\u00e9s) adopt\u00f3 en 2022 la&nbsp;<a href=\"https:\/\/lac.unwomen.org\/es\/digital-library\/publications\/2022\/05\/la-cedaw-y-la-recomendacion-general-39-sobre-los-derechos-de-las-mujeres-y-ninas-indigenas#:~:text=Digiteca-,La%20CEDAW%20y%20la%20Recomendaci%C3%B3n%20General%2039%20sobre%20los,las%20Mujeres%20y%20Ni%C3%B1as%20Ind%C3%ADgenas&amp;text=normas%20y%20leyes%2C%20como%20en,la%20consecuci%C3%B3n%20de%20tal%20fin.\" target=\"_blank\" rel=\"noreferrer noopener\">Recomendaci\u00f3n General 39<\/a>&nbsp;sobre los derechos de las mujeres y ni\u00f1as ind\u00edgenas en la que pide a los Estados que desarrollen y apliquen pol\u00edticas integrales para proteger mejor sus derechos humanos. Esta Recomendaci\u00f3n General, centrada en los\u202f<a href=\"https:\/\/lac.unwomen.org\/es\/digital-library\/publications\/2022\/05\/la-cedaw-y-la-recomendacion-general-39-sobre-los-derechos-de-las-mujeres-y-ninas-indigenas#:~:text=Digiteca-,La%20CEDAW%20y%20la%20Recomendaci%C3%B3n%20General%2039%20sobre%20los,las%20Mujeres%20y%20Ni%C3%B1as%20Ind%C3%ADgenas&amp;text=normas%20y%20leyes%2C%20como%20en,la%20consecuci%C3%B3n%20de%20tal%20fin.\" target=\"_blank\" rel=\"noreferrer noopener\">derechos de las mujeres y las ni\u00f1as ind\u00edgenas<\/a>, es de obligatorio cumplimiento para los Estados parte de la CEDAW.\u202f&nbsp;<\/p>\n\n\n\n<p class=\"wp-block-paragraph\">Es fundamental que cada Estado ponga en marcha iniciativas para cumplir con los compromisos asumidos e incorporar a las mujeres ind\u00edgenas en los planes de respuesta a la crisis y m\u00e1s all\u00e1 en las pol\u00edticas p\u00fablicas y los esfuerzos de desarrollo sostenible en nuestros pa\u00edses. Es imprescindible garantizar que la legislaci\u00f3n y las pol\u00edticas nacionales y locales promueva la participaci\u00f3n efectiva de las mujeres ind\u00edgenas en la toma de decisiones.&nbsp;&nbsp;&nbsp;<\/p>\n\n\n\n<p class=\"wp-block-paragraph\">ONU Mujeres subraya el papel fundamental que desempe\u00f1an las mujeres ind\u00edgenas en la conservaci\u00f3n de su cultura, sus lenguas y sus tradiciones y reconoce el liderazgo y la capacidad de acci\u00f3n de las mujeres ind\u00edgenas en la protecci\u00f3n del medio ambiente y la biodiversidad y en la lucha contra el cambio clim\u00e1tico.&nbsp;&nbsp;<\/p>\n\n\n\n<p class=\"wp-block-paragraph\">Es imprescindible promover una cultura que respete, reconozca y apoye los liderazgos de las mujeres ind\u00edgenas, as\u00ed como prevenir, sancionar y erradicar todas las formas de violencia hacia ellas, incluyendo la violencia que impide y afecta su participaci\u00f3n en la vida p\u00fablica.&nbsp;&nbsp;<\/p>\n\n\n\n<p class=\"wp-block-paragraph\">Siguiendo el principio del \u201cNada sobre nosotras sin nosotras\u201d, desde ONU Mujeres estamos convencidas que cualquier iniciativa dirigida a mujeres ind\u00edgenas y a sus pueblos debe ser acompa\u00f1ada y promovida por ellas mismas y reflejar sus voces en toda su riqueza y diversidad.&nbsp;<\/p>\n\n\n\n<p class=\"wp-block-paragraph\">Historias<\/p>\n\n\n\n<p class=\"wp-block-paragraph\">Las mujeres ind\u00edgenas hoy en d\u00eda&nbsp;son guardianas de la cultura y el medio ambiente, l\u00edderes en movimientos sociales y defensoras de derechos humanos, aunque enfrentan desaf\u00edos significativos en acceso a educaci\u00f3n, empleo y representaci\u00f3n pol\u00edtica debido a discriminaci\u00f3n \u00e9tnica y de g\u00e9nero.&nbsp;A pesar de estas adversidades, est\u00e1n rompiendo barreras, accediendo a profesiones, impulsando su econom\u00eda, y buscando un desarrollo con perspectiva de g\u00e9nero que les permita ser protagonistas de sus propios proyectos.&nbsp;<\/p>\n\n\n\n<p class=\"wp-block-paragraph\">Rol y desaf\u00edos<\/p>\n\n\n\n<ul class=\"wp-block-list\">\n<li><strong>Guardianas de la cultura y el medio ambiente<\/strong>:<\/li>\n<\/ul>\n\n\n\n<p class=\"wp-block-paragraph\">Son portadoras de conocimientos tradicionales y juegan un papel fundamental en la preservaci\u00f3n de sus culturas y la protecci\u00f3n del medio ambiente.&nbsp;<\/p>\n\n\n\n<ul class=\"wp-block-list\">\n<li><strong>Agentes de cambio<\/strong>:<\/li>\n<\/ul>\n\n\n\n<p class=\"wp-block-paragraph\">Encabezan movimientos sociales, defienden los derechos humanos y son impulsoras de la producci\u00f3n y el comercio de alimentos y artesan\u00edas.&nbsp;<\/p>\n\n\n\n<ul class=\"wp-block-list\">\n<li><strong>Desaf\u00edos socioecon\u00f3micos<\/strong>:<\/li>\n<\/ul>\n\n\n\n<p class=\"wp-block-paragraph\">Se encuentran en los indicadores socioecon\u00f3micos m\u00e1s bajos, enfrentando pobreza, menor acceso a la educaci\u00f3n superior y tasas de participaci\u00f3n econ\u00f3mica m\u00e1s bajas.&nbsp;<\/p>\n\n\n\n<ul class=\"wp-block-list\">\n<li><strong>Discriminaci\u00f3n m\u00faltiple<\/strong>:<\/li>\n<\/ul>\n\n\n\n<p class=\"wp-block-paragraph\">Sufren discriminaci\u00f3n por su condici\u00f3n de g\u00e9nero, etnia y origen socioecon\u00f3mico, adem\u00e1s de la invisibilidad hist\u00f3rica.&nbsp;<\/p>\n\n\n\n<p class=\"wp-block-paragraph\">Avances y empoderamiento<\/p>\n\n\n\n<ul class=\"wp-block-list\">\n<li><strong>Educaci\u00f3n y profesionalizaci\u00f3n<\/strong>:<\/li>\n<\/ul>\n\n\n\n<p class=\"wp-block-paragraph\">M\u00e1s all\u00e1 de sus comunidades, un n\u00famero creciente de mujeres ind\u00edgenas accede a la educaci\u00f3n superior y ejerce como abogadas, maestras, ingenieras, y l\u00edderes pol\u00edticas.&nbsp;<\/p>\n\n\n\n<ul class=\"wp-block-list\">\n<li><strong>Liderazgo y representaci\u00f3n<\/strong>:<\/li>\n<\/ul>\n\n\n\n<p class=\"wp-block-paragraph\">Se est\u00e1n incorporando a puestos de liderazgo y participan cada vez m\u00e1s en actividades econ\u00f3micas, lo que fortalece el tejido social y les permite generar sus propios ingresos.&nbsp;<\/p>\n\n\n\n<ul class=\"wp-block-list\">\n<li><strong>Presencia en espacios p\u00fablicos<\/strong>:<\/li>\n<\/ul>\n\n\n\n<p class=\"wp-block-paragraph\">Hay ejemplos de mujeres ind\u00edgenas que han alcanzado notoriedad en la pol\u00edtica, la academia, el arte, el cine y la ciencia, como Yalitza Aparicio y Y\u00e1snaya Elena Aguilar Gil.&nbsp;<\/p>\n\n\n\n<p class=\"wp-block-paragraph\">Perspectivas de futuro<\/p>\n\n\n\n<ul class=\"wp-block-list\">\n<li><strong>Visibilidad y reconocimiento<\/strong>:<\/li>\n<\/ul>\n\n\n\n<p class=\"wp-block-paragraph\">Se trabaja para visibilizar su labor, reconocer su valor en la historia y la cultura, y reivindicar su presente.&nbsp;<\/p>\n\n\n\n<ul class=\"wp-block-list\">\n<li><strong>Desarrollo con equidad<\/strong>:<\/li>\n<\/ul>\n\n\n\n<p class=\"wp-block-paragraph\">El impulso de su empoderamiento es clave para construir un futuro con justicia, equidad y bienestar para sus comunidades.&nbsp;<\/p>\n\n\n\n<ul class=\"wp-block-list\">\n<li><strong>Luchas actuales<\/strong>:<\/li>\n<\/ul>\n\n\n\n<p class=\"wp-block-paragraph\">Contin\u00faan luchando contra la miner\u00eda ilegal, la tala y otras amenazas a sus territorios y derechos, como lo hace Alexandra Narv\u00e1ez en Ecuador.&nbsp;<\/p>\n\n\n\n<p class=\"wp-block-paragraph\"><\/p>\n","protected":false},"excerpt":{"rendered":"<p>Radiograf\u00eda de las mujeres ind\u00edgenas en M\u00e9xico: Retos en acceso a derechos y diversidad ling\u00fc\u00edstica Al corte del 2023, la Enadid identific\u00f3 a 20.3 millones de mujeres que se identifican como ind\u00edgenas. De ellas, s\u00f3lo el 19% efectivamente es hablante de alguna lengua materna. Libertad L\u00f3pez SemM\u00e9xico, Cd. de M\u00e9xico, 6 de septiembre,&nbsp;&nbsp; 2025.-En M\u00e9xico [&hellip;]<\/p>\n","protected":false},"author":3,"featured_media":98426,"comment_status":"open","ping_status":"open","sticky":false,"template":"","format":"standard","meta":{"_monsterinsights_skip_tracking":false,"footnotes":""},"categories":[748],"tags":[],"class_list":["post-98424","post","type-post","status-publish","format-standard","has-post-thumbnail","category-cultura-feminista"],"_links":{"self":[{"href":"https:\/\/redsemlac.com\/semmexico\/wp-json\/wp\/v2\/posts\/98424","targetHints":{"allow":["GET"]}}],"collection":[{"href":"https:\/\/redsemlac.com\/semmexico\/wp-json\/wp\/v2\/posts"}],"about":[{"href":"https:\/\/redsemlac.com\/semmexico\/wp-json\/wp\/v2\/types\/post"}],"author":[{"embeddable":true,"href":"https:\/\/redsemlac.com\/semmexico\/wp-json\/wp\/v2\/users\/3"}],"replies":[{"embeddable":true,"href":"https:\/\/redsemlac.com\/semmexico\/wp-json\/wp\/v2\/comments?post=98424"}],"version-history":[{"count":0,"href":"https:\/\/redsemlac.com\/semmexico\/wp-json\/wp\/v2\/posts\/98424\/revisions"}],"wp:featuredmedia":[{"embeddable":true,"href":"https:\/\/redsemlac.com\/semmexico\/wp-json\/wp\/v2\/media\/98426"}],"wp:attachment":[{"href":"https:\/\/redsemlac.com\/semmexico\/wp-json\/wp\/v2\/media?parent=98424"}],"wp:term":[{"taxonomy":"category","embeddable":true,"href":"https:\/\/redsemlac.com\/semmexico\/wp-json\/wp\/v2\/categories?post=98424"},{"taxonomy":"post_tag","embeddable":true,"href":"https:\/\/redsemlac.com\/semmexico\/wp-json\/wp\/v2\/tags?post=98424"}],"curies":[{"name":"wp","href":"https:\/\/api.w.org\/{rel}","templated":true}]}}