{"id":98411,"date":"2025-09-05T19:39:09","date_gmt":"2025-09-06T01:39:09","guid":{"rendered":"https:\/\/redsemlac.com\/semmexico\/?p=98411"},"modified":"2025-09-05T19:39:10","modified_gmt":"2025-09-06T01:39:10","slug":"hoy-05-de-septiembre-recordamos-a-bartolina-sisa-la-mujer-indigena-que-desafio-a-un-imperio-en-defensa-de-su-pueblo-aymara","status":"publish","type":"post","link":"https:\/\/redsemlac.com\/semmexico\/hoy-05-de-septiembre-recordamos-a-bartolina-sisa-la-mujer-indigena-que-desafio-a-un-imperio-en-defensa-de-su-pueblo-aymara\/","title":{"rendered":"Hoy, 05 de septiembre, recordamos a Bartolina Sisa, la mujer ind\u00edgena que desafi\u00f3 a un imperio en defensa de su pueblo Aymara"},"content":{"rendered":"\n<p class=\"wp-block-paragraph\"><strong><\/strong>Valor, relevancia y resistencia que inspiran en el D\u00eda Internacional de la Mujer Ind\u00edgena&nbsp;\/&nbsp;Cortes\u00eda | Aula Intelectual<\/p>\n\n\n\n<p class=\"wp-block-paragraph\">Su lucha inspir\u00f3 para reconocer el valor y legado de las mujeres de comunidades originarias, en este D\u00eda Internacional de la Mujer Ind\u00edgena<\/p>\n\n\n\n<p class=\"wp-block-paragraph\"><strong>Mariana Murillo<\/strong><\/p>\n\n\n\n<p class=\"wp-block-paragraph\"><strong>SemM\u00e9xico\/El Sol del Centro, Aguascalientes, 5 de septiembre, 2025.-E<\/strong>ste&nbsp;<strong>viernes 05 de septiembre<\/strong>, se conmemora el&nbsp;<a href=\"https:\/\/www.oem.com.mx\/elsoldelcentro\/cultura\/dia-internacional-de-la-mujer-indigena-una-conmemoracion-que-aun-busca-mayor-visibilidad-y-en-la-sociedad-25577208\" target=\"_blank\" rel=\"noreferrer noopener\"><strong>D\u00eda Internacional de la Mujer Ind\u00edgena<\/strong><\/a><a href=\"https:\/\/www.oem.com.mx\/elsoldelcentro\/cultura\/dia-internacional-de-la-mujer-indigena-una-conmemoracion-que-aun-busca-mayor-visibilidad-y-en-la-sociedad-25577208\" target=\"_blank\" rel=\"noreferrer noopener\">,<\/a>&nbsp;una fecha que propicia la&nbsp;<strong>reflexi\u00f3n sobre el valor, relevancia y legado<\/strong>&nbsp;que representan las&nbsp;<strong>mujeres de comunidades originarias<\/strong>&nbsp;en todo el mundo.<\/p>\n\n\n\n<p class=\"wp-block-paragraph\">Sin embargo, como la mayor\u00eda de las&nbsp;<strong>conmemoraciones<\/strong>&nbsp;que honran las&nbsp;<a href=\"https:\/\/www.oem.com.mx\/elsoldelcentro\/cultura\/conoce-a-ismael-alvarado-el-artesano-que-convierte-la-cantera-en-verdaderas-obras-de-arte-en-jesus-maria-24975530\" target=\"_blank\" rel=\"noreferrer noopener\"><strong>aportaciones&nbsp;<\/strong><\/a>de una persona o un pueblo, su&nbsp;<strong>origen<\/strong>&nbsp;est\u00e1 ligado con la&nbsp;<strong>intolerancia<\/strong>&nbsp;y la&nbsp;<strong>falta de respeto a sus derechos<\/strong>.<\/p>\n\n\n\n<p class=\"wp-block-paragraph\">En este caso, el nombre que se recuerda es el de&nbsp;<strong>Bartolina Sisa Vargas<\/strong>, una mujer perteneciente al&nbsp;<a href=\"https:\/\/www.oem.com.mx\/elsoldelcentro\/cultura\/danza-de-indios-de-mesillas-representa-a-aguascalientes-en-el-encuentro-de-pueblos-originarios-en-colima-25177409\" target=\"_blank\" rel=\"noreferrer noopener\"><strong>pueblo<\/strong><\/a>&nbsp;de los&nbsp;<strong>Aymaras<\/strong>, originarios de&nbsp;<strong>Bolivia<\/strong>. En el&nbsp;<strong>siglo XVI<\/strong>, su regi\u00f3n fue ocupada por los&nbsp;<strong>espa\u00f1oles<\/strong>, convirti\u00e9ndolo en el&nbsp;<strong>Virreinato de Per\u00fa<\/strong>.<\/p>\n\n\n\n<figure class=\"wp-block-image size-large\"><a href=\"https:\/\/redsemlac.com\/semmexico\/wp-content\/uploads\/2025\/09\/recordamos-a-bartola-sisa-02.png\"><img loading=\"lazy\" decoding=\"async\" width=\"1024\" height=\"575\" src=\"https:\/\/redsemlac.com\/semmexico\/wp-content\/uploads\/2025\/09\/recordamos-a-bartola-sisa-02-1024x575.png\" alt=\"\" class=\"wp-image-98413\" srcset=\"https:\/\/redsemlac.com\/semmexico\/wp-content\/uploads\/2025\/09\/recordamos-a-bartola-sisa-02-1024x575.png 1024w, https:\/\/redsemlac.com\/semmexico\/wp-content\/uploads\/2025\/09\/recordamos-a-bartola-sisa-02-300x169.png 300w, https:\/\/redsemlac.com\/semmexico\/wp-content\/uploads\/2025\/09\/recordamos-a-bartola-sisa-02-768x431.png 768w, https:\/\/redsemlac.com\/semmexico\/wp-content\/uploads\/2025\/09\/recordamos-a-bartola-sisa-02-150x84.png 150w, https:\/\/redsemlac.com\/semmexico\/wp-content\/uploads\/2025\/09\/recordamos-a-bartola-sisa-02-696x391.png 696w, https:\/\/redsemlac.com\/semmexico\/wp-content\/uploads\/2025\/09\/recordamos-a-bartola-sisa-02-1068x600.png 1068w, https:\/\/redsemlac.com\/semmexico\/wp-content\/uploads\/2025\/09\/recordamos-a-bartola-sisa-02.png 1200w\" sizes=\"auto, (max-width: 1024px) 100vw, 1024px\" \/><\/a><\/figure>\n\n\n\n<p class=\"wp-block-paragraph\">El D\u00eda Internacional de la Mujer Ind\u00edgena conmemora a quienes lucharon, como Bartolina Sisa, por justicia y libertad&nbsp;\/&nbsp;Cortes\u00eda | Pueblos Originarios<\/p>\n\n\n\n<p class=\"wp-block-paragraph\">Al ver los&nbsp;<strong>abusos<\/strong>&nbsp;y la&nbsp;<strong>opresi\u00f3n<\/strong>&nbsp;que el&nbsp;<strong>dominio espa\u00f1ol<\/strong>&nbsp;ejerc\u00eda sobre su pueblo,&nbsp;<strong>Bartolina<\/strong>&nbsp;decidi\u00f3 levantarse en contra de ellos,&nbsp;<strong>liderando a su comunidad en resistencia<\/strong>, que estaba conformada por m\u00e1s de&nbsp;<strong>150 mil ind\u00edgenas<\/strong>.<\/p>\n\n\n\n<p class=\"wp-block-paragraph\">Junto a su esposo,&nbsp;<strong>Tupac Katari<\/strong>, organiz\u00f3&nbsp;<strong>campamentos militares<\/strong>&nbsp;para evitar que el&nbsp;<strong>ej\u00e9rcito espa\u00f1ol<\/strong>&nbsp;continuara avanzando y sometiendo a los suyos.<\/p>\n\n\n\n<p class=\"wp-block-paragraph\">Se dice que en un ataque que los espa\u00f1oles organizaron, al percatarse que era una&nbsp;<strong>mujer l\u00edder<\/strong>, hizo frente con un grupo de m\u00e1s de&nbsp;<strong>300 hombres<\/strong>, mismos que fueron derrotados por&nbsp;<strong>Bartolina y sus aliados<\/strong>, quienes s\u00f3lo usaron&nbsp;<strong>piedras<\/strong>&nbsp;y su&nbsp;<strong>voluntad<\/strong>&nbsp;para defenderse.<\/p>\n\n\n\n<p class=\"wp-block-paragraph\">Sin embargo, en&nbsp;<strong>agosto de 1782<\/strong>,&nbsp;<strong>Bartolina<\/strong>&nbsp;fue&nbsp;<strong>capturada<\/strong>, luego que uno de sus supuestos aliados la&nbsp;<strong>traicionara<\/strong>&nbsp;y entregara. Su&nbsp;<strong>cuerpo<\/strong>&nbsp;fue arrastrado por un caballo, luego fue&nbsp;<strong>sometida a la horca<\/strong>&nbsp;y, despu\u00e9s de ser declarada muerta,&nbsp;<strong>descuartizaron su cuerpo<\/strong>. Su&nbsp;<strong>cabeza<\/strong>, as\u00ed como otras partes, fueron colocadas en sitios donde encabez\u00f3 sus&nbsp;<strong>batallas<\/strong>, como escarmiento para los&nbsp;<strong>ind\u00edgenas<\/strong>.<\/p>\n","protected":false},"excerpt":{"rendered":"<p>Valor, relevancia y resistencia que inspiran en el D\u00eda Internacional de la Mujer Ind\u00edgena&nbsp;\/&nbsp;Cortes\u00eda | Aula Intelectual Su lucha inspir\u00f3 para reconocer el valor y legado de las mujeres de comunidades originarias, en este D\u00eda Internacional de la Mujer Ind\u00edgena Mariana Murillo SemM\u00e9xico\/El Sol del Centro, Aguascalientes, 5 de septiembre, 2025.-Este&nbsp;viernes 05 de septiembre, se [&hellip;]<\/p>\n","protected":false},"author":3,"featured_media":98412,"comment_status":"open","ping_status":"open","sticky":false,"template":"","format":"standard","meta":{"_monsterinsights_skip_tracking":false,"footnotes":""},"categories":[748],"tags":[],"class_list":["post-98411","post","type-post","status-publish","format-standard","has-post-thumbnail","category-cultura-feminista"],"_links":{"self":[{"href":"https:\/\/redsemlac.com\/semmexico\/wp-json\/wp\/v2\/posts\/98411","targetHints":{"allow":["GET"]}}],"collection":[{"href":"https:\/\/redsemlac.com\/semmexico\/wp-json\/wp\/v2\/posts"}],"about":[{"href":"https:\/\/redsemlac.com\/semmexico\/wp-json\/wp\/v2\/types\/post"}],"author":[{"embeddable":true,"href":"https:\/\/redsemlac.com\/semmexico\/wp-json\/wp\/v2\/users\/3"}],"replies":[{"embeddable":true,"href":"https:\/\/redsemlac.com\/semmexico\/wp-json\/wp\/v2\/comments?post=98411"}],"version-history":[{"count":0,"href":"https:\/\/redsemlac.com\/semmexico\/wp-json\/wp\/v2\/posts\/98411\/revisions"}],"wp:featuredmedia":[{"embeddable":true,"href":"https:\/\/redsemlac.com\/semmexico\/wp-json\/wp\/v2\/media\/98412"}],"wp:attachment":[{"href":"https:\/\/redsemlac.com\/semmexico\/wp-json\/wp\/v2\/media?parent=98411"}],"wp:term":[{"taxonomy":"category","embeddable":true,"href":"https:\/\/redsemlac.com\/semmexico\/wp-json\/wp\/v2\/categories?post=98411"},{"taxonomy":"post_tag","embeddable":true,"href":"https:\/\/redsemlac.com\/semmexico\/wp-json\/wp\/v2\/tags?post=98411"}],"curies":[{"name":"wp","href":"https:\/\/api.w.org\/{rel}","templated":true}]}}