{"id":98380,"date":"2025-09-03T09:39:29","date_gmt":"2025-09-03T15:39:29","guid":{"rendered":"https:\/\/redsemlac.com\/semmexico\/?p=98380"},"modified":"2025-09-03T09:39:29","modified_gmt":"2025-09-03T15:39:29","slug":"apertura-de-periodo-ordinario-ensordecen-congreso","status":"publish","type":"post","link":"https:\/\/redsemlac.com\/semmexico\/apertura-de-periodo-ordinario-ensordecen-congreso\/","title":{"rendered":"Apertura de periodo ordinario: ensordecen Congreso"},"content":{"rendered":"\n<p class=\"wp-block-paragraph\"><strong><\/strong>Momento en que los priistas invadieron el pleno con altavoces y obligaron a parar la sesi\u00f3n por al menos 20 minutos. Foto: Karina Tejada<\/p>\n\n\n\n<p class=\"wp-block-paragraph\">Mientras los priistas pararon la sesi\u00f3n con altavoces y sirenas, los posicionamientos de los opositores fueron acallados por legisladores de la Cuarta Transformaci\u00f3n<\/p>\n\n\n\n<p class=\"wp-block-paragraph\">Panistas guardan silencio ante la negociaci\u00f3n que tienen con Morena por la presidencia de San L\u00e1zaro<\/p>\n\n\n\n<p class=\"wp-block-paragraph\">Ivonne Melgar&nbsp;*<\/p>\n\n\n\n<p class=\"wp-block-paragraph\">SemM\u00e9xico, Cd. de M\u00e9xico, 3 de septiembre, 2025.- Ausentes en la ceremonia del nuevo Poder Judicial en el Senado, los legisladores priistas se concentraron en la sesi\u00f3n del<strong>&nbsp;Congreso General de San L\u00e1zaro<\/strong>, donde su dirigente, Alejandro Moreno C\u00e1rdenas, pregunt\u00f3 al oficialismo si las fotograf\u00edas de Noro\u00f1a con Nicol\u00e1s Maduro eran una buena carta de presentaci\u00f3n para recibir a Marco Rubio, el secretario de Estado de Estados Unidos.<\/p>\n\n\n\n<p class=\"wp-block-paragraph\">Y es que la apertura del nuevo a\u00f1o legislativo transcurri\u00f3 bajo la sombra de los empujones y manotazos que mancharon la clausura de la Comisi\u00f3n Permanente, el mi\u00e9rcoles pasado, y la expectativa del enviado de la Casa Blanca el pr\u00f3ximo 3 de septiembre.<\/p>\n\n\n\n<p class=\"wp-block-paragraph\"><strong><em>\u00bfUstedes creen que este c\u00ednico y corrupto de Fern\u00e1ndez Noro\u00f1a, como presidente del Senado, se fotograf\u00ede con el narcodictador Nicol\u00e1s Maduro, presuma las fotos, qu\u00e9 mensaje manda que se fotograf\u00ede con Manuel Bartlett, imputado de haber asesinado al agente de la DEA Enrique Kiki Camarena Salazar?\u201d, pregunt\u00f3 el senador Alito.<\/em><\/strong><\/p>\n\n\n\n<p class=\"wp-block-paragraph\">Desde la primera fila, el senador Noro\u00f1a escuch\u00f3 al priista que acusaba a la autoproclamada Cuarta Transformaci\u00f3n de haberse convertido en el segundo piso de \u201clas narcodictaduras en Am\u00e9rica Latina\u201d, pues el primero, dijo, lo levantaron Hugo Ch\u00e1vez y Maduro en Venezuela.&nbsp;<\/p>\n\n\n\n<p class=\"wp-block-paragraph\"><strong><em>\u00a1DESAFUERO!<\/em><\/strong><\/p>\n\n\n\n<p class=\"wp-block-paragraph\"><strong><em>\u00bfQu\u00e9 le van a decir el mi\u00e9rcoles al secretario de Estado del gobierno de los Estados Unidos? Un hombre latino como nosotros, profesional, serio y conocedor, que sabe lo que est\u00e1 ocurriendo en M\u00e9xico\u201d, increp\u00f3 el presidente del PRI, quien inici\u00f3 su intervenci\u00f3n dirigi\u00e9ndose al secretario general de Naciones Unidas.<\/em><\/strong><\/p>\n\n\n\n<p class=\"wp-block-paragraph\">Desde el palco de los petistas surgieron los gritos: \u201cAlito, culero, te vas al desafuero\u201d.<\/p>\n\n\n\n<p class=\"wp-block-paragraph\">Los morenistas desplegaron la consigna de es un honor estar con Claudia hoy, altern\u00e1ndola con la original de es un honor estar con Obrador, para sostener el coro de \u201c\u00a1Desafuero!, \u00a1Desafuero!\u201d, en referencia a la solicitud del gobierno de Campeche de quitarle la inmunidad parlamentaria para abrirle proceso penal como exmandatario estatal por haber sido presuntamente omiso de las corruptelas de sus colaboradores.<\/p>\n\n\n\n<p class=\"wp-block-paragraph\"><strong><em>Y no les tengo miedo, aqu\u00ed los voy a enfrentar, con la ley y con la raz\u00f3n, bola de narcopol\u00edticos y corruptos que destruyen al pa\u00eds\u201d, solt\u00f3 en una de las seis interrupciones que obligaron al todav\u00eda presidente de la Mesa Directiva, el morenista Sergio Guti\u00e9rrez Luna, pedir a la asamblea que permitieran continuar al orador.<\/em><\/strong><\/p>\n\n\n\n<p class=\"wp-block-paragraph\"><strong>PROTESTA DE RUIDO<\/strong><\/p>\n\n\n\n<p class=\"wp-block-paragraph\">En represalia a los gritos, insultos y abucheos que rompieron el acuerdo que los coordinadores de las bancadas tomaron, prometiendo contender a sus rijosos, Alito sali\u00f3 del sal\u00f3n con varios diputados y senadores para regresar apertrechado de cartulinas reclamando respeto a los derechos humanos, altavoces y sirenas que aturdieron a los presentes durante unos 20 minutos, obligando a la senadora Geovanna Ba\u00f1uelos a suspender su posicionamiento.<\/p>\n\n\n\n<p class=\"wp-block-paragraph\">El ulular de las alarmas priistas lleg\u00f3 a ser ensordecedor en los primeros momentos de la irrupci\u00f3n, cuando el diputado presidente suplic\u00f3 a Rub\u00e9n Moreira, jefe de la bancada del PRI, que le ayudara a poner orden.<\/p>\n\n\n\n<p class=\"wp-block-paragraph\">Durante el&nbsp;<em>impasse<\/em>, que se prolong\u00f3 por 40 minutos, los coordinadores prometieron retomar el acuerdo de cero agresi\u00f3n, siempre que sus respectivos buscapleitos se calmaran.<\/p>\n\n\n\n<p class=\"wp-block-paragraph\"><strong><em>Ojal\u00e1, presidente Alito, podamos intentar recomponer un di\u00e1logo y un ambiente de civilizaci\u00f3n\u201d, pidi\u00f3 el l\u00edder de la mayor\u00eda, Ricardo Monreal (Morena).<\/em><\/strong><\/p>\n\n\n\n<p class=\"wp-block-paragraph\">El coordinador Moreira acept\u00f3 parar la protesta del ruido, aclarando que no fue su bancada la que falt\u00f3 al compromiso.<\/p>\n\n\n\n<p class=\"wp-block-paragraph\"><strong>PAN, EN SILENCIO<\/strong><\/p>\n\n\n\n<p class=\"wp-block-paragraph\">El senador Alito lo secund\u00f3: \u201cSi nos vuelven a aludir, si nos vuelven a insultar y si nos vuelven a ofender, ser\u00e1 lamentable que no trascienda la sesi\u00f3n\u201d.<\/p>\n\n\n\n<p class=\"wp-block-paragraph\">La coordinadora de los diputados naranjas, Ivonne Ortega, recrimin\u00f3 las bravuconadas de unos y otros: \u201cAfuera de esta C\u00e1mara hay una terrible condici\u00f3n de inseguridad, personas desaparecidas, cobros de piso, asaltos, extorsiones y estamos discutiendo para ver si le cuidamos la palabra a uno o a otro. \u00a1Seamos serios con el pa\u00eds!\u201d.<\/p>\n\n\n\n<p class=\"wp-block-paragraph\">En el jaloneo, como sucedi\u00f3 en el Senado en d\u00edas anteriores, aqu\u00ed tambi\u00e9n el PAN guard\u00f3 silencio, repleg\u00e1ndose del eco del tira tira entre Noro\u00f1a y Alito.<\/p>\n\n\n\n<p class=\"wp-block-paragraph\">Y cuidando las negociaciones aun en curso para concretar, en las pr\u00f3ximas horas, el relevo de la Mesa Directiva de San L\u00e1zaro con una presidencia panista, el jefe de los azules se mantuvo con bajo perfil.<\/p>\n\n\n\n<p class=\"wp-block-paragraph\"><strong>LA BARREDORA<\/strong><\/p>\n\n\n\n<p class=\"wp-block-paragraph\">Fue la joven diputada guanajuatense Diana Guti\u00e9rrez Valtierra quien fij\u00f3 postura en nombre del partido, cuestionando el desabasto de medicinas y la tolerancia del gobierno al crimen organizado, dijo, al tiempo que las familias siguen con miedo.<\/p>\n\n\n\n<p class=\"wp-block-paragraph\"><strong><em>Casos como el de La Barredora muestran la protecci\u00f3n que el gobierno, su gobierno de Morena, ha otorgado a operadores ligados al narcotr\u00e1fico\u201d, se\u00f1al\u00f3 la panista.<\/em><\/strong><\/p>\n\n\n\n<p class=\"wp-block-paragraph\">La referencia al c\u00e1rtel de Tabasco, seg\u00fan la FGR liderado por el exsecretario de Seguridad estatal Hern\u00e1n Berm\u00fadez, igualmente fue aludida por la senadora Alejandra Barrales de MC al enumerar que hoy Morena es Cuauht\u00e9moc Blanco, La Barredora y la inacci\u00f3n del gobierno y la violencia en Sinaloa.<\/p>\n\n\n\n<p class=\"wp-block-paragraph\">Alito, en el sexenio anterior cercano al senador Ad\u00e1n Augusto L\u00f3pez Hern\u00e1ndez, no perdi\u00f3 la oportunidad para usar el t\u00e9rmino al se\u00f1alar que desde el gobierno \u201chan barrido con las instituciones, han barrido con la democracia y est\u00e1n barriendo con la paz en todo M\u00e9xico\u201d.<\/p>\n\n\n\n<p class=\"wp-block-paragraph\"><strong>LLAMADO A LA UNIDAD<\/strong><\/p>\n\n\n\n<p class=\"wp-block-paragraph\">Hubo entre priistas y panistas una coincidencia en el discurso: insistir en que desde el poder se ejerce la censura y se pretende acallar a la prensa.<\/p>\n\n\n\n<p class=\"wp-block-paragraph\">El se\u00f1alamiento prendi\u00f3 en el diputado Monreal, quien a nombre de Morena cerr\u00f3 la ronda de posicionamientos y subi\u00f3 el tono para refutar esas cr\u00edticas: \u201c\u00a1M\u00e9xico vive en estabilidad pol\u00edtica, tienen estabilidad econ\u00f3mica y ejerce sus libertades de manera amplia! \u00a1Todas las libertades fundamentales son respetadas de manera amplia y contundente!\u201d.<\/p>\n\n\n\n<p class=\"wp-block-paragraph\">Pero hacia el final de su mensaje, el l\u00edder de la mayor\u00eda guinda retom\u00f3 el modo conciliador con el que antes consigui\u00f3 Alito frenara su protesta de ruido. Y de cara a la visita de Marco Rubio, critic\u00f3 a quienes aplauden acciones intervencionistas pidi\u00f3 unidad.<\/p>\n\n\n\n<p class=\"wp-block-paragraph\"><strong><em>En estos momentos de dificultad frente a la visita del secretario de Estado del gobierno norteamericano que arribar\u00e1 en unas horas, M\u00e9xico debe estar unido, M\u00e9xico debe estar cohesionado para darle fuerza a nuestra Presidenta y pueda enfrentar con \u00e9xito los enormes desaf\u00edos a los que est\u00e1 sometida\u201d, dijo.<\/em><\/strong><\/p>\n\n\n\n<p class=\"wp-block-paragraph\"><strong>\u201cNO NOS VAN A CALLAR\u201d<\/strong><\/p>\n\n\n\n<p class=\"wp-block-paragraph\">En un ambiente cargado de tensi\u00f3n pol\u00edtica, Alejandro Alito Moreno, presidente nacional del PRI, enfrent\u00f3 uno de los momentos m\u00e1s complicados durante su posicionamiento del Primer Informe de Gobierno en San L\u00e1zaro. Mientras sus compa\u00f1eros lo ovacionaban, desde las curules de Morena retumbaban los gritos de \u201c\u00a1Desafuero!\u201d y \u201c\u00a1Es un honor estar con Claudia hoy!\u201d, interrumpi\u00e9ndolo hasta en seis ocasiones.<\/p>\n\n\n\n<p class=\"wp-block-paragraph\">Lejos de ceder, Alito se aferr\u00f3 al micr\u00f3fono con tono fuerte y continu\u00f3 su discurso se\u00f1alando al partido de mayor\u00eda de destruir la justicia.<\/p>\n\n\n\n<p class=\"wp-block-paragraph\"><strong><em>Morena no reform\u00f3, Morena destruy\u00f3 la justicia y lo hicieron con total desprecio por la ley y por nuestra gente. Quieren jueces sumisos y no justos, quieren tribunales serviles al poder y no a la verdad\u201d.<\/em><\/strong><\/p>\n\n\n\n<p class=\"wp-block-paragraph\">Pese a que el pleno se hab\u00eda convertido en un campo de batalla verbal, el senador priista no escatim\u00f3 en calificativos y acus\u00f3 a Morena de haber pactado con el crimen organizado: \u201cMorena, Morena no es un partido, ustedes no son un movimiento, ustedes son un c\u00e1rtel que pact\u00f3 con los criminales. Ustedes son un gobierno que est\u00e1 destruyendo el Estado mexicano. Pasaron de una alianza electoral a un cogobierno\u201d, dijo elevando la voz entre aplausos de su grupo y abucheos de la bancada guinda.<\/p>\n\n\n\n<p class=\"wp-block-paragraph\">Luego de que la Mesa Directiva otorgara tres minutos m\u00e1s a su discurso derivado de las interrupciones; Moreno cerr\u00f3 con un mensaje desafiante:<\/p>\n\n\n\n<p class=\"wp-block-paragraph\"><strong><em>Est\u00e1n construyendo una narcodictadura comunista\u2026 pero no nos van a callar y no les tenemos miedo\u201d. Su discurso culmin\u00f3 entre gritos de \u201c\u00a1Que viva el PRI! \u00a1Que viva&nbsp; M\u00e9xico!, ! \u00a1No nos van a callar y no les tenemos miedo!, mientras Morena insist\u00eda en el \u201c\u00a1Desafuero!\u201d del pri\u00edsta.<\/em><\/strong><em> <\/em><em>-Alejandrina Franco<\/em><\/p>\n\n\n\n<p class=\"wp-block-paragraph\">En el inicio de su discurso, Moreno salud\u00f3 al secretario general de las Naciones Unidas, Ant\u00f3nio Guterres; al secretario general de la Organizaci\u00f3n de Estados Americanos, Albert Ramdin, y al&nbsp; Alto Comisionado de los Derechos Humanos, Volker T\u00fcrk.<\/p>\n\n\n\n<p class=\"wp-block-paragraph\"><strong>\u201cQUITARON ESENCIA AL CONGRESO\u201d<\/strong><\/p>\n\n\n\n<p class=\"wp-block-paragraph\">Durante los posicionamientos en la C\u00e1mara de Diputados sobre el Primer Informe de Gobierno de Claudia Sheinbaum, la senadora de Movimiento Ciudadano, Alejandra Barrales acus\u00f3 a Morena de haberse \u201cadue\u00f1ado\u201d del Congreso, arrebat\u00e1ndole su esencia de pluralidad y convirti\u00e9ndolo en un espacio sometido al poder.<\/p>\n\n\n\n<p class=\"wp-block-paragraph\"><strong><em>Morena aprovech\u00f3 su mayor\u00eda para adue\u00f1arse de este Congreso, despoj\u00e1ndolo de su esencia: \u00e9ste dej\u00f3 de ser un espacio de deliberaci\u00f3n, de pluralidad y de representaci\u00f3n popular, y que en su lugar se convirtiera en un espacio del poder, al servicio del poder\u201d,&nbsp; reclam\u00f3 desde tribuna, mientras algunos senadores y diputados de su bancada la apoyaban y otros la interrump\u00edan con gestos de desaprobaci\u00f3n\u201d.<\/em><\/strong><\/p>\n\n\n\n<p class=\"wp-block-paragraph\">En su mensaje, Barrales record\u00f3 que, aunque se aprob\u00f3 un incremento salarial para m\u00e9dicos, maestros, enfermeras y polic\u00edas, la medida sigue sin materializarse.<\/p>\n\n\n\n<p class=\"wp-block-paragraph\">\u201cHan pasado diez meses y nada ha cambiado para los trabajadores\u201d, advirti\u00f3 la senadora emecista.<\/p>\n\n\n\n<p class=\"wp-block-paragraph\"><strong>\u201cM\u00c9XICO VIVE UN MOMENTO HIST\u00d3RICO\u201d<\/strong><\/p>\n\n\n\n<p class=\"wp-block-paragraph\">Entre aplausos de su bancada, la senadora Karen Castrej\u00f3n Trujillo fij\u00f3 el posicionamiento del Partido Verde en la apertura del nuevo periodo de sesiones, donde expres\u00f3 un respaldo absoluto a la presidenta Claudia Sheinbaum.<\/p>\n\n\n\n<p class=\"wp-block-paragraph\">Con orgullo, subray\u00f3 que M\u00e9xico vive un momento hist\u00f3rico con su primera mandataria mujer, a quien reconoci\u00f3 por gobernar con integridad, sensibilidad y visi\u00f3n de Estado.<\/p>\n\n\n\n<p class=\"wp-block-paragraph\">Castrej\u00f3n asegur\u00f3 que el PVEM es \u201cm\u00e1s que la tercera fuerza pol\u00edtica, pues representa la sostenibilidad y la justicia social\u201d, y reiter\u00f3 que su grupo parlamentario acompa\u00f1ar\u00e1 y defender\u00e1 el proyecto presidencial.<\/p>\n\n\n\n<p class=\"wp-block-paragraph\"><strong><em>Presidenta, cuente con el Partido Verde como su aliado\u201d, dijo, al destacar avances en estabilidad econ\u00f3mica, generaci\u00f3n de empleos y bienestar social.<\/em><\/strong><\/p>\n\n\n\n<p class=\"wp-block-paragraph\">Resalt\u00f3 adem\u00e1s que el Plan M\u00e9xico plantea un futuro de oportunidades al fortalecer cadenas productivas y consolidar un crecimiento con responsabilidad. En materia de seguridad, afirm\u00f3 que los resultados son tangibles gracias a la estrategia nacional, que ha reducido los delitos de mayor impacto y que dijo \u201cresponde a propuestas impulsadas por el Verde, como el uso de tecnolog\u00eda e inteligencia\u201d.<\/p>\n\n\n\n<p class=\"wp-block-paragraph\">*Cr\u00f3nica invitada, con&nbsp; el permiso de la autora, periodista destacada del grupo Cadena 3&nbsp; &nbsp; &nbsp; &nbsp; y Exc\u00e9lsior, directora del portal MujeresM\u00e1s. Autora de varios libros y destacada aliada del movimiento feminista.<\/p>\n","protected":false},"excerpt":{"rendered":"<p>Momento en que los priistas invadieron el pleno con altavoces y obligaron a parar la sesi\u00f3n por al menos 20 minutos. Foto: Karina Tejada Mientras los priistas pararon la sesi\u00f3n con altavoces y sirenas, los posicionamientos de los opositores fueron acallados por legisladores de la Cuarta Transformaci\u00f3n Panistas guardan silencio ante la negociaci\u00f3n que tienen [&hellip;]<\/p>\n","protected":false},"author":3,"featured_media":98381,"comment_status":"open","ping_status":"open","sticky":false,"template":"","format":"standard","meta":{"_monsterinsights_skip_tracking":false,"footnotes":""},"categories":[50],"tags":[],"class_list":["post-98380","post","type-post","status-publish","format-standard","has-post-thumbnail","category-congreso"],"_links":{"self":[{"href":"https:\/\/redsemlac.com\/semmexico\/wp-json\/wp\/v2\/posts\/98380","targetHints":{"allow":["GET"]}}],"collection":[{"href":"https:\/\/redsemlac.com\/semmexico\/wp-json\/wp\/v2\/posts"}],"about":[{"href":"https:\/\/redsemlac.com\/semmexico\/wp-json\/wp\/v2\/types\/post"}],"author":[{"embeddable":true,"href":"https:\/\/redsemlac.com\/semmexico\/wp-json\/wp\/v2\/users\/3"}],"replies":[{"embeddable":true,"href":"https:\/\/redsemlac.com\/semmexico\/wp-json\/wp\/v2\/comments?post=98380"}],"version-history":[{"count":0,"href":"https:\/\/redsemlac.com\/semmexico\/wp-json\/wp\/v2\/posts\/98380\/revisions"}],"wp:featuredmedia":[{"embeddable":true,"href":"https:\/\/redsemlac.com\/semmexico\/wp-json\/wp\/v2\/media\/98381"}],"wp:attachment":[{"href":"https:\/\/redsemlac.com\/semmexico\/wp-json\/wp\/v2\/media?parent=98380"}],"wp:term":[{"taxonomy":"category","embeddable":true,"href":"https:\/\/redsemlac.com\/semmexico\/wp-json\/wp\/v2\/categories?post=98380"},{"taxonomy":"post_tag","embeddable":true,"href":"https:\/\/redsemlac.com\/semmexico\/wp-json\/wp\/v2\/tags?post=98380"}],"curies":[{"name":"wp","href":"https:\/\/api.w.org\/{rel}","templated":true}]}}