{"id":98373,"date":"2025-09-03T09:37:30","date_gmt":"2025-09-03T15:37:30","guid":{"rendered":"https:\/\/redsemlac.com\/semmexico\/?p=98373"},"modified":"2025-09-03T09:44:25","modified_gmt":"2025-09-03T15:44:25","slug":"kenia-lopez-rabadan-presidenta-de-la-mesa-directiva-de-la-camara-de-diputados-tras-amagos","status":"publish","type":"post","link":"https:\/\/redsemlac.com\/semmexico\/kenia-lopez-rabadan-presidenta-de-la-mesa-directiva-de-la-camara-de-diputados-tras-amagos\/","title":{"rendered":"Kenia L\u00f3pez Rabad\u00e1n presidenta de\u00a0 la Mesa Directiva de la C\u00e1mara de Diputados, tras amagos"},"content":{"rendered":"\n<p class=\"wp-block-paragraph\">La diputada panista\u00a0Kenia L\u00f3pez Rabad\u00e1n, ahora\u00a0presidenta de la mesa directiva de la C\u00e1mara de Diputados, es una abogada con estudios de teatro. Desde hace 28 a\u00f1os milita en el Partido Acci\u00f3n Nacional (PAN).<\/p>\n\n\n\n<p class=\"wp-block-paragraph\">\u201cConf\u00edo en el debate apasionado, pero respetuoso, en el cuestionamiento agudo, pero honesto por eso, en esta presidencia, el \u00fanico protagonismo lo tendr\u00e1 la palabra libre y plural\u201d Kenya L\u00f3pez Rabad\u00e1n<\/p>\n\n\n\n<p class=\"wp-block-paragraph\">&nbsp;Las vicepresidencias ser\u00e1n para Sergio Guti\u00e9rrez Luna de Morena; Paulina Rubio del PAN y Ra\u00fal Bola\u00f1os del PVE<\/p>\n\n\n\n<p class=\"wp-block-paragraph\"><strong>Blanca Santos* y Sara Lovera<\/strong><\/p>\n\n\n\n<p class=\"wp-block-paragraph\">SemM\u00e9xico\/ El Sol&nbsp; de M\u00e9xico, Cd. de M\u00e9xico, 3 de septiembre, 2025.- Hoy asumo con profunda convicci\u00f3n la responsabilidad de presidir la Mesa Directiva de la C\u00e1mara de Diputados&nbsp; resumi\u00f3 Kenya L\u00f3pez Rabad\u00e1n, al asumir su nuevo encargo. Lo hago con la certeza de que este Congreso es la casa de la pluralidad y la representaci\u00f3n democr\u00e1tica de las y los mexicanos.&nbsp;<\/p>\n\n\n\n<p class=\"wp-block-paragraph\">El Pleno de la C\u00e1mara de Diputados aprob\u00f3 por mayor\u00eda calificada de 435 votos a favor y cuatro en contra, la integraci\u00f3n de la Mesa Directiva la cual est\u00e1 encabezada por la panista, en tenso ambiente, luego de la trifulca del 29 de agosto, donde&nbsp; los hombres escenificaron una pelea de \u201cmachos\u201d.<\/p>\n\n\n\n<p class=\"wp-block-paragraph\">Las vicepresidencias ser\u00e1n ocupadas por Sergio Guti\u00e9rrez Luna de Morena; Paulina Rubio Fern\u00e1ndez del PAN y Ra\u00fal Bola\u00f1os Cacho Cu\u00e9 del Partido Verde Ecologista de M\u00e9xico.<\/p>\n\n\n\n<p class=\"wp-block-paragraph\">En tanto las secretar\u00edas estar\u00e1n integradas por las y los diputados Julieta Villalpando Riquelme de Morena; Alan Sahir M\u00e1rquez Becerra del PAN; Nayeli Arlen Fern\u00e1ndez Cruz del PVEM; Magdalena del Socorro N\u00fa\u00f1ez Monreal del PT; Fuensanta Guadalupe Guerrero Esquivel del PRI, y Laura Ballesteros Mancilla de MC.<\/p>\n\n\n\n<p class=\"wp-block-paragraph\">Tras rendir protesta como nueva presidenta de la C\u00e1mara de Diputados, Kenia L\u00f3pez se dijo consciente de la importancia que tiene llegar a este puesto en el contexto que se vive en la vida legislativa por lo que sostuvo que el dialogo y la palabra ser\u00e1n los protagonistas en su conducci\u00f3n.<\/p>\n\n\n\n<p class=\"wp-block-paragraph\">\u201cConf\u00edo en el debate apasionado, pero respetuoso, en el cuestionamiento agudo, pero honesto por eso, en esta presidencia, el \u00fanico protagonismo lo tendr\u00e1 la palabra libre y plural (\u2026) En esta presidencia, me comprometo a garantizar el derecho de cada diputada y diputado a representar a sus votantes y a defender su posici\u00f3n, a generar, condiciones de respeto, pluralidad y altura de miras\u201d, sostuvo en su mensaje inicial.<\/p>\n\n\n\n<p class=\"wp-block-paragraph\">Asimismo, destac\u00f3 que respetar\u00e1 a las mayor\u00edas y a las voces de las minor\u00edas y lo que representan pues enfatiz\u00f3 que M\u00e9xico quiere y necesita que la C\u00e1mara de Diputados trabaje con sentido y responsabilidad.<\/p>\n\n\n\n<p class=\"wp-block-paragraph\">La llegada de Kenia L\u00f3pez se da luego de la incertidumbre que se caus\u00f3 por una supuesta falta de acuerdos en su designaci\u00f3n por parte de los legisladores de la mayor\u00eda, sin embargo, luego de la recepci\u00f3n del Primer Informe de Gobierno con un morenista en la presidencia del Congreso de la Uni\u00f3n, este d\u00eda los desacuerdos se destrabaron.<\/p>\n\n\n\n<p class=\"wp-block-paragraph\">Al respecto, en reuni\u00f3n previa de la Junta de Coordinaci\u00f3n Pol\u00edtica (Jucopo) de la C\u00e1mara de Diputados, los coordinadores de los seis grupos parlamentarios, Ricardo Monreal de Morena y quien preside este \u00f3rgano, Jos\u00e9 El\u00edas Lixa del PAN, Carlos Puente del Partido Verde Ecologista de M\u00e9xico, Reginaldo Sandoval del PT, Rub\u00e9n Moreira del PRI e Ivonne Ortega de Movimiento Ciudadano, destacaron que fue por unanimidad el consenso para para lograr esta integraci\u00f3n en la Mesa Directiva.<\/p>\n\n\n\n<p class=\"wp-block-paragraph\">En ese sentido, Ricardo Monreal sostuvo que el pa\u00eds necesita unidad y por ello se debe dar el mensaje de que se puede construir sin arrebatos ni confrontaci\u00f3n y demostrar al pueblo que sus legisladores, aun con las diferencias normales que puedan tener, tienen la capacidad de legar a acuerdos.<\/p>\n\n\n\n<figure class=\"wp-block-image size-full\"><a href=\"https:\/\/redsemlac.com\/semmexico\/wp-content\/uploads\/2025\/09\/image-10.png\"><img loading=\"lazy\" decoding=\"async\" width=\"686\" height=\"386\" src=\"https:\/\/redsemlac.com\/semmexico\/wp-content\/uploads\/2025\/09\/image-10.png\" alt=\"\" class=\"wp-image-98374\" srcset=\"https:\/\/redsemlac.com\/semmexico\/wp-content\/uploads\/2025\/09\/image-10.png 686w, https:\/\/redsemlac.com\/semmexico\/wp-content\/uploads\/2025\/09\/image-10-300x169.png 300w, https:\/\/redsemlac.com\/semmexico\/wp-content\/uploads\/2025\/09\/image-10-150x84.png 150w\" sizes=\"auto, (max-width: 686px) 100vw, 686px\" \/><\/a><\/figure>\n\n\n\n<p class=\"wp-block-paragraph\">En tanto, el coordinador del PAN, Jos\u00e9 El\u00edas Lixa asegur\u00f3 que con este acuerdo se da estabilidad, gobernabilidad, se respeta la ley, la palabra y el buen entendimiento en la C\u00e1mara de Diputados.<\/p>\n\n\n\n<p class=\"wp-block-paragraph\">\u201cVivimos tiempos de polarizaci\u00f3n, de complejidad pol\u00edtica y las condiciones de la conformaci\u00f3n de los grupos no hace sencillo muchas veces transitar en un acuerdo que, por un lado, respete la ley y por el otro respete la voluntad de los grupos parlamentarios. El buen di\u00e1logo es el que es capaz de sobreponer a los intereses propios y partidistas la estabilidad de una<br>instituci\u00f3n como la C\u00e1mara de Diputados\u201d, sostuvo el panista al tiempo que agradeci\u00f3 el apoyo de todos coordinadores.<\/p>\n\n\n\n<p class=\"wp-block-paragraph\"><strong>\u00bf Qui\u00e9n es&nbsp; Kenya L\u00f3pez Rabad\u00e1n?<\/strong><\/p>\n\n\n\n<p class=\"wp-block-paragraph\">Kenia L\u00f3pez Rabad\u00e1n es una abogada y pol\u00edtica mexicana, miembro del Partido Acci\u00f3n Nacional. Desde el 2 de septiembre de 2025 es la presidenta de la C\u00e1mara de Diputados durante el segundo a\u00f1o de la LXVI Legislatura<\/p>\n\n\n\n<p class=\"wp-block-paragraph\">Es una de las voces m\u00e1s cr\u00edticas de Acci\u00f3n Nacional, pertenece a las Mujeres Constituyentes, escribi\u00f3 un &nbsp; libro con&nbsp; la doctora Patricia Olamendi, de Nosotras Tenemos Otros Datos. &nbsp; Est\u00e1 comprometida &nbsp; &nbsp; &nbsp; &nbsp; a vigilar la pol\u00edtica &nbsp; &nbsp; &nbsp; de g\u00e9nero. Ha presidido la Comisi\u00f3n Legislativa de Derechos Humanos.<\/p>\n\n\n\n<p class=\"wp-block-paragraph\">En 2024 fue jefa de Oficina de Campa\u00f1a de la candidata presidencial X\u00f3chitl G\u00e1lvez, quien fue postulada por la coalici\u00f3n Fuerza y Coraz\u00f3n por M\u00e9xico, integrada por el Partido Acci\u00f3n Nacional (PAN), el Partido Revolucionario Institucional (PRI) y el Partido de la Revoluci\u00f3n Democr\u00e1tica. Sin embargo, el 1 de junio del a\u00f1o pasado gan\u00f3 en las urnas Claudia Sheinbaum, entonces abanderada morenista.<\/p>\n\n\n\n<p class=\"wp-block-paragraph\">Como senadora, estuvo en el centro del debate y se confront\u00f3 en varias ocasiones con el partido guinda, tanto en el pleno, como en mesas de debate en medios de comunicaci\u00f3n.<\/p>\n\n\n\n<p class=\"wp-block-paragraph\">Sin embargo, a partir de septiembre de 2024, cuando asumi\u00f3 la diputaci\u00f3n federal, mantiene un bajo perfil, sin participar en debates y controversias, pues como vicepresidenta de la mesa directiva desde hace un a\u00f1o asumi\u00f3 un rol institucional.<\/p>\n\n\n\n<p class=\"wp-block-paragraph\">Ese mismo papel le tocar\u00e1 conservar ahora como presidenta de la Mesa Directiva de la C\u00e1mara de Diputados, cuya principal funci\u00f3n es garantizar que ese \u00f3rgano legislativo cumpla con sus tareas con pluralidad.<\/p>\n\n\n\n<p class=\"wp-block-paragraph\">\u201cSoy una parlamentaria de carrera porque creo en el equilibrio de poderes y en la pluralidad del Poder Legislativo. Creo en el parlamento, en sus reglas, en su estructura, en lo productivo de sus deliberaciones y en el beneficio que genera en la vida de los ciudadanos\u201d dijo tras rendir protesta.<\/p>\n\n\n\n<p class=\"wp-block-paragraph\">\u201cMe comprometo a respetar a las mayor\u00edas que aqu\u00ed se construyen y a las voces de las minor\u00edas y lo que representan\u201d, agreg\u00f3.<\/p>\n\n\n\n<p class=\"wp-block-paragraph\">Fue electa este dos de septiembre como presidenta de la C\u00e1mara de Diputados, aunque no hubo unanimidad: 435 votos a favor y cuatro morenistas en contra.<\/p>\n\n\n\n<p class=\"wp-block-paragraph\">Aun as\u00ed el apoyo mayoritario fue posible luego de que Morena retras\u00f3 dos d\u00edas los acuerdos que le hicieron posible asumir el cargo, bloqueo que busc\u00f3 impedir que desde la nueva presidencia se recibiera el primer informe de gobierno de Sheinbaum.<\/p>\n\n\n\n<p class=\"wp-block-paragraph\"><strong>Del Teatro a la pol\u00edtica<\/strong><\/p>\n\n\n\n<p class=\"wp-block-paragraph\">En 1996, a los 22 a\u00f1os, L\u00f3pez Rabad\u00e1n se afili\u00f3 a las filas del PAN. Seg\u00fan sus relatos, proviene de una familia trabajadora, sin lujos ni herencias pol\u00edticas.<\/p>\n\n\n\n<p class=\"wp-block-paragraph\">Su madre ten\u00eda una fonda de comida mexicana y la hoy presidenta de la C\u00e1mara de Diputados le apoyaba en las tareas.<\/p>\n\n\n\n<p class=\"wp-block-paragraph\">Su primer inter\u00e9s, sin embargo, fue art\u00edstico: estudi\u00f3 Teatro en la Escuela de Iniciaci\u00f3n Art\u00edstica n\u00famero 2 del Instituto Nacional de Bellas Artes (INBA).<\/p>\n\n\n\n<p class=\"wp-block-paragraph\">Luego, para ayudarse a pagar su carrera universitaria de Derecho, en la UNAM, vendi\u00f3 aspiradoras. Adem\u00e1s estudi\u00f3 una Maestr\u00eda en Gobierno y Pol\u00edticas P\u00fablicas por la Universidad Panamericana.<\/p>\n\n\n\n<p class=\"wp-block-paragraph\">En las elecciones presidenciales de 1994, donde los contendientes fueron Diego Fern\u00e1ndez de Cevallos, por el PAN; Ernesto Zedillo por el PRI, y Cuauht\u00e9moc C\u00e1rdenas, por el PRD, ella fungi\u00f3 como capacitadora del entonces Instituto Federal Electoral.<\/p>\n\n\n\n<p class=\"wp-block-paragraph\">Ese fue su primer acercamiento con la pol\u00edtica y las elecciones. En 1996 se convirti\u00f3 en coordinadora del plan b\u00e1sico de organizaci\u00f3n del Comit\u00e9 Directivo Regional del PAN en el entonces Distrito Federal. Es Consejera de ese partido desde 2007.<\/p>\n\n\n\n<p class=\"wp-block-paragraph\">En 1997 fue secretaria particular en el Senado y el mismo a\u00f1o asesora de la Comisi\u00f3n del Distrito Federal en la LVII legislatura de la C\u00e1mara de Diputados. Desde entonces no se separa de lo legislativo.<\/p>\n\n\n\n<p class=\"wp-block-paragraph\">En el 2000 fue diputada federal suplente. De ese a\u00f1o a 2006, durante tres Legislaturas de la Asamblea Legislativa del Distrito Federal (ALDF) fue secretaria t\u00e9cnica de diversas comisiones.<\/p>\n\n\n\n<p class=\"wp-block-paragraph\">Su primer cargo de elecci\u00f3n lo gan\u00f3 en 2006 como diputada local y en 2009 se convirti\u00f3 en diputada federal.<\/p>\n\n\n\n<p class=\"wp-block-paragraph\">En 2016 fue legisladora de la Asamblea Constituyente de la Ciudad de M\u00e9xico, pues desde su inicio estuvo vinculada con los asuntos capitalinos. Incluso, en 2023 se destap\u00f3 para ser candidata a la jefatura de gobierno de la ciudad.<\/p>\n\n\n\n<p class=\"wp-block-paragraph\">De 2018 a 2024 fue Senadora y destac\u00f3 por sus debates encendidos en esa C\u00e1mara, en donde tuvo cercan\u00eda con X\u00f3chitl G\u00e1lvez, en cuya campa\u00f1a particip\u00f3 de forma activa: tambi\u00e9n fungi\u00f3 como vocera.<\/p>\n\n\n\n<p class=\"wp-block-paragraph\"><a href=\"https:\/\/oem.com.mx\/elsoldemexico\/analisis\/autor\/blanca-santos-4337\"><strong>*Blanca&nbsp;Santos&nbsp; <\/strong><\/a>Reportera de Rep\u00fablica en la fuente pol\u00edtica cubro actividades legislativas en la C\u00e1mara de Diputados, as\u00ed como temas electorales en el Instituto Nacional Electoral (INE) y el Tribunal Electoral del Poder Judicial de la Federaci\u00f3n (TEPJF), y partidos pol\u00edticos. Es una gran responsabilidad al mismo tiempo que una satisfacci\u00f3n, ser el conducto que lleve a la ciudadan\u00eda a ser testigos en primera fila del origen y desarrollo de las leyes que rigen al pa\u00eds y la historia que con ello se va creando, siempre con una visi\u00f3n cr\u00edtica.<br><\/p>\n","protected":false},"excerpt":{"rendered":"<p>La diputada panista\u00a0Kenia L\u00f3pez Rabad\u00e1n, ahora\u00a0presidenta de la mesa directiva de la C\u00e1mara de Diputados, es una abogada con estudios de teatro. Desde hace 28 a\u00f1os milita en el Partido Acci\u00f3n Nacional (PAN). \u201cConf\u00edo en el debate apasionado, pero respetuoso, en el cuestionamiento agudo, pero honesto por eso, en esta presidencia, el \u00fanico protagonismo lo [&hellip;]<\/p>\n","protected":false},"author":3,"featured_media":98375,"comment_status":"open","ping_status":"open","sticky":false,"template":"","format":"standard","meta":{"_monsterinsights_skip_tracking":false,"footnotes":""},"categories":[50],"tags":[],"class_list":["post-98373","post","type-post","status-publish","format-standard","has-post-thumbnail","category-congreso"],"_links":{"self":[{"href":"https:\/\/redsemlac.com\/semmexico\/wp-json\/wp\/v2\/posts\/98373","targetHints":{"allow":["GET"]}}],"collection":[{"href":"https:\/\/redsemlac.com\/semmexico\/wp-json\/wp\/v2\/posts"}],"about":[{"href":"https:\/\/redsemlac.com\/semmexico\/wp-json\/wp\/v2\/types\/post"}],"author":[{"embeddable":true,"href":"https:\/\/redsemlac.com\/semmexico\/wp-json\/wp\/v2\/users\/3"}],"replies":[{"embeddable":true,"href":"https:\/\/redsemlac.com\/semmexico\/wp-json\/wp\/v2\/comments?post=98373"}],"version-history":[{"count":0,"href":"https:\/\/redsemlac.com\/semmexico\/wp-json\/wp\/v2\/posts\/98373\/revisions"}],"wp:featuredmedia":[{"embeddable":true,"href":"https:\/\/redsemlac.com\/semmexico\/wp-json\/wp\/v2\/media\/98375"}],"wp:attachment":[{"href":"https:\/\/redsemlac.com\/semmexico\/wp-json\/wp\/v2\/media?parent=98373"}],"wp:term":[{"taxonomy":"category","embeddable":true,"href":"https:\/\/redsemlac.com\/semmexico\/wp-json\/wp\/v2\/categories?post=98373"},{"taxonomy":"post_tag","embeddable":true,"href":"https:\/\/redsemlac.com\/semmexico\/wp-json\/wp\/v2\/tags?post=98373"}],"curies":[{"name":"wp","href":"https:\/\/api.w.org\/{rel}","templated":true}]}}