{"id":98357,"date":"2025-09-03T08:55:57","date_gmt":"2025-09-03T14:55:57","guid":{"rendered":"https:\/\/redsemlac.com\/semmexico\/?p=98357"},"modified":"2025-09-03T08:57:02","modified_gmt":"2025-09-03T14:57:02","slug":"fge-guerrero-cumplimenta-orden-de-aprehension-por-abuso-sexual-de-personas-menores-de-edad-en-acapulco","status":"publish","type":"post","link":"https:\/\/redsemlac.com\/semmexico\/fge-guerrero-cumplimenta-orden-de-aprehension-por-abuso-sexual-de-personas-menores-de-edad-en-acapulco\/","title":{"rendered":"FGE Guerrero cumplimenta orden de aprehensi\u00f3n por abuso sexual de personas menores de edad en Acapulco"},"content":{"rendered":"\n<p class=\"wp-block-paragraph\">Redacci\u00f3n<\/p>\n\n\n\n<p class=\"wp-block-paragraph\">SemM\u00e9xico\/Ceprovysa,&nbsp; Acapulco , Guerrero, 3 de septiembre,&nbsp; 2025.-La Fiscal\u00eda General del Estado de Guerrero (FGE Guerrero), en coordinaci\u00f3n con la Secretar\u00eda de la Defensa Nacional (DEFENSA), Guardia Nacional (GN), Secretar\u00eda de Marina (SEMAR) y la Secretar\u00eda de Seguridad P\u00fablica (SSPC), cumpliment\u00f3 una orden de aprehensi\u00f3n en contra de Miguel \u201cN\u201d, por su probable responsabilidad en el delito de abuso sexual de personas menores de edad, cometido en agravio de una v\u00edctima de identidad reservada, en el municipio de Acapulco de Ju\u00e1rez.<\/p>\n\n\n\n<p class=\"wp-block-paragraph\">De acuerdo con las investigaciones, el imputado presuntamente abus\u00f3 sexualmente de la v\u00edctima.<\/p>\n\n\n\n<p class=\"wp-block-paragraph\">El detenido fue puesto a disposici\u00f3n del Juez de Control y Enjuiciamiento Penal, autoridad que determinar\u00e1 su situaci\u00f3n jur\u00eddica.<\/p>\n\n\n\n<p class=\"wp-block-paragraph\">La Fiscal\u00eda General del Estado de Guerrero refrenda su compromiso con las y los guerrerenses de procurar el acceso a la justicia y el combate a la impunidad.<\/p>\n","protected":false},"excerpt":{"rendered":"<p>Redacci\u00f3n SemM\u00e9xico\/Ceprovysa,&nbsp; Acapulco , Guerrero, 3 de septiembre,&nbsp; 2025.-La Fiscal\u00eda General del Estado de Guerrero (FGE Guerrero), en coordinaci\u00f3n con la Secretar\u00eda de la Defensa Nacional (DEFENSA), Guardia Nacional (GN), Secretar\u00eda de Marina (SEMAR) y la Secretar\u00eda de Seguridad P\u00fablica (SSPC), cumpliment\u00f3 una orden de aprehensi\u00f3n en contra de Miguel \u201cN\u201d, por su probable responsabilidad [&hellip;]<\/p>\n","protected":false},"author":3,"featured_media":98361,"comment_status":"open","ping_status":"open","sticky":false,"template":"","format":"standard","meta":{"_monsterinsights_skip_tracking":false,"footnotes":""},"categories":[48],"tags":[],"class_list":["post-98357","post","type-post","status-publish","format-standard","has-post-thumbnail","category-no-mas-impunidad-no-mas-impunidad"],"_links":{"self":[{"href":"https:\/\/redsemlac.com\/semmexico\/wp-json\/wp\/v2\/posts\/98357","targetHints":{"allow":["GET"]}}],"collection":[{"href":"https:\/\/redsemlac.com\/semmexico\/wp-json\/wp\/v2\/posts"}],"about":[{"href":"https:\/\/redsemlac.com\/semmexico\/wp-json\/wp\/v2\/types\/post"}],"author":[{"embeddable":true,"href":"https:\/\/redsemlac.com\/semmexico\/wp-json\/wp\/v2\/users\/3"}],"replies":[{"embeddable":true,"href":"https:\/\/redsemlac.com\/semmexico\/wp-json\/wp\/v2\/comments?post=98357"}],"version-history":[{"count":0,"href":"https:\/\/redsemlac.com\/semmexico\/wp-json\/wp\/v2\/posts\/98357\/revisions"}],"wp:featuredmedia":[{"embeddable":true,"href":"https:\/\/redsemlac.com\/semmexico\/wp-json\/wp\/v2\/media\/98361"}],"wp:attachment":[{"href":"https:\/\/redsemlac.com\/semmexico\/wp-json\/wp\/v2\/media?parent=98357"}],"wp:term":[{"taxonomy":"category","embeddable":true,"href":"https:\/\/redsemlac.com\/semmexico\/wp-json\/wp\/v2\/categories?post=98357"},{"taxonomy":"post_tag","embeddable":true,"href":"https:\/\/redsemlac.com\/semmexico\/wp-json\/wp\/v2\/tags?post=98357"}],"curies":[{"name":"wp","href":"https:\/\/api.w.org\/{rel}","templated":true}]}}