{"id":98354,"date":"2025-09-03T08:53:57","date_gmt":"2025-09-03T14:53:57","guid":{"rendered":"https:\/\/redsemlac.com\/semmexico\/?p=98354"},"modified":"2025-09-03T08:53:57","modified_gmt":"2025-09-03T14:53:57","slug":"los-capitales-denuncian-trabajadores-del-snac-a-su-lider-martinez-araiza-por-corrupcion","status":"publish","type":"post","link":"https:\/\/redsemlac.com\/semmexico\/los-capitales-denuncian-trabajadores-del-snac-a-su-lider-martinez-araiza-por-corrupcion\/","title":{"rendered":"Los capitales | Denuncian trabajadores del SNAC a su \u00abl\u00edder\u00bb Mart\u00ednez Araiza,.por corrupci\u00f3n"},"content":{"rendered":"\n<p class=\"wp-block-paragraph\">Edgar Gonz\u00e1lez Mart\u00ednez<\/p>\n\n\n\n<p class=\"wp-block-paragraph\">SemM\u00e9xico, Cd. de M\u00e9xico, 3 de septiembre, 2025.- Trabajadores disidentes del Sindicato Nacional Alimenticio y del Comercio, Similares y Conexos de la Rep\u00fablica Mexicana (SNAC), exigieron al Centro Federal de Conciliaci\u00f3n y Registro Laboral (CFCRL), encabezado por Alfredo Dom\u00ednguez Marrufo, investigar y quitar el reconocimiento a Alejandro Mart\u00ednez Araiza, como secretario general por corrupci\u00f3n, abuso de poder y desv\u00edo de recursos. Araiza, dicen los trabajadores, mantiene desde 2019, un historial de irregularidades que incluye la usurpaci\u00f3n de funciones, hasta la compra de propiedades con recursos sindicales a nombre de su padre, Marco Antonio Mart\u00ednez Armenta.<\/p>\n\n\n\n<p class=\"wp-block-paragraph\">Entre sus m\u00faltiples irregularidades cometidas y que caus\u00f3 la molestia de sus agremiados fue la reelecci\u00f3n adelantada en abril de 2025, sin verificaci\u00f3n oficial, con una planilla \u00fanica, con ausencia de agremiados y sin transparencia en los resultados. Mart\u00ednez Araiza no solo se perpetu\u00f3 en el poder por seis a\u00f1os m\u00e1s, sino que lo hizo ignorando los principios democr\u00e1ticos que deber\u00edan regir cualquier organizaci\u00f3n sindical.<\/p>\n\n\n\n<p class=\"wp-block-paragraph\">En su urgencia por legalizar este proceso, solicit\u00f3 al CFCRL su aval para la modificaci\u00f3n de miembros. En respuesta, el \u00f3rgano encabezado por Dom\u00ednguez Marrufo solicit\u00f3 a la organizaci\u00f3n sindical dar cumplimiento a lo que establece el art\u00edculo 373 de la Ley Federal del Trabajo, sobre la entrega del acta de asamblea donde se rinde cuenta de la administraci\u00f3n del patrimonio sindical, lo cual no ha hecho y busca reponer mediante trampas y enga\u00f1os.<\/p>\n\n\n\n<p class=\"wp-block-paragraph\">El SNAC no puede seguir siendo reh\u00e9n de una dirigencia que abus\u00f3 de sus agremiados y perdi\u00f3 toda legitimidad. Los trabajadores sindicalizados no quieren firmar hojas en blanco, que se usan para fingir su aceptaci\u00f3n al manejo del patrimonio sindical, exigen saber qu\u00e9 se ha hecho con sus cuotas y con su representaci\u00f3n.<\/p>\n\n\n\n<p class=\"wp-block-paragraph\">Por supuesto, es trabajo del CFCRL revisar a detalle la rendici\u00f3n de cuentas que buscar\u00e1 entregar el l\u00edder sindical, porque seguramente ser\u00e1 prueba clara de lo mal que se cocin\u00f3 esa elecci\u00f3n y la raz\u00f3n de lo mal que huele la dirigencia del SNAC.<\/p>\n\n\n\n<p class=\"wp-block-paragraph\">Mortalidad en MIPyMEs por falta de cr\u00e9ditos; s\u00f3lo tienen acceso a 3 de cada 10 cr\u00e9ditos.<\/p>\n\n\n\n<p class=\"wp-block-paragraph\">Entre las principales causas que llevan a las empresas a cerrar, est\u00e1n los problemas de flujo de efectivo, mala gesti\u00f3n administrativa y falta de acceso al financiamiento. Tambi\u00e9n el valor de un financiamiento va m\u00e1s all\u00e1 de la tasa de inter\u00e9s, explica experto de Xepelin. La nueva era de la banca digital empresarial permite a las empresas tener una visi\u00f3n y monitoreo de flujo de caja, evaluar clientes y proveedores, entre otros.<\/p>\n\n\n\n<p class=\"wp-block-paragraph\">&nbsp;La gesti\u00f3n financiera -a\u00f1adi\u00f3- es un pilar fundamental para la supervivencia y el crecimiento de las micro, peque\u00f1as y medianas empresas (MiPyMes) en M\u00e9xico. A pesar de que este segmento representa m\u00e1s del 99% de las empresas en el pa\u00eds y contribuye con m\u00e1s del 50% al Producto Interno Bruto (PIB) nacional, una de cada dos PyMEs no sobrevive los primeros dos a\u00f1os, seg\u00fan datos del INEGI.<\/p>\n\n\n\n<p class=\"wp-block-paragraph\">Entre las principales causas que llevan a las empresas al cierre, est\u00e1n los problemas de flujo de efectivo, mala gesti\u00f3n administrativa y falta de acceso al financiamiento. Pese a su peso econ\u00f3mico, apenas 3 de cada 10 cr\u00e9ditos empresariales en el pa\u00eds se destinan a MiPyMEs, de acuerdo con la Asociaci\u00f3n de Bancos de M\u00e9xico (ABM). En este panorama, la capacidad de tomar decisiones de financiamiento informadas se vuelve cr\u00edtica para la salud del negocio.<\/p>\n\n\n\n<p class=\"wp-block-paragraph\">El acceso limitado al cr\u00e9dito tradicional abre la puerta a soluciones m\u00e1s flexibles y transparentes, donde el ecosistema fintech ha surgido como una alternativa. Los expertos de Xepelin, plataforma de servicios financieros que colabora con miles de empresas, identifica una serie de desaf\u00edos y errores comunes que las PyMEs enfrentan al buscar capital.<\/p>\n\n\n\n<p class=\"wp-block-paragraph\">Alejandro Toiber, Director General de Xepelin, se\u00f1ala que el valor de un financiamiento va m\u00e1s all\u00e1 de la tasa de inter\u00e9s. \u00abEl error m\u00e1s com\u00fan es enfocarse \u00fanicamente en este indicador, ignorando el Costo Total de Adquisici\u00f3n (CTA), que incluye comisiones ocultas, penalizaciones y otros gastos que no siempre son visibles a primera vista\u00bb, afirm\u00f3 Toiber. \u00abUna decisi\u00f3n informada requiere una evaluaci\u00f3n comparativa rigurosa que considere la flexibilidad, los plazos y el valor agregado de la herramienta\u00bb.<\/p>\n\n\n\n<p class=\"wp-block-paragraph\"><a href=\"mailto:loscapitales@yahoo.com.mx\">loscapitales@yahoo.com.mx<\/a><\/p>\n\n\n\n<p class=\"wp-block-paragraph\"><a href=\"http:\/\/www.agendadeinversiones.com.mx\/\">www.agendadeinversiones.com.mx<\/a><\/p>\n\n\n\n<p class=\"wp-block-paragraph\">Twiter: @ Edgar4712<\/p>\n","protected":false},"excerpt":{"rendered":"<p>Edgar Gonz\u00e1lez Mart\u00ednez SemM\u00e9xico, Cd. de M\u00e9xico, 3 de septiembre, 2025.- Trabajadores disidentes del Sindicato Nacional Alimenticio y del Comercio, Similares y Conexos de la Rep\u00fablica Mexicana (SNAC), exigieron al Centro Federal de Conciliaci\u00f3n y Registro Laboral (CFCRL), encabezado por Alfredo Dom\u00ednguez Marrufo, investigar y quitar el reconocimiento a Alejandro Mart\u00ednez Araiza, como secretario general [&hellip;]<\/p>\n","protected":false},"author":3,"featured_media":75979,"comment_status":"open","ping_status":"open","sticky":false,"template":"","format":"standard","meta":{"_monsterinsights_skip_tracking":false,"footnotes":""},"categories":[750,35],"tags":[],"class_list":["post-98354","post","type-post","status-publish","format-standard","has-post-thumbnail","category-edgar-gonzalez-martinez","category-opinion"],"_links":{"self":[{"href":"https:\/\/redsemlac.com\/semmexico\/wp-json\/wp\/v2\/posts\/98354","targetHints":{"allow":["GET"]}}],"collection":[{"href":"https:\/\/redsemlac.com\/semmexico\/wp-json\/wp\/v2\/posts"}],"about":[{"href":"https:\/\/redsemlac.com\/semmexico\/wp-json\/wp\/v2\/types\/post"}],"author":[{"embeddable":true,"href":"https:\/\/redsemlac.com\/semmexico\/wp-json\/wp\/v2\/users\/3"}],"replies":[{"embeddable":true,"href":"https:\/\/redsemlac.com\/semmexico\/wp-json\/wp\/v2\/comments?post=98354"}],"version-history":[{"count":0,"href":"https:\/\/redsemlac.com\/semmexico\/wp-json\/wp\/v2\/posts\/98354\/revisions"}],"wp:featuredmedia":[{"embeddable":true,"href":"https:\/\/redsemlac.com\/semmexico\/wp-json\/wp\/v2\/media\/75979"}],"wp:attachment":[{"href":"https:\/\/redsemlac.com\/semmexico\/wp-json\/wp\/v2\/media?parent=98354"}],"wp:term":[{"taxonomy":"category","embeddable":true,"href":"https:\/\/redsemlac.com\/semmexico\/wp-json\/wp\/v2\/categories?post=98354"},{"taxonomy":"post_tag","embeddable":true,"href":"https:\/\/redsemlac.com\/semmexico\/wp-json\/wp\/v2\/tags?post=98354"}],"curies":[{"name":"wp","href":"https:\/\/api.w.org\/{rel}","templated":true}]}}