{"id":98334,"date":"2025-09-03T08:39:29","date_gmt":"2025-09-03T14:39:29","guid":{"rendered":"https:\/\/redsemlac.com\/semmexico\/?p=98334"},"modified":"2025-09-03T08:39:30","modified_gmt":"2025-09-03T14:39:30","slug":"scjn-nombra-al-organo-de-administracion-judicial-encargado-del-manejo-de-recursos-financieros-y-humanos-del-pjf-3-mujeres-y-2-hombres","status":"publish","type":"post","link":"https:\/\/redsemlac.com\/semmexico\/scjn-nombra-al-organo-de-administracion-judicial-encargado-del-manejo-de-recursos-financieros-y-humanos-del-pjf-3-mujeres-y-2-hombres\/","title":{"rendered":"SCJN nombra al \u00d3rgano de Administraci\u00f3n Judicial,\u00a0 encargado del manejo de\u00a0 recursos financieros y humanos del PJF: 3 mujeres y 2 hombres"},"content":{"rendered":"\n<p class=\"wp-block-paragraph\">Integrantes&nbsp; del \u00d3rgano de Administraci\u00f3n Judicial&nbsp;\/&nbsp;Cortes\u00eda, Poder Judicial de la Federaci\u00f3n<\/p>\n\n\n\n<p class=\"wp-block-paragraph\">La Suprema Corte de Justicia de la Naci\u00f3n instal\u00f3 el nuevo \u00d3rgano de Administraci\u00f3n Judicial, responsable de gestionar recursos humanos, financieros y log\u00edsticos en todo el Poder Judicial de la Federaci\u00f3n<\/p>\n\n\n\n<p class=\"wp-block-paragraph\">La mayor\u00eda de quienes&nbsp; las y los designados son integrantes&nbsp; de MORENA, presidir\u00e1 ex consejero acusado de abuso sexual<\/p>\n\n\n\n<p class=\"wp-block-paragraph\">Aldo Canedo y Libertad L\u00f3pez<\/p>\n\n\n\n<p class=\"wp-block-paragraph\">SemM\u00e9xico\/ El Sol de M\u00e9xico, Cd. de M\u00e9xico, 3 de septiembre, 2025.- El Pleno de la nueva Suprema Corte de Justicia de la Naci\u00f3n<strong>&nbsp;<\/strong>(SCJN<strong>)<\/strong>, en sesi\u00f3n privada, aprob\u00f3 por unanimidad a las y los integrantes del&nbsp;\u00d3rgano de Administraci\u00f3n Judicial, quienes se encargar\u00e1n de administrar los recursos humanos, financieros y log\u00edsticos de todo el&nbsp;Poder Judicial de la Federaci\u00f3n, incluidos juzgados y tribunales.<\/p>\n\n\n\n<p class=\"wp-block-paragraph\">Integrado por 3 mujeres y dos hombres, el&nbsp;OAJ&nbsp;ser\u00e1 presidido por&nbsp;N\u00e9stor Vargas Solano, y completado por&nbsp;Jos\u00e9 Alberto Gallegos Ram\u00edrez,&nbsp;Surit Berenice Romero Dom\u00ednguez,&nbsp;Lorena Josefina P\u00e9rez Romo&nbsp;y&nbsp;Catalina Ram\u00edrez Hern\u00e1ndez. El 60 por&nbsp; ciento cercanos o militantes del partido de Estado. Lo dirigir\u00e1 un acusado de violencia sexual.<\/p>\n\n\n\n<p class=\"wp-block-paragraph\">El&nbsp;OAJ&nbsp;ser\u00e1 uno de los dos organismos \u2014junto al&nbsp;Tribunal de Disciplina Judicial\u2014 que suplir\u00e1n al&nbsp;Consejo de la Judicatura Federal&nbsp;en labores de administraci\u00f3n y vigilancia del&nbsp;PJF.<\/p>\n\n\n\n<p class=\"wp-block-paragraph\">Seg\u00fan la reforma judicial, el&nbsp;<strong>OAJ<\/strong>&nbsp;tendr\u00e1 bajo su responsabilidad la administraci\u00f3n de recursos humanos, materiales y financieros de todos los juzgados, tribunales y la misma&nbsp;<strong>SCJN<\/strong>.<\/p>\n\n\n\n<p class=\"wp-block-paragraph\">Por ello, seg\u00fan marca la reforma judicial, este Organismo deber\u00e1 ser para dar tr\u00e1mite a todos los pendientes administrativos, log\u00edsticos y financieros del&nbsp;<strong>Poder Judicial de la Federaci\u00f3n<\/strong>.<\/p>\n\n\n\n<p class=\"wp-block-paragraph\">De acuerdo con lo establecido en la reforma, la designaci\u00f3n de las&nbsp; cinco personas&nbsp; integrantes fueron&nbsp; tres designados por la&nbsp;Corte (Poder Judicial), uno por&nbsp;Presidencia (Poder Ejecutivo)&nbsp;y otro por el&nbsp;Senado de la Rep\u00fablica (Poder Legislativo).<\/p>\n\n\n\n<p class=\"wp-block-paragraph\">Seg\u00fan la reforma judicial, el OAJ tendr\u00e1 bajo su responsabilidad la administraci\u00f3n de recursos humanos, materiales y financieros de todos los juzgados, tribunales y la misma SCJN<\/p>\n\n\n\n<p class=\"wp-block-paragraph\">La primera en revelar su nombramiento para este \u00f3rgano fue la presidenta&nbsp;Claudia Sheinbaum Pardo, quien dio a conocer que&nbsp;N\u00e9stor Vargas Solano&nbsp;ser\u00e1 el primer integrante del&nbsp;OAJ. Posteriormente, el&nbsp;Congreso de la Uni\u00f3n&nbsp;aval\u00f3 a&nbsp;Surit Berenice Romero Dom\u00ednguez. Vargas Solano tiene una denuncia de abuso sexual.<\/p>\n\n\n\n<p class=\"wp-block-paragraph\">Te puede interesar : <a href=\"https:\/\/redsemlac.com\/semmexico\/palabra-de-antigona-disonancia-cognitiva-en-la-presidencia\/\">https:\/\/redsemlac.com\/semmexico\/palabra-de-antigona-disonancia-cognitiva-en-la-presidencia\/<\/a><\/p>\n\n\n\n<p class=\"wp-block-paragraph\">La&nbsp;<strong>Corte<\/strong>&nbsp;aval\u00f3 a sus tres integrantes , que junto a los designados por los otros Poderes instalaron el&nbsp;<strong>OAJ<\/strong>&nbsp;esta misma madrugada, pasada la 1:10, en las instalaciones del ya extinto&nbsp;<strong>Consejo de la Judicatura Federal<\/strong>.<\/p>\n\n\n\n<p class=\"wp-block-paragraph\">\u201cTrabajaremos para que cada decisi\u00f3n administrativa fortalezca la funci\u00f3n jurisdiccional. La austeridad ser\u00e1 norma, no excepci\u00f3n. Cada peso ser\u00e1 auditado, cada plaza ser\u00e1 revisada, cada readscripci\u00f3n y adscripci\u00f3n ser\u00e1 transparente, porque no hay justicia sin honestidad\u201d, se\u00f1al\u00f3 el titular del&nbsp;<strong>OAJ<\/strong>.<\/p>\n\n\n\n<p class=\"wp-block-paragraph\">\u201cImpulsaremos una carrera judicial basada en el m\u00e9rito libre de favoritismos con procesos s\u00f3lidos de formaci\u00f3n, evaluaci\u00f3n y rendici\u00f3n de cuentas. Desde esta nueva etapa, el \u00f3rgano de administraci\u00f3n judicial nace con una misi\u00f3n clara, garantizar que la administraci\u00f3n de los \u00f3rganos jurisdiccionales permita que la justicia sea accesible, transparente, eficiente y profundamente humana\u201d, agreg\u00f3&nbsp;<strong>Vargas Solano<\/strong>&nbsp;en la instalaci\u00f3n oficial.<\/p>\n\n\n\n<p class=\"wp-block-paragraph\"><strong>\u00bfQui\u00e9nes son los integrantes del \u00d3rgano de Administraci\u00f3n Judicial?<\/strong><\/p>\n\n\n\n<p class=\"wp-block-paragraph\">N\u00e9stor Vargas Solano<\/p>\n\n\n\n<p class=\"wp-block-paragraph\"><strong>N\u00e9stor Vargas Solano<\/strong>&nbsp;es un abogado y pol\u00edtico mexicano con trayectoria en el \u00e1mbito jur\u00eddico y administrativo. Es licenciado en Derecho y en Ciencias Pol\u00edticas y Administraci\u00f3n P\u00fablica por la&nbsp;<strong>Universidad Nacional Aut\u00f3noma de M\u00e9xico (UNAM)<\/strong>.<\/p>\n\n\n\n<p class=\"wp-block-paragraph\">Ha ocupado cargos como Consejero Jur\u00eddico y de Servicios Legales de la&nbsp;<strong>Ciudad de M\u00e9xico<\/strong>&nbsp;(2019-2024), designado por la entonces jefa de gobierno,&nbsp;<strong>Claudia Sheinbaum<\/strong>, donde coordin\u00f3 iniciativas legislativas y optimiz\u00f3 tr\u00e1mites testamentarios y registrales. En 2024, fue titular de la&nbsp;<strong>Unidad de Asuntos Jur\u00eddicos<\/strong>&nbsp;y de la&nbsp;<strong>Unidad de Transparencia de la Secretar\u00eda de Gobernaci\u00f3n<\/strong>.<\/p>\n\n\n\n<p class=\"wp-block-paragraph\">Surit Berenice Romero Dom\u00ednguez<\/p>\n\n\n\n<p class=\"wp-block-paragraph\"><strong>Surit Berenice Romero Dom\u00ednguez<\/strong>&nbsp;es una abogada y pol\u00edtica mexicana, militante del partido&nbsp;<strong>Morena<\/strong>, con una trayectoria destacada en la administraci\u00f3n p\u00fablica. Es licenciada en Derecho por la&nbsp;<strong>Universidad de Cuautitl\u00e1n Izcalli<\/strong>&nbsp;y cuenta con una maestr\u00eda en Derecho Administrativo por la&nbsp;<strong>Universidad Panamericana<\/strong>.<\/p>\n\n\n\n<p class=\"wp-block-paragraph\">Fue subdirectora de Comunicaci\u00f3n Delegacional y directora de An\u00e1lisis y Prospectiva Delegacional en la&nbsp;<strong>Secretar\u00eda del Trabajo y Previsi\u00f3n Social<\/strong>&nbsp;entre 2016 y 2018. A partir de diciembre de 2018, ocup\u00f3 el cargo de subprocuradora de Servicios de la&nbsp;<strong>Procuradur\u00eda Federal del Consumidor (Profeco)<\/strong>, y de marzo a diciembre de 2021 fue la encargada de despacho de la Profeco tras la renuncia de&nbsp;<strong>Ricardo Sheffield<\/strong>.<\/p>\n\n\n\n<p class=\"wp-block-paragraph\">Desde el 12 de febrero de 2024, se desempe\u00f1\u00f3 como magistrada de la&nbsp;<strong>Sala Regional Metropolitana del Tribunal Federal de Justicia Administrativa<\/strong>.<\/p>\n\n\n\n<p class=\"wp-block-paragraph\">Jos\u00e9 Alberto Gallegos Ram\u00edrez<\/p>\n\n\n\n<p class=\"wp-block-paragraph\"><strong>Jos\u00e9 Alberto Gallegos Ram\u00edrez<\/strong>&nbsp;es un servidor p\u00fablico mexicano de origen zapoteco del&nbsp;<strong>Istmo de Tehuantepec, Oaxaca<\/strong>. Es licenciado en Administraci\u00f3n de Empresas, con una especialidad en Evaluaci\u00f3n Integral de Pol\u00edticas P\u00fablicas y una maestr\u00eda en Ciencias de la Educaci\u00f3n por el&nbsp;<strong>Instituto Nacional de Salud P\u00fablica<\/strong>.<\/p>\n\n\n\n<p class=\"wp-block-paragraph\">Ha sido titular de la Unidad de Administraci\u00f3n y Finanzas del&nbsp;<strong>Instituto para Devolver al Pueblo lo Robado (INDEP)<\/strong>&nbsp;y presidente del Comit\u00e9 de \u00c9tica de esta instituci\u00f3n. Tambi\u00e9n se desempe\u00f1\u00f3 como coordinador general de Administraci\u00f3n y Finanzas del&nbsp;<strong>Instituto Nacional de los Pueblos Ind\u00edgenas (INPI)<\/strong>.<\/p>\n\n\n\n<p class=\"wp-block-paragraph\">Lorena Josefina P\u00e9rez Romo<\/p>\n\n\n\n<p class=\"wp-block-paragraph\"><strong>Lorena Josefina P\u00e9rez Romo<\/strong>&nbsp;es una abogada y magistrada mexicana con una trayectoria de m\u00e1s de 26 a\u00f1os en el&nbsp;<strong>Poder Judicial de la Federaci\u00f3n<\/strong>, especializada en derecho penal, amparo y perspectiva de g\u00e9nero en la impartici\u00f3n de justicia.<\/p>\n\n\n\n<p class=\"wp-block-paragraph\">En el&nbsp;<strong>Poder Judicial de la Federaci\u00f3n<\/strong>, comenz\u00f3 como oficial judicial en un juzgado de distrito en&nbsp;<strong>Tamaulipas<\/strong>, ascendiendo a secretaria proyectista en juzgados y tribunales colegiados, donde elabor\u00f3 m\u00e1s de mil sentencias.<\/p>\n\n\n\n<p class=\"wp-block-paragraph\">Posteriormente, fue jueza federal de distrito en&nbsp;<strong>Colima<\/strong>&nbsp;(2016-2020), especializada en el Sistema de Justicia Penal Acusatorio, y desde febrero de 2020 es magistrada de circuito en el&nbsp;<strong>Quinto Tribunal Colegiado en Materia Penal del Primer Circuito<\/strong>&nbsp;en la&nbsp;<strong>Ciudad de M\u00e9xico<\/strong>.<\/p>\n\n\n\n<p class=\"wp-block-paragraph\">Tambi\u00e9n ha sido catedr\u00e1tica en diversas universidades y forma parte del&nbsp;<strong>Instituto de la Judicatura Federal<\/strong>, impartiendo cursos sobre el sistema penal acusatorio, derecho internacional y profesionalizaci\u00f3n de asesores jur\u00eddicos de v\u00edctimas.<\/p>\n\n\n\n<p class=\"wp-block-paragraph\">En 2025, fue candidata a ministra de la&nbsp;<strong>Suprema Corte de Justicia de la Naci\u00f3n (SCJN)<\/strong>&nbsp;en las elecciones judiciales del 1 de junio, identificada con el n\u00famero 24 en la boleta morada.<\/p>\n\n\n\n<p class=\"wp-block-paragraph\">Catalina Ram\u00edrez Hern\u00e1ndez<\/p>\n\n\n\n<p class=\"wp-block-paragraph\"><strong>Catalina Ram\u00edrez Hern\u00e1ndez<\/strong>, consejera nacional de pueblos ind\u00edgenas de la zona norte del estado y docente en la Escuela Superior de Huejutla (ESH), perteneciente a la Universidad Aut\u00f3noma del Estado de Hidalgo (UAEH), particip\u00f3 en la 18\u00b0 Reuni\u00f3n de Expertos sobre Derechos de los Pueblos Ind\u00edgenas, impulsada por la Organizaci\u00f3n de las Naciones Unidas (ONU), con sede en Ginebra, Suiza.<\/p>\n\n\n\n<p class=\"wp-block-paragraph\">Ha estudiado y es ponente&nbsp; en materia legislativa en torno a los derechos de los pueblos originarios, el an\u00e1lisis de la asignaci\u00f3n directa del presupuesto p\u00fablico para atender sus necesidades o la participaci\u00f3n de la mujer ind\u00edgena en todos los \u00e1mbitos. Fue consejera nacional de pueblos ind\u00edgenas en la zona norte de&nbsp;<strong>Hidalgo<\/strong>.<\/p>\n\n\n\n<p class=\"wp-block-paragraph\"><strong>Los integrantes morenistas<\/strong><\/p>\n\n\n\n<p class=\"wp-block-paragraph\">Uno de los integrantes es<strong>&nbsp;Jos\u00e9 Alberto Gallegos Ram\u00edrez,&nbsp;<\/strong>quien ocup\u00f3 diversos cargos en los gobiernos federales de Morena y fue colaborador del actual presidente de la Suprema Corte de Justicia de la Naci\u00f3n (SCJN), Hugo Aguilar.<\/p>\n\n\n\n<p class=\"wp-block-paragraph\">En el sexenio de Andr\u00e9s Manuel L\u00f3pez Obrador, Gallegos fue coordinador General de Administraci\u00f3n y Finanzas del Instituto Nacional de Pueblos Ind\u00edgenas (INPI); despu\u00e9s fue titular de la Unidad de Administraci\u00f3n y Finanzas en el Instituto para Devolver al Pueblo lo Robado.<\/p>\n\n\n\n<p class=\"wp-block-paragraph\">En la presidencia de Claudia Sheinbaum se desempe\u00f1\u00f3 como director de Administraci\u00f3n y Finanzas en el Fondo Nacional de Fomento al Turismo.<\/p>\n\n\n\n<p class=\"wp-block-paragraph\"><strong>Catalina Ram\u00edrez Hern\u00e1ndez<\/strong>&nbsp;fue consejera nacional de Pueblos Ind\u00edgenas en Hidalgo y docente en la Escuela Superior de Huejutla, la cual pertenece a la Universidad Aut\u00f3noma del Estado de Hidalgo.<\/p>\n\n\n\n<p class=\"wp-block-paragraph\">Adem\u00e1s, fue candidata de Morena a la presidencia de Huejutla y diputada suplente de la morenista, Doralicia Mart\u00ednez. Es maestra en Derecho por la Universidad Aut\u00f3noma de Tamaulipas.<\/p>\n\n\n\n<p class=\"wp-block-paragraph\">Catalina Ram\u00edrez Hern\u00e1ndez afirm\u00f3 que su nueva encomienda exige trabajar con un profundo respeto a la diversidad de los pueblos y comunidades ind\u00edgenas.&nbsp;(Canal Doce Huejutla\/Facebook)<\/p>\n\n\n\n<p class=\"wp-block-paragraph\">La tercera integrante que nombr\u00f3 la SCJN es&nbsp;<strong>Lorena Josefina P\u00e9rez Romo,<\/strong>&nbsp;quien es magistrada de circuito, pero fue candidata a ministra en las lecciones del 1 de junio y no gan\u00f3.<\/p>\n\n\n\n<p class=\"wp-block-paragraph\">Tambi\u00e9n particip\u00f3 como jurado en diversos concursos durante la administraci\u00f3n de Arturo Zald\u00edvar en la Corte y ha manifestado su cercan\u00eda con el ministro en retiro.<\/p>\n\n\n\n<p class=\"wp-block-paragraph\">Lorena Josefina P\u00e9rez Romo sostuvo que M\u00e9xico tiene la oportunidad hist\u00f3rica de consolidar el Poder Judicial y hacerlo m\u00e1s humanista y cercano al pueblo.&nbsp;(Lorena Romo\/Facebook)<\/p>\n\n\n\n<p class=\"wp-block-paragraph\">El Senado nombr\u00f3 a&nbsp;<strong>Surit Berenice Romero<\/strong>. Ella fue subprocuradora de Servicios de la Procuradur\u00eda Federal del Consumidor (Profeco) y titular de este \u00f3rgano entre 2018 y 2021, durante el sexenio de Andr\u00e9s Manuel L\u00f3pez Obrador.<\/p>\n\n\n\n<p class=\"wp-block-paragraph\">Asimismo, en 2023 fue propuesta por el exmandatario para ser magistrada del Tribunal Federal de Justicia Administrativa.<\/p>\n\n\n\n<p class=\"wp-block-paragraph\">Surit Berenice Romero tiene la encomienda de administrar y gestionar adecuadamente los recursos, el personal y el funcionamiento del Poder Judicial de la Federaci\u00f3n.<\/p>\n\n\n\n<p class=\"wp-block-paragraph\">La presidenta Claudia Sheinbaum nombr\u00f3 a&nbsp;<strong>N\u00e9stor Vargas<\/strong>&nbsp;<strong>Solano<\/strong>, quien es cercano a la mandataria federal.<\/p>\n\n\n\n<p class=\"wp-block-paragraph\">De 2015 a 2016 fue su asesor cuando Sheinbaum se desempe\u00f1\u00f3 como delegada en Tlalpan.<\/p>\n\n\n\n<p class=\"wp-block-paragraph\">En 2018 fue su coordinador de asesores y despu\u00e9s su consejero jur\u00eddico cuando ella fue jefa de Gobierno en la Ciudad de M\u00e9xico. Su \u00faltimo puesto fue como titular de la Unidad de Asuntos Jur\u00eddicos en la Secretar\u00eda de Gobernaci\u00f3n.<\/p>\n\n\n\n<p class=\"wp-block-paragraph\">Vargas Solano \u2013quien estudi\u00f3 Derecho- fue denunciado por acoso y abuso sexual por la abogada Tania Castillo.<\/p>\n\n\n\n<p class=\"wp-block-paragraph\">El \u00d3rgano de Administraci\u00f3n Judicial (OAJ) fue instalado las primeras horas de este 2 de septiembre como la instancia responsable de garantizar la operaci\u00f3n eficiente y transparente de los recursos de los \u00f3rganos del Poder Judicial de la Federaci\u00f3n (PJF).<\/p>\n\n\n\n<p class=\"wp-block-paragraph\">Durante la sesi\u00f3n de instalaci\u00f3n, en la Suprema Corte, sus integrantes se comprometieron a realizar su labor de forma transparente y eficiente.<\/p>\n\n\n\n<p class=\"wp-block-paragraph\">Cercanos a Morena o que pertenecen al partido no solo tendr\u00e1n el control del \u00d3rgano de Administraci\u00f3n Judicial, tambi\u00e9n el Tribunal de Disciplina Judicial, de la Suprema Corte de Justicia de la Naci\u00f3n y hasta del Tribunal Electoral del Poder Judicial de la Federaci\u00f3n.<\/p>\n","protected":false},"excerpt":{"rendered":"<p>Integrantes&nbsp; del \u00d3rgano de Administraci\u00f3n Judicial&nbsp;\/&nbsp;Cortes\u00eda, Poder Judicial de la Federaci\u00f3n La Suprema Corte de Justicia de la Naci\u00f3n instal\u00f3 el nuevo \u00d3rgano de Administraci\u00f3n Judicial, responsable de gestionar recursos humanos, financieros y log\u00edsticos en todo el Poder Judicial de la Federaci\u00f3n La mayor\u00eda de quienes&nbsp; las y los designados son integrantes&nbsp; de MORENA, presidir\u00e1 [&hellip;]<\/p>\n","protected":false},"author":3,"featured_media":98336,"comment_status":"open","ping_status":"open","sticky":false,"template":"","format":"standard","meta":{"_monsterinsights_skip_tracking":false,"footnotes":""},"categories":[903],"tags":[],"class_list":["post-98334","post","type-post","status-publish","format-standard","has-post-thumbnail","category-presidenta-y-mas"],"_links":{"self":[{"href":"https:\/\/redsemlac.com\/semmexico\/wp-json\/wp\/v2\/posts\/98334","targetHints":{"allow":["GET"]}}],"collection":[{"href":"https:\/\/redsemlac.com\/semmexico\/wp-json\/wp\/v2\/posts"}],"about":[{"href":"https:\/\/redsemlac.com\/semmexico\/wp-json\/wp\/v2\/types\/post"}],"author":[{"embeddable":true,"href":"https:\/\/redsemlac.com\/semmexico\/wp-json\/wp\/v2\/users\/3"}],"replies":[{"embeddable":true,"href":"https:\/\/redsemlac.com\/semmexico\/wp-json\/wp\/v2\/comments?post=98334"}],"version-history":[{"count":0,"href":"https:\/\/redsemlac.com\/semmexico\/wp-json\/wp\/v2\/posts\/98334\/revisions"}],"wp:featuredmedia":[{"embeddable":true,"href":"https:\/\/redsemlac.com\/semmexico\/wp-json\/wp\/v2\/media\/98336"}],"wp:attachment":[{"href":"https:\/\/redsemlac.com\/semmexico\/wp-json\/wp\/v2\/media?parent=98334"}],"wp:term":[{"taxonomy":"category","embeddable":true,"href":"https:\/\/redsemlac.com\/semmexico\/wp-json\/wp\/v2\/categories?post=98334"},{"taxonomy":"post_tag","embeddable":true,"href":"https:\/\/redsemlac.com\/semmexico\/wp-json\/wp\/v2\/tags?post=98334"}],"curies":[{"name":"wp","href":"https:\/\/api.w.org\/{rel}","templated":true}]}}