{"id":9832,"date":"2019-07-17T22:14:51","date_gmt":"2019-07-17T22:14:51","guid":{"rendered":"https:\/\/redsemlac.com\/semmexico\/?p=9832"},"modified":"2023-07-21T14:50:40","modified_gmt":"2023-07-21T19:50:40","slug":"legislacion-de-oaxaca-sobre-ile-en-la-obsolescencia","status":"publish","type":"post","link":"https:\/\/redsemlac.com\/semmexico\/legislacion-de-oaxaca-sobre-ile-en-la-obsolescencia\/","title":{"rendered":"Legislaci\u00f3n de Oaxaca sobre ILE en la obsolescencia"},"content":{"rendered":"\n<p class=\"wp-block-paragraph\"><strong>* Diputada Brise\u00f1o Zuloaga llama a revisar el marco normativo<\/strong><\/p>\n\n\n\n<p class=\"wp-block-paragraph\"><strong>* Realizan Foro sobre Derechos Sexuales y Reproductivos<\/strong><\/p>\n\n\n\n<p class=\"wp-block-paragraph\">Redacci\u00f3n<\/p>\n\n\n\n<p class=\"wp-block-paragraph\">SemM\u00e9xico,\nOaxaca, 17 julio 2019.- Wendy Brice\u00f1o Zuloaga, presidenta de la Comisi\u00f3n de\nIgualdad de G\u00e9nero del Congreso de la Uni\u00f3n, lament\u00f3 que en Oaxaca la\nlegislaci\u00f3n en materia de interrupci\u00f3n del embarazo est\u00e9 en obsolescencia.<\/p>\n\n\n\n<p class=\"wp-block-paragraph\">Durante el Foro \u00abDerechos Sexuales y Reproductivos de las Mujeres de Oaxaca\u00bb, llam\u00f3 a revisar las condiciones en que se encuentra el marco normativo en Oaxaca desde la perspectiva de la salud p\u00fablica, el respeto a los derechos humanos y justicia reproductiva y social. <\/p>\n\n\n\n<p class=\"wp-block-paragraph\">Convocado\npor la LXIV Legislatura del Congreso de Oaxaca, la presidenta de la Junta de\nCoordinaci\u00f3n Pol\u00edtica, Laura Estrada Mauro precis\u00f3 que el tema de los derechos\nreproductivos es una demanda de justicia social que es imperativo atender.<\/p>\n\n\n\n<p class=\"wp-block-paragraph\">Al\nrespecto, la presidenta de la Comisi\u00f3n de Igualdad de G\u00e9nero y organizadora del\nevento, la Diputada Roc\u00edo Machuca Rojas, precis\u00f3 que es fundamental garantizar\nla autonom\u00eda y libertad de decisi\u00f3n de las mujeres sobre su cuerpo, as\u00ed como su\nacceso a servicios de salud en el Estado para ejercer estos derechos.<\/p>\n\n\n\n<p class=\"wp-block-paragraph\">En\nsu intervenci\u00f3n la legisladora Hilda P\u00e9rez Luis, reconoci\u00f3 la responsabilidad\ndel legislativo en atraer la voz de todas las personas a las que representa\ncada uno de las y los integrantes de esta legislatura.<\/p>\n\n\n\n<p class=\"wp-block-paragraph\">A\ntrav\u00e9s de este foro, investigadoras, organizaciones de la sociedad civil, activistas\ny ciudadan\u00eda, mediante un ejercicio democr\u00e1tico con la m\u00e1xima pluralidad\nposible, coincidieron en la necesidad de exigir que se garantice a la brevedad\nposible el respeto a los derechos reproductivos y sexuales de las ciudadanas de\nOaxaca.<\/p>\n\n\n\n<p class=\"wp-block-paragraph\">Con\nla exposici\u00f3n de temas de inter\u00e9s como: \u201cImpedimentos en el acceso al ejercicio\nde tus derechos reproductivos en Oaxaca\u201d, \u201cVisi\u00f3n social de la interrupci\u00f3n del\nembarazo\u201d o \u201cLaicidad en el acceso al ejercicio de los derechos reproductivos\nde las mujeres en Oaxaca\u201d, se explicaron estad\u00edstica y jur\u00eddicamente el\nescenario que vive la entidad en la materia.<\/p>\n\n\n\n<p class=\"wp-block-paragraph\">Adem\u00e1s\nde legisladoras y legisladores locales de los diversos Grupos Parlamentarios,\nestuvieron presentes: Mar\u00eda Antonia Cruz Montero, del Grupo de Estudios sobre\nla Mujer Rosario Castellanos A.C.; Marta Ju\u00e1rez P\u00e9rez, Directora del Centro de\nEstudio Legislativos para la Igualdad de G\u00e9nero de la Ciudad de M\u00e9xico, la\nDoctora Beatriz Areli Cruz Cruz de la Facultad de Medicina y Cirug\u00eda de la\nUABJO y Niz Yamille G\u00f3mez Hern\u00e1ndez, Directora de Equidad y G\u00e9nero tambi\u00e9n de\nla m\u00e1xima casa de estudios estatal.<\/p>\n\n\n\n<p class=\"wp-block-paragraph\">Tambi\u00e9n\nestuvieron Francisco Cu\u00e9 Mart\u00ednez, del Grupo de Informaci\u00f3n en Reproducci\u00f3n\nElegida (GIRE) y Fray Juli\u00e1n Cruzalta, de Cat\u00f3licas por el Derecho a Decidir.<\/p>\n\n\n\n<p class=\"wp-block-paragraph\">SEM\/sj<\/p>\n","protected":false},"excerpt":{"rendered":"<p>Realizan Foro sobre Derechos Sexuales y Reproductivos<\/p>\n","protected":false},"author":3,"featured_media":9833,"comment_status":"open","ping_status":"open","sticky":false,"template":"","format":"standard","meta":{"_monsterinsights_skip_tracking":false,"footnotes":""},"categories":[690,50],"tags":[],"class_list":["post-9832","post","type-post","status-publish","format-standard","has-post-thumbnail","category-690","category-congreso"],"_links":{"self":[{"href":"https:\/\/redsemlac.com\/semmexico\/wp-json\/wp\/v2\/posts\/9832","targetHints":{"allow":["GET"]}}],"collection":[{"href":"https:\/\/redsemlac.com\/semmexico\/wp-json\/wp\/v2\/posts"}],"about":[{"href":"https:\/\/redsemlac.com\/semmexico\/wp-json\/wp\/v2\/types\/post"}],"author":[{"embeddable":true,"href":"https:\/\/redsemlac.com\/semmexico\/wp-json\/wp\/v2\/users\/3"}],"replies":[{"embeddable":true,"href":"https:\/\/redsemlac.com\/semmexico\/wp-json\/wp\/v2\/comments?post=9832"}],"version-history":[{"count":0,"href":"https:\/\/redsemlac.com\/semmexico\/wp-json\/wp\/v2\/posts\/9832\/revisions"}],"wp:featuredmedia":[{"embeddable":true,"href":"https:\/\/redsemlac.com\/semmexico\/wp-json\/wp\/v2\/media\/9833"}],"wp:attachment":[{"href":"https:\/\/redsemlac.com\/semmexico\/wp-json\/wp\/v2\/media?parent=9832"}],"wp:term":[{"taxonomy":"category","embeddable":true,"href":"https:\/\/redsemlac.com\/semmexico\/wp-json\/wp\/v2\/categories?post=9832"},{"taxonomy":"post_tag","embeddable":true,"href":"https:\/\/redsemlac.com\/semmexico\/wp-json\/wp\/v2\/tags?post=9832"}],"curies":[{"name":"wp","href":"https:\/\/api.w.org\/{rel}","templated":true}]}}