{"id":98309,"date":"2025-09-01T20:08:30","date_gmt":"2025-09-02T02:08:30","guid":{"rendered":"https:\/\/redsemlac.com\/semmexico\/?p=98309"},"modified":"2025-09-01T20:09:06","modified_gmt":"2025-09-02T02:09:06","slug":"derechos-humanos-no-dependen-de-la-voluntad-politica-del-momento-amnistia-internacional","status":"publish","type":"post","link":"https:\/\/redsemlac.com\/semmexico\/derechos-humanos-no-dependen-de-la-voluntad-politica-del-momento-amnistia-internacional\/","title":{"rendered":"Derechos humanos no dependen de la voluntad pol\u00edtica del momento, Amnist\u00eda Internacional"},"content":{"rendered":"\n<ul class=\"wp-block-list\">\n<li>Acuerdan con gobierno de Guanajuato b\u00fasqueda e identificaci\u00f3n de personas desaparecidas<\/li>\n\n\n\n<li>En Guanajuato m\u00e1s de 5 mil personas desaparecidas\u00a0<\/li>\n<\/ul>\n\n\n\n<p class=\"wp-block-paragraph\">Elda Montiel<\/p>\n\n\n\n<p class=\"wp-block-paragraph\">SemM\u00e9xico, Ciudad de M\u00e9xico,1 de septiembre, 2025.- Los derechos de las v\u00edctimas no pueden depender de la voluntad pol\u00edtica del momento, se debe garantizar las necesidades de los familiares en la b\u00fasqueda e identificaci\u00f3n de las personas desaparecidas exigi\u00f3 Amnist\u00eda Internacional (AI) y la colectiva \u201cHasta Encontrarte\u201d en el acuerdo con la Fiscal\u00eda y el gobierno de Guanajuato<strong>.<\/strong><\/p>\n\n\n\n<p class=\"wp-block-paragraph\">En el marco de una gira de Amnist\u00eda Internacional y la colectiva \u201cHasta Encontrarte\u201d en el estado de Guanajuato, se firm\u00f3 un acuerdo con la Secretar\u00eda de Gobierno y la Fiscal\u00eda estatal para garantizar la institucionalizaci\u00f3n de la b\u00fasqueda e identificaci\u00f3n de personas desaparecidas en la entidad, estimada en cinco mil 123, la protecci\u00f3n de las buscadoras y su acceso al derecho a la salud y medidas para evitar su empobrecimiento.<\/p>\n\n\n\n<p class=\"wp-block-paragraph\">El acuerdo con la Fiscal\u00eda es para realizar una toma masiva de muestras de ADN para avanzar en la identificaci\u00f3n de personas desaparecidas.<\/p>\n\n\n\n<p class=\"wp-block-paragraph\">A partir de este mes de septiembre el gobierno de Guanajuato iniciar\u00e1 un Programa Transversal de Atenci\u00f3n a V\u00edctimas de Desaparici\u00f3n, que asignar\u00e1 competencias a todas las instituciones del estado para garantizar el acceso de las familias a servicios de salud f\u00edsica y mental, asesor\u00eda jur\u00eddica y protecci\u00f3n.<\/p>\n\n\n\n<p class=\"wp-block-paragraph\">Se instalar\u00e1 una Mesa de Trabajo Interinstitucional que desarrollar\u00e1 acciones para prevenir la revictimizaci\u00f3n, incluyendo medidas para atender el consumo de sustancias desde un enfoque preventivo, no punitivo, no estigmatizante y no prohibicionista.<\/p>\n\n\n\n<p class=\"wp-block-paragraph\">Los trabajos de la mesa ser\u00e1n coordinados por la Comisi\u00f3n Estatal de Atenci\u00f3n Integral a V\u00edctimas de Guanajuato (CEAIV) con la participaci\u00f3n de la Subsecretar\u00eda de Prevenci\u00f3n de Seguridad y Paz y la Secretar\u00eda de Salud, as\u00ed como de la colectiva #HastaEncontrarte y Amnist\u00eda Internacional, secci\u00f3n mexicana.<\/p>\n\n\n\n<p class=\"wp-block-paragraph\">Edith Olivares, directora ejecutiva de Amnist\u00eda Internacional, secci\u00f3n mexicana reconoci\u00f3 la importancia de los acuerdos y exigi\u00f3 acciones inmediatas, sostenibles y con resultados concretos, porque las v\u00edctimas y sus familias no deben seguir enfrentando la indiferencia institucional ni la revictimizaci\u00f3n.<\/p>\n\n\n\n<p class=\"wp-block-paragraph\">Edith Olivares Ferreto present\u00f3 a las autoridades el informe <a href=\"https:\/\/amnistia.org.mx\/contenido\/index.php\/strongmexico-la-busqueda-de-personas-desaparecidas-es-labor-de-alto-riesgo-para-las-mujeres-buscadoras-strong\/\">Desaparecer otra vez<\/a>, que documenta las violencias y afectaciones a las que se ven sometidas las mujeres que buscan a sus familiares desaparecidos, mientras las representantes de la colectiva <em>#HastaEncontrarte<\/em>, cuyo caso est\u00e1 documentado en el informe, expusieron sus demandas a las autoridades.<\/p>\n\n\n\n<p class=\"wp-block-paragraph\">En Guanajuato, la delegaci\u00f3n de Amnist\u00eda Internacional y de la colectiva #HastaEncontrarte se reunieron con la Fiscal Especializada en Derechos Humanos Zuc\u00e9 Anastacia Hern\u00e1ndez Mart\u00ednez, la que inform\u00f3 que a finales de septiembre de 2025 realizar\u00e1 una toma masiva de muestras de ADN para avanzar en la identificaci\u00f3n de personas desaparecidas.<\/p>\n\n\n\n<p class=\"wp-block-paragraph\">En las Universidades de Guanajuato e Iberoamericana en Le\u00f3n activistas y mujeres buscadoras pintaron el Mural \u201cBuscar para Vivir, Vivir para Buscar\u201d, y en el parque recreativo Benito Ju\u00e1rez de Irapuato. El mural fue dise\u00f1ado por la muralista Ale Poir\u00e9.&nbsp;<\/p>\n\n\n\n<p class=\"wp-block-paragraph\">Adem\u00e1s, activistas de Amnist\u00eda Internacional y mujeres buscadoras pintaron el Mural \u201cBuscar para Vivir, Vivir para Buscar\u201d, en el parque recreativo Benito Ju\u00e1rez de Irapuato.&nbsp; El mural fue dise\u00f1ado por la muralista Ale Poir\u00e9.&nbsp;<\/p>\n\n\n\n<p class=\"wp-block-paragraph\">El 30 de agosto se acompa\u00f1\u00f3 la jornada \u201cLa memoria tiene rostro\u201d, en la Plaza Principal de Irapuato.<\/p>\n\n\n\n<p class=\"wp-block-paragraph\">La reuni\u00f3n con personas funcionarias de la Secretar\u00eda de Gobierno de Guanajuato cont\u00f3 con la presencia de <a>Jorge Daniel Jim\u00e9nez Lona<\/a>, secretario de Gobierno; Sergio Jaime Roch\u00edn del Rinc\u00f3n, Comisionado Estatal de Atenci\u00f3n Integral a V\u00edctimas y H\u00e9ctor D\u00edaz Ezquerra, Comisionado Estatal de B\u00fasqueda de Personas, entre otras personas funcionarias.<\/p>\n\n\n\n<p class=\"wp-block-paragraph\">En el encuentro con la Fiscal\u00eda General de Justicia del Estado de Guanajuato, estuvieron presentes: Zuc\u00e9 Anastacia Hern\u00e1ndez Mart\u00ednez, Fiscal Especializada en Derechos Humanos; Luc\u00eda Berenice Acosta, Fiscal Especializada en Investigaci\u00f3n de Delitos de Desaparici\u00f3n Forzada y cometida por Particulares; y Jorge Luis Mendoza, director de Apoyo y Gesti\u00f3n de la Fiscal\u00eda Especializada en Derechos Humanos.<\/p>\n\n\n\n<p class=\"wp-block-paragraph\"><strong>Amnist\u00eda Internacional&nbsp;<\/strong><\/p>\n\n\n\n<p class=\"wp-block-paragraph\">En su informe \u201c <a href=\"https:\/\/amnistia.org.mx\/contenido\/?p=38654\">Desaparecer otra vez: violencias y afectaciones que enfrentan las mujeres buscadoras en M\u00e9xico<\/a>\u201d Amnist\u00eda Internacional expone a trav\u00e9s de 600 experiencias de mujeres que esta es una actividad de alto riesgo en M\u00e9xico que puede poner en peligro la vida. De 2011 a la fecha, al menos 30 familiares de personas desaparecidas (16 mujeres) han sido asesinadas.<\/p>\n\n\n\n<p class=\"wp-block-paragraph\">Frente a la crisis de desaparici\u00f3n, las mujeres han liderado y protagonizado mayoritariamente la b\u00fasqueda de sus seres queridos y la exigencia por la verdad, la justicia y la reparaci\u00f3n. Se han organizado en m\u00e1s de 234 colectivas a lo largo del pa\u00eds y han exigido a las autoridades que se garanticen sus derechos, logrando la creaci\u00f3n de leyes, pol\u00edticas p\u00fablicas e instituciones especializadas.<\/p>\n\n\n\n<p class=\"wp-block-paragraph\">Para Amnist\u00eda Internacional las labores de b\u00fasqueda son un ejercicio de garant\u00eda y protecci\u00f3n de los derechos humanos de las personas desaparecidas, lo que convierte a las mujeres buscadoras en personas defensoras de derechos humanos, y a su labor en el ejercicio del derecho a defender derechos humanos.<\/p>\n\n\n\n<p class=\"wp-block-paragraph\">SEM\/em\/sj<\/p>\n\n\n\n<figure class=\"wp-block-image size-large\"><a href=\"https:\/\/redsemlac.com\/semmexico\/wp-content\/uploads\/2025\/09\/anmistia-internacional-2.png\"><img loading=\"lazy\" decoding=\"async\" width=\"1024\" height=\"768\" src=\"https:\/\/redsemlac.com\/semmexico\/wp-content\/uploads\/2025\/09\/anmistia-internacional-2-1024x768.png\" alt=\"\" class=\"wp-image-98311\" srcset=\"https:\/\/redsemlac.com\/semmexico\/wp-content\/uploads\/2025\/09\/anmistia-internacional-2-1024x768.png 1024w, https:\/\/redsemlac.com\/semmexico\/wp-content\/uploads\/2025\/09\/anmistia-internacional-2-300x225.png 300w, https:\/\/redsemlac.com\/semmexico\/wp-content\/uploads\/2025\/09\/anmistia-internacional-2-768x576.png 768w, https:\/\/redsemlac.com\/semmexico\/wp-content\/uploads\/2025\/09\/anmistia-internacional-2-1536x1153.png 1536w, https:\/\/redsemlac.com\/semmexico\/wp-content\/uploads\/2025\/09\/anmistia-internacional-2-150x113.png 150w, https:\/\/redsemlac.com\/semmexico\/wp-content\/uploads\/2025\/09\/anmistia-internacional-2-696x522.png 696w, https:\/\/redsemlac.com\/semmexico\/wp-content\/uploads\/2025\/09\/anmistia-internacional-2-1068x802.png 1068w, https:\/\/redsemlac.com\/semmexico\/wp-content\/uploads\/2025\/09\/anmistia-internacional-2.png 1599w\" sizes=\"auto, (max-width: 1024px) 100vw, 1024px\" \/><\/a><\/figure>\n","protected":false},"excerpt":{"rendered":"<p>Elda Montiel SemM\u00e9xico, Ciudad de M\u00e9xico,1 de septiembre, 2025.- Los derechos de las v\u00edctimas no pueden depender de la voluntad pol\u00edtica del momento, se debe garantizar las necesidades de los familiares en la b\u00fasqueda e identificaci\u00f3n de las personas desaparecidas exigi\u00f3 Amnist\u00eda Internacional (AI) y la colectiva \u201cHasta Encontrarte\u201d en el acuerdo con la Fiscal\u00eda [&hellip;]<\/p>\n","protected":false},"author":3,"featured_media":98310,"comment_status":"open","ping_status":"open","sticky":false,"template":"","format":"standard","meta":{"_monsterinsights_skip_tracking":false,"footnotes":""},"categories":[48],"tags":[],"class_list":["post-98309","post","type-post","status-publish","format-standard","has-post-thumbnail","category-no-mas-impunidad-no-mas-impunidad"],"_links":{"self":[{"href":"https:\/\/redsemlac.com\/semmexico\/wp-json\/wp\/v2\/posts\/98309","targetHints":{"allow":["GET"]}}],"collection":[{"href":"https:\/\/redsemlac.com\/semmexico\/wp-json\/wp\/v2\/posts"}],"about":[{"href":"https:\/\/redsemlac.com\/semmexico\/wp-json\/wp\/v2\/types\/post"}],"author":[{"embeddable":true,"href":"https:\/\/redsemlac.com\/semmexico\/wp-json\/wp\/v2\/users\/3"}],"replies":[{"embeddable":true,"href":"https:\/\/redsemlac.com\/semmexico\/wp-json\/wp\/v2\/comments?post=98309"}],"version-history":[{"count":0,"href":"https:\/\/redsemlac.com\/semmexico\/wp-json\/wp\/v2\/posts\/98309\/revisions"}],"wp:featuredmedia":[{"embeddable":true,"href":"https:\/\/redsemlac.com\/semmexico\/wp-json\/wp\/v2\/media\/98310"}],"wp:attachment":[{"href":"https:\/\/redsemlac.com\/semmexico\/wp-json\/wp\/v2\/media?parent=98309"}],"wp:term":[{"taxonomy":"category","embeddable":true,"href":"https:\/\/redsemlac.com\/semmexico\/wp-json\/wp\/v2\/categories?post=98309"},{"taxonomy":"post_tag","embeddable":true,"href":"https:\/\/redsemlac.com\/semmexico\/wp-json\/wp\/v2\/tags?post=98309"}],"curies":[{"name":"wp","href":"https:\/\/api.w.org\/{rel}","templated":true}]}}