{"id":98300,"date":"2025-09-01T20:06:35","date_gmt":"2025-09-02T02:06:35","guid":{"rendered":"https:\/\/redsemlac.com\/semmexico\/?p=98300"},"modified":"2025-09-01T20:06:35","modified_gmt":"2025-09-02T02:06:35","slug":"en-el-palacio-de-bellas-artes-historica-celebracion-musical-de-ninas-y-mujeres-indigenas","status":"publish","type":"post","link":"https:\/\/redsemlac.com\/semmexico\/en-el-palacio-de-bellas-artes-historica-celebracion-musical-de-ninas-y-mujeres-indigenas\/","title":{"rendered":"En el Palacio de Bellas Artes, hist\u00f3rica celebraci\u00f3n musical\u00a0de ni\u00f1as y mujeres ind\u00edgenas"},"content":{"rendered":"\n<p class=\"wp-block-paragraph\">Trio Huasteco, Eyixochitil &nbsp;<\/p>\n\n\n\n<p class=\"wp-block-paragraph\">El concierto&nbsp;<em>Por donde pasa la luna<\/em>&nbsp;ser\u00e1 el 6 de septiembre,&nbsp;participan inco agrupaciones de los pueblos Mixe, Totonaco,&nbsp;Chontal, Nahua y Seri<\/p>\n\n\n\n<p class=\"wp-block-paragraph\">Se ver\u00e1 en el escenario a m\u00e1s de medio centenar de participantes<\/p>\n\n\n\n<p class=\"wp-block-paragraph\">Veremos: &nbsp;m\u00fasica, danza y cantos en sus lenguas originarias<\/p>\n\n\n\n<p class=\"wp-block-paragraph\">Redacci\u00f3n<\/p>\n\n\n\n<p class=\"wp-block-paragraph\">SemM\u00e9xico, Cd. de M\u00e9xico, 1o. de Septiembre, 2025.-Anuncian el&nbsp;concierto&nbsp;<em>Por donde pasa la luna<\/em>, en el marco del A\u00f1o de la Mujer&nbsp;Ind\u00edgena inform\u00f3 &nbsp;la Secretar\u00eda de Cultura del Gobierno de M\u00e9xico.<\/p>\n\n\n\n<p class=\"wp-block-paragraph\">El evento se realizar\u00e1 el s\u00e1bado 6 de septiembre, a las 19 h, en la&nbsp;Sala Principal del Palacio de Bellas Artes, que, por primera vez en&nbsp;su historia, presentar\u00e1 una celebraci\u00f3n art\u00edstica de ni\u00f1as y mujeres ind\u00edgenas, representantes de cinco pueblos originarios,&nbsp;con el prop\u00f3sito de enaltecer la riqueza cultural y ling\u00fc\u00edstica, la&nbsp;diversidad y la lucha de las mujeres por conquistar espacios y&nbsp;libertades en el arte y la m\u00fasica.<\/p>\n\n\n\n<figure class=\"wp-block-image size-large\"><a href=\"https:\/\/redsemlac.com\/semmexico\/wp-content\/uploads\/2025\/09\/celebracion-bellas-artes-danza-02.jpg\"><img loading=\"lazy\" decoding=\"async\" width=\"1024\" height=\"997\" src=\"https:\/\/redsemlac.com\/semmexico\/wp-content\/uploads\/2025\/09\/celebracion-bellas-artes-danza-02-1024x997.jpg\" alt=\"\" class=\"wp-image-98304\" srcset=\"https:\/\/redsemlac.com\/semmexico\/wp-content\/uploads\/2025\/09\/celebracion-bellas-artes-danza-02-1024x997.jpg 1024w, https:\/\/redsemlac.com\/semmexico\/wp-content\/uploads\/2025\/09\/celebracion-bellas-artes-danza-02-300x292.jpg 300w, https:\/\/redsemlac.com\/semmexico\/wp-content\/uploads\/2025\/09\/celebracion-bellas-artes-danza-02-768x747.jpg 768w, https:\/\/redsemlac.com\/semmexico\/wp-content\/uploads\/2025\/09\/celebracion-bellas-artes-danza-02-150x146.jpg 150w, https:\/\/redsemlac.com\/semmexico\/wp-content\/uploads\/2025\/09\/celebracion-bellas-artes-danza-02-696x677.jpg 696w, https:\/\/redsemlac.com\/semmexico\/wp-content\/uploads\/2025\/09\/celebracion-bellas-artes-danza-02-1068x1039.jpg 1068w, https:\/\/redsemlac.com\/semmexico\/wp-content\/uploads\/2025\/09\/celebracion-bellas-artes-danza-02.jpg 1231w\" sizes=\"auto, (max-width: 1024px) 100vw, 1024px\" \/><\/a><\/figure>\n\n\n\n<p class=\"wp-block-paragraph\">Manglares de Centla<\/p>\n\n\n\n<p class=\"wp-block-paragraph\">Participar\u00e1n la Banda Femenil Ka\u2019ux (Mixe), de Santa Mar\u00eda&nbsp;Tlahuitoltepec, Oaxaca; el Colectivo de Mujeres Comc\u00e1ac&nbsp;<em>Cmaam&nbsp;<\/em><em>Icaheme<\/em>&nbsp;(Seri), de Punta Chueca, Sonora; el Ensamble&nbsp;Tradicional Comunitario de Marimbas&nbsp;<em>Manglares de&nbsp;<\/em><em>Centla<\/em>&nbsp;(Totonaco), de Villahermosa, Tabasco; el Ensamble&nbsp;Tradicional Comunitario de Son Huasteco C\u00e1ntaros de Sol&nbsp;(Chontal), de Zozocolco de Hidalgo, Veracruz, y el Tr\u00edo Eyexochitl&nbsp;(Nahua), de Huautla, Hidalgo.<\/p>\n\n\n\n<p class=\"wp-block-paragraph\">El programa integra m\u00fasica, danza y proyecciones audiovisuales&nbsp;que mostrar\u00e1n la vida, la identidad y las tradiciones de cada<\/p>\n\n\n\n<p class=\"wp-block-paragraph\">pueblo originario, en un recorrido sonoro que unir\u00e1 voces,&nbsp;marimbas, violines, jaranas, metales y cantos en lenguas ayuujk,&nbsp;cmiique iitom, n\u00e1huatl y totonaco.<\/p>\n\n\n\n<p class=\"wp-block-paragraph\">En conferencia de prensa virtual, el coordinador Nacional de&nbsp;M\u00fasica y \u00d3pera, Jos\u00e9 Mar\u00eda Serralde Ruiz, afirm\u00f3: \u201cEl Instituto&nbsp;visiona que esta puerta se abre para siempre, les damos la&nbsp;bienvenida porque aqu\u00ed se quedan las culturas ind\u00edgenas, los&nbsp;distintos grupos y comunidades, pero particularmente las mujeres&nbsp;ind\u00edgenas, pues abren con este ritual su llegada al Instituto.&nbsp;Gracias a ustedes, sembradoras de un nuevo camino, de una&nbsp;nueva parcela\u201d.<\/p>\n\n\n\n<figure class=\"wp-block-image size-large\"><a href=\"https:\/\/redsemlac.com\/semmexico\/wp-content\/uploads\/2025\/09\/celebracion-bellas-artes-danza-03.jpg\"><img loading=\"lazy\" decoding=\"async\" width=\"819\" height=\"1024\" src=\"https:\/\/redsemlac.com\/semmexico\/wp-content\/uploads\/2025\/09\/celebracion-bellas-artes-danza-03-819x1024.jpg\" alt=\"\" class=\"wp-image-98305\" srcset=\"https:\/\/redsemlac.com\/semmexico\/wp-content\/uploads\/2025\/09\/celebracion-bellas-artes-danza-03-819x1024.jpg 819w, https:\/\/redsemlac.com\/semmexico\/wp-content\/uploads\/2025\/09\/celebracion-bellas-artes-danza-03-240x300.jpg 240w, https:\/\/redsemlac.com\/semmexico\/wp-content\/uploads\/2025\/09\/celebracion-bellas-artes-danza-03-768x960.jpg 768w, https:\/\/redsemlac.com\/semmexico\/wp-content\/uploads\/2025\/09\/celebracion-bellas-artes-danza-03-1229x1536.jpg 1229w, https:\/\/redsemlac.com\/semmexico\/wp-content\/uploads\/2025\/09\/celebracion-bellas-artes-danza-03-150x188.jpg 150w, https:\/\/redsemlac.com\/semmexico\/wp-content\/uploads\/2025\/09\/celebracion-bellas-artes-danza-03-300x375.jpg 300w, https:\/\/redsemlac.com\/semmexico\/wp-content\/uploads\/2025\/09\/celebracion-bellas-artes-danza-03-696x870.jpg 696w, https:\/\/redsemlac.com\/semmexico\/wp-content\/uploads\/2025\/09\/celebracion-bellas-artes-danza-03-1068x1335.jpg 1068w, https:\/\/redsemlac.com\/semmexico\/wp-content\/uploads\/2025\/09\/celebracion-bellas-artes-danza-03.jpg 1267w\" sizes=\"auto, (max-width: 819px) 100vw, 819px\" \/><\/a><\/figure>\n\n\n\n<p class=\"wp-block-paragraph\">Zara Monrroy, pueblo Seri, directora, activista y creadora &nbsp;<\/p>\n\n\n\n<p class=\"wp-block-paragraph\">A su vez, las representantes de las agrupaciones que se dar\u00e1n&nbsp;cita agradecieron la oportunidad de manifestarse a trav\u00e9s del arte&nbsp;y coincidieron en que es un evento sin precedentes que abre un&nbsp;camino importante para que m\u00e1s ni\u00f1as ind\u00edgenas se sumen y&nbsp;muestren su cultura.<\/p>\n\n\n\n<p class=\"wp-block-paragraph\">\u201cEs un acto que abre la puerta a muchas ni\u00f1as y j\u00f3venes para&nbsp;expresar su arte, sus sentimientos, abrir su coraz\u00f3n. Como&nbsp;decimos, esto es hist\u00f3rico y qu\u00e9 gusto que estamos participando&nbsp;en programas y proyectos como este, porque es aqu\u00ed donde se&nbsp;empodera a las mujeres\u201d, recalc\u00f3 la coordinadora del Semillero&nbsp;Ensamble Tradicional de Son Huasteco, C\u00e1ntaros de Sol, Mar\u00eda&nbsp;Flavia Camarena Mandujano.<\/p>\n\n\n\n<p class=\"wp-block-paragraph\">A su vez, la directora creativa de&nbsp;<em>Por donde pasa la luna<\/em>, la&nbsp;cantante y rapera comc\u00e1ac Zara Monrroy afirm\u00f3 que la&nbsp;presentaci\u00f3n \u201ces un acto de resistencia, dignidad y reivindicaci\u00f3n&nbsp;hist\u00f3rica\u2026 En un pa\u00eds fundado sobre la riqueza de sus pueblos&nbsp;originarios, pero marcado por siglos de marginaci\u00f3n y&nbsp;silenciamiento, el arte y la m\u00fasica se han convertido en un acto&nbsp;pol\u00edtico\u201d.<\/p>\n\n\n\n<p class=\"wp-block-paragraph\">En tanto, la flautista, directora y fundadora la Banda Femenil Ka\u2019ux,&nbsp;Concepci\u00f3n Hern\u00e1ndez Guti\u00e9rrez, manifest\u00f3 que es un logro para&nbsp;la agrupaci\u00f3n que representa llegar al m\u00e1ximo recinto cultural de&nbsp;M\u00e9xico, con 19 a\u00f1os de recorrer el camino. \u201cQueremos abrirles&nbsp;nuestro coraz\u00f3n, queremos decirles, aqu\u00ed estoy, aqu\u00ed estamos y&nbsp;no nos vamos a ir, vamos a seguir luchando\u201d.<\/p>\n\n\n\n<figure class=\"wp-block-image size-large\"><a href=\"https:\/\/redsemlac.com\/semmexico\/wp-content\/uploads\/2025\/09\/celebracion-bellas-artes-danza-04.jpg\"><img loading=\"lazy\" decoding=\"async\" width=\"1024\" height=\"576\" src=\"https:\/\/redsemlac.com\/semmexico\/wp-content\/uploads\/2025\/09\/celebracion-bellas-artes-danza-04-1024x576.jpg\" alt=\"\" class=\"wp-image-98306\" srcset=\"https:\/\/redsemlac.com\/semmexico\/wp-content\/uploads\/2025\/09\/celebracion-bellas-artes-danza-04-1024x576.jpg 1024w, https:\/\/redsemlac.com\/semmexico\/wp-content\/uploads\/2025\/09\/celebracion-bellas-artes-danza-04-300x169.jpg 300w, https:\/\/redsemlac.com\/semmexico\/wp-content\/uploads\/2025\/09\/celebracion-bellas-artes-danza-04-768x432.jpg 768w, https:\/\/redsemlac.com\/semmexico\/wp-content\/uploads\/2025\/09\/celebracion-bellas-artes-danza-04-150x84.jpg 150w, https:\/\/redsemlac.com\/semmexico\/wp-content\/uploads\/2025\/09\/celebracion-bellas-artes-danza-04-696x392.jpg 696w, https:\/\/redsemlac.com\/semmexico\/wp-content\/uploads\/2025\/09\/celebracion-bellas-artes-danza-04-1068x601.jpg 1068w, https:\/\/redsemlac.com\/semmexico\/wp-content\/uploads\/2025\/09\/celebracion-bellas-artes-danza-04.jpg 1267w\" sizes=\"auto, (max-width: 1024px) 100vw, 1024px\" \/><\/a><\/figure>\n\n\n\n<p class=\"wp-block-paragraph\"><em>Ensamble tradicional comunitario , Son Huasteco<\/em><\/p>\n\n\n\n<p class=\"wp-block-paragraph\"><em>Por donde pasa la luna<\/em>&nbsp;ser\u00e1 un manifiesto art\u00edstico por la defensa&nbsp;de las lenguas, la tierra y la identidad; las participantes creadoras,&nbsp;maestras, portadoras de memoria y l\u00edderes comunitarias son las que, a trav\u00e9s del arte, generan un puente entre generaciones y&nbsp;territorios.<\/p>\n\n\n\n<p class=\"wp-block-paragraph\">Los costos de boletos van desde los $120 a los $300 y se pueden&nbsp;adquirir en las taquillas del Palacio de Bellas Artes, con&nbsp;descuentos para estudiantes, maestros y personas adultas&nbsp;mayores (INAPAM) con credencial vigente, o a trav\u00e9s&nbsp;de&nbsp;<a href=\"https:\/\/www.ticketmaster.com.mx\/cnmo-por-donde-pasa-la-luna-8-ingreso-18-30-h-mexico-cdmx-06-09-2025\/event\/3D006306988B0D26#inbox\/_blank\" target=\"_blank\" rel=\"noreferrer noopener\">Ticketmaster<\/a>, con promoci\u00f3n de 2&#215;1 los jueves.<\/p>\n","protected":false},"excerpt":{"rendered":"<p>Trio Huasteco, Eyixochitil &nbsp; El concierto&nbsp;Por donde pasa la luna&nbsp;ser\u00e1 el 6 de septiembre,&nbsp;participan inco agrupaciones de los pueblos Mixe, Totonaco,&nbsp;Chontal, Nahua y Seri Se ver\u00e1 en el escenario a m\u00e1s de medio centenar de participantes Veremos: &nbsp;m\u00fasica, danza y cantos en sus lenguas originarias Redacci\u00f3n SemM\u00e9xico, Cd. de M\u00e9xico, 1o. de Septiembre, 2025.-Anuncian el&nbsp;concierto&nbsp;Por [&hellip;]<\/p>\n","protected":false},"author":3,"featured_media":98307,"comment_status":"open","ping_status":"open","sticky":false,"template":"","format":"standard","meta":{"_monsterinsights_skip_tracking":false,"footnotes":""},"categories":[748],"tags":[],"class_list":["post-98300","post","type-post","status-publish","format-standard","has-post-thumbnail","category-cultura-feminista"],"_links":{"self":[{"href":"https:\/\/redsemlac.com\/semmexico\/wp-json\/wp\/v2\/posts\/98300","targetHints":{"allow":["GET"]}}],"collection":[{"href":"https:\/\/redsemlac.com\/semmexico\/wp-json\/wp\/v2\/posts"}],"about":[{"href":"https:\/\/redsemlac.com\/semmexico\/wp-json\/wp\/v2\/types\/post"}],"author":[{"embeddable":true,"href":"https:\/\/redsemlac.com\/semmexico\/wp-json\/wp\/v2\/users\/3"}],"replies":[{"embeddable":true,"href":"https:\/\/redsemlac.com\/semmexico\/wp-json\/wp\/v2\/comments?post=98300"}],"version-history":[{"count":0,"href":"https:\/\/redsemlac.com\/semmexico\/wp-json\/wp\/v2\/posts\/98300\/revisions"}],"wp:featuredmedia":[{"embeddable":true,"href":"https:\/\/redsemlac.com\/semmexico\/wp-json\/wp\/v2\/media\/98307"}],"wp:attachment":[{"href":"https:\/\/redsemlac.com\/semmexico\/wp-json\/wp\/v2\/media?parent=98300"}],"wp:term":[{"taxonomy":"category","embeddable":true,"href":"https:\/\/redsemlac.com\/semmexico\/wp-json\/wp\/v2\/categories?post=98300"},{"taxonomy":"post_tag","embeddable":true,"href":"https:\/\/redsemlac.com\/semmexico\/wp-json\/wp\/v2\/tags?post=98300"}],"curies":[{"name":"wp","href":"https:\/\/api.w.org\/{rel}","templated":true}]}}