{"id":98277,"date":"2025-09-01T17:23:48","date_gmt":"2025-09-01T23:23:48","guid":{"rendered":"https:\/\/redsemlac.com\/semmexico\/?p=98277"},"modified":"2025-09-01T17:23:49","modified_gmt":"2025-09-01T23:23:49","slug":"alto-costo-economico-por-persona-debido-a-la-violencia-en-el-mundo-en-mexico-cuesta-4-5-billones-de-pesos-equivalente-a-18-por-ciento-del-pib-nacional","status":"publish","type":"post","link":"https:\/\/redsemlac.com\/semmexico\/alto-costo-economico-por-persona-debido-a-la-violencia-en-el-mundo-en-mexico-cuesta-4-5-billones-de-pesos-equivalente-a-18-por-ciento-del-pib-nacional\/","title":{"rendered":"Alto costo econ\u00f3mico por persona \u00a0debido a la violencia en el mundo, en M\u00e9xico cuesta 4.5 billones de pesos, equivalente a 18 por ciento del PIB nacional"},"content":{"rendered":"\n<p class=\"wp-block-paragraph\"><strong><em>&nbsp;<\/em><\/strong><em>Miguel Armando L\u00f3pez Leyva expuso un panorama a nivel internacional sobre las repercusiones que representa este fen\u00f3meno para las naciones<\/em><\/p>\n\n\n\n<p class=\"wp-block-paragraph\"><em>&nbsp;Jorge Basave Kunhardt subray\u00f3 que en M\u00e9xico las empresas invierten de 2 a 10 por ciento de su presupuesto anual en seguridad<\/em><\/p>\n\n\n\n<p class=\"wp-block-paragraph\">Redacci\u00f3n<\/p>\n\n\n\n<p class=\"wp-block-paragraph\">SemM\u00e9xico\/Gaceta Universitaria, 1\u00ba. de septiembre, 2025.- El impacto econ\u00f3mico global por la violencia alcanz\u00f3 19.97 billones de d\u00f3lares, lo que equivale a 11.6 por ciento del producto interno bruto (PIB) o dos mil 455 d\u00f3lares por persona (45 mil 600 pesos mexicanos), es decir un aumento de 3.8 por ciento respecto al 2024, de acuerdo con el Global Peace Index 2025.<\/p>\n\n\n\n<p class=\"wp-block-paragraph\">Al comentar&nbsp; lo anterior, el coordinador de Humanidades de la UNAM, Miguel Armando L\u00f3pez Leyva, abund\u00f3 que con informaci\u00f3n de dicha fuente esa repercusi\u00f3n ha aumentado anualmente durante 11 de los \u00faltimos 16 a\u00f1os.&nbsp; En M\u00e9xico cuesta 4.5 billones de pesos, equivalente a 18 por ciento del PIB nacional, aunque a escala mundial, estamos como pac\u00edficos.<\/p>\n\n\n\n<p class=\"wp-block-paragraph\">Se reporta una disminuci\u00f3n de los promedios de paz en los pa\u00edses del mundo por sexto a\u00f1o consecutivo, as\u00ed como una tendencia de 17 a\u00f1os de deterioro en la estabilidad. Este \u00edndice estima un crecimiento de 438 por ciento en las muertes por conflictos internos en los \u00faltimos 17 a\u00f1os. Tan solo en 2024, 17 naciones registraron m\u00e1s de mil decesos, la cifra m\u00e1s alta desde 1999, indic\u00f3.<\/p>\n\n\n\n<p class=\"wp-block-paragraph\">Al poner en marcha el XXXI Seminario de Econom\u00eda Mexicana 2025. \u201cConsecuencias econ\u00f3micas del crimen y la violencia en M\u00e9xico\u201d, en el Instituto de Investigaciones Econ\u00f3micas (IIEc) de la Universidad Nacional, recalc\u00f3 que conocer el da\u00f1o en cada pa\u00eds nos permite aproximarnos a las condiciones que viven las personas.<\/p>\n\n\n\n<p class=\"wp-block-paragraph\">Por ejemplo, en los dos con mayores costos en relaci\u00f3n con el PIB, representa un porcentaje mayor a 40 por ciento, pero en los diez m\u00e1s afectados, el impacto econ\u00f3mico abarc\u00f3 el 27.8 por ciento. Datos que contrastan con los diez menos perjudicados, en los que el costo de la violencia con respecto al PIB es de 2.5 por ciento del promedio, precis\u00f3.<\/p>\n\n\n\n<p class=\"wp-block-paragraph\"><strong>En M\u00e9xico<\/strong><\/p>\n\n\n\n<p class=\"wp-block-paragraph\">En el auditorio \u201cMtro. Ricardo Torres Gait\u00e1n\u201d del IIEc, L\u00f3pez Leyva dijo que Global Peace Index ubica la regi\u00f3n de Centroam\u00e9rica y Am\u00e9rica del Norte, que incluye a M\u00e9xico, como la tercera m\u00e1s pac\u00edfica del mundo, siendo Canad\u00e1 la naci\u00f3n m\u00e1s pac\u00edfica y Hait\u00ed la menos.<\/p>\n\n\n\n<p class=\"wp-block-paragraph\">No obstante, en 2024 la zona registr\u00f3 el mayor gasto&nbsp;<em>per c\u00e1pita<\/em>&nbsp;por contenci\u00f3n de la violencia, en t\u00e9rminos militares y de seguridad interna. En ese escenario, al considerar los dominios e indicadores de este \u00edndice, M\u00e9xico se coloca en el lugar 135 de 136 pa\u00edses evaluados con un puntaje que lo sit\u00faa como un pa\u00eds en un estado de paz bajo.<\/p>\n\n\n\n<p class=\"wp-block-paragraph\">En el \u00e1mbito regional se ubica en el pen\u00faltimo sitio -13 de 14 pa\u00edses evaluados-, solo por encima de Hait\u00ed y antecedido por Estados Unidos, manifest\u00f3 ante el director del IIEc, Armando S\u00e1nchez Vargas.<\/p>\n\n\n\n<p class=\"wp-block-paragraph\">Al citar la duod\u00e9cima edici\u00f3n del \u00cdndice de Paz M\u00e9xico 2025, el universitario extern\u00f3 que en el documento se retrata una ligera mejor\u00eda de 0.7 por ciento de la paz en 2024; sin embargo, es menos pac\u00edfico que hace una d\u00e9cada.<\/p>\n\n\n\n<p class=\"wp-block-paragraph\">De acuerdo con ese informe, cit\u00f3, la actividad de la delincuencia organizada sigue siendo el principal impulsor de los niveles extremos de violencia. Se calcul\u00f3 que el impacto econ\u00f3mico de esta es de 4.5 billones de pesos, equivalente a 18 por ciento del PIB nacional. En t\u00e9rminos&nbsp;<em>per c\u00e1pita<\/em>&nbsp;se estima en 33 mil 905 pesos, un ascenso de 3.4 por ciento respecto al a\u00f1o anterior. Fue seis veces mayor que las inversiones p\u00fablicas realizadas en salud, y m\u00e1s de cinco en educaci\u00f3n durante 2024.<\/p>\n\n\n\n<p class=\"wp-block-paragraph\">Momentos antes, el coordinador del Seminario, Jorge Basave Kunhardt, expuso que para los estados de Colima, Guerrero y Morelos hay un da\u00f1o de m\u00e1s de 30 por ciento de su PIB estatal.&nbsp;Seg\u00fan el Instituto Nacional de Estad\u00edstica y Geograf\u00eda empresas de todos tama\u00f1os en el pa\u00eds destinan de 2 a 10 por ciento de su presupuesto anual en seguridad.<\/p>\n\n\n\n<p class=\"wp-block-paragraph\">&nbsp;\u2014o0o\u2014<\/p>\n\n\n\n<figure class=\"wp-block-table\"><table class=\"has-fixed-layout\"><tbody><tr><td>Conoce m\u00e1s de la&nbsp;<\/td><\/tr><\/tbody><\/table><\/figure>\n","protected":false},"excerpt":{"rendered":"<p>&nbsp;Miguel Armando L\u00f3pez Leyva expuso un panorama a nivel internacional sobre las repercusiones que representa este fen\u00f3meno para las naciones &nbsp;Jorge Basave Kunhardt subray\u00f3 que en M\u00e9xico las empresas invierten de 2 a 10 por ciento de su presupuesto anual en seguridad Redacci\u00f3n SemM\u00e9xico\/Gaceta Universitaria, 1\u00ba. de septiembre, 2025.- El impacto econ\u00f3mico global por la [&hellip;]<\/p>\n","protected":false},"author":3,"featured_media":98278,"comment_status":"open","ping_status":"open","sticky":false,"template":"","format":"standard","meta":{"_monsterinsights_skip_tracking":false,"footnotes":""},"categories":[48],"tags":[],"class_list":["post-98277","post","type-post","status-publish","format-standard","has-post-thumbnail","category-no-mas-impunidad-no-mas-impunidad"],"_links":{"self":[{"href":"https:\/\/redsemlac.com\/semmexico\/wp-json\/wp\/v2\/posts\/98277","targetHints":{"allow":["GET"]}}],"collection":[{"href":"https:\/\/redsemlac.com\/semmexico\/wp-json\/wp\/v2\/posts"}],"about":[{"href":"https:\/\/redsemlac.com\/semmexico\/wp-json\/wp\/v2\/types\/post"}],"author":[{"embeddable":true,"href":"https:\/\/redsemlac.com\/semmexico\/wp-json\/wp\/v2\/users\/3"}],"replies":[{"embeddable":true,"href":"https:\/\/redsemlac.com\/semmexico\/wp-json\/wp\/v2\/comments?post=98277"}],"version-history":[{"count":0,"href":"https:\/\/redsemlac.com\/semmexico\/wp-json\/wp\/v2\/posts\/98277\/revisions"}],"wp:featuredmedia":[{"embeddable":true,"href":"https:\/\/redsemlac.com\/semmexico\/wp-json\/wp\/v2\/media\/98278"}],"wp:attachment":[{"href":"https:\/\/redsemlac.com\/semmexico\/wp-json\/wp\/v2\/media?parent=98277"}],"wp:term":[{"taxonomy":"category","embeddable":true,"href":"https:\/\/redsemlac.com\/semmexico\/wp-json\/wp\/v2\/categories?post=98277"},{"taxonomy":"post_tag","embeddable":true,"href":"https:\/\/redsemlac.com\/semmexico\/wp-json\/wp\/v2\/tags?post=98277"}],"curies":[{"name":"wp","href":"https:\/\/api.w.org\/{rel}","templated":true}]}}