{"id":98273,"date":"2025-09-01T17:15:56","date_gmt":"2025-09-01T23:15:56","guid":{"rendered":"https:\/\/redsemlac.com\/semmexico\/?p=98273"},"modified":"2025-09-01T17:15:57","modified_gmt":"2025-09-01T23:15:57","slug":"violeta-del-anahuac-sheinbaum-primer-informe-de-la-primera-presidenta","status":"publish","type":"post","link":"https:\/\/redsemlac.com\/semmexico\/violeta-del-anahuac-sheinbaum-primer-informe-de-la-primera-presidenta\/","title":{"rendered":"Violeta del An\u00e1huac| Sheinbaum primer informe de la primera Presidenta"},"content":{"rendered":"\n<p class=\"wp-block-paragraph\">Isabel Ortega Morales<\/p>\n\n\n\n<p class=\"wp-block-paragraph\">SemM\u00e9xico, Tlapa, Gro. 1\u00ba. de septiembre, 2025.-Como haya sido, Claudia Sheinbaum Pardo, llega al primer a\u00f1o de su ejercicio constitucional que la coloca en el plano de estar el hito hist\u00f3rico de ser la primera mujer Presidenta de M\u00e9xico y aunque ser\u00e1 hasta el 1 de octubre de este a\u00f1o en que celebre su arribo a ese cargo, este d\u00eda, que por cierto no es feriado, se ha considerado como el D\u00eda en que quien ocupa el Poder Ejecutivo Federal rinde su primer Informe de gobierno, coincidiendo con el inicio del Primer Periodo Ordinario de Sesiones de las C\u00e1maras Alta y Baja.<\/p>\n\n\n\n<p class=\"wp-block-paragraph\">Aun cuando ya dej\u00f3 de ser el D\u00eda del Presidente, no solo porque ahora ese cargo lo ocupa una mujer, sino porque dej\u00f3 de ser el d\u00eda de honores amplios a esa figura, se suma otro hecho que, tambi\u00e9n como haya sido, cambia la historia de nuestro pa\u00eds, es el d\u00eda del cambio de la Suprema Corte de Justicia de la Naci\u00f3n, en el que rendir\u00e1n protesta 881 las y los nuevos integrantes del Poder Judicial elegidos por primera vez por voto popular.<\/p>\n\n\n\n<p class=\"wp-block-paragraph\">Este d\u00eda para nuestro pa\u00eds es una jornada pol\u00edtica de alguna manera inusual e in\u00e9dita con diversos actos protocolarios que ocupar\u00e1n cada cual su propio espacio noticioso y ser\u00e1n posteriormente revisados para pasar a los anales de la historia para ser juzgados.<\/p>\n\n\n\n<p class=\"wp-block-paragraph\">Sin embargo, a\u00fan no se ha tenido una idea clara de c\u00f3mo gobierna una mujer al permear la percepci\u00f3n de que atr\u00e1s de ella la figura del caudillo Obrador ni siquiera es sombra, sino una presencia permanente que se respira en todas las esferas del poder y de la administraci\u00f3n p\u00fablica.<\/p>\n\n\n\n<p class=\"wp-block-paragraph\">Tampoco se ha tenido una definici\u00f3n clara de la presencia de una mujer en la Presidencia de la Rep\u00fablica a favor de las mujeres. Temas que son sensibles y necesarios de ser ocupados en el rango de la administraci\u00f3n p\u00fablica como importantes no lo han sido. Entre estos, la atenci\u00f3n al tema de la desaparici\u00f3n de mujeres, la atenci\u00f3n a la violencia contra las mujeres, la atenci\u00f3n integral a factores que han potencializado esa violencia y su erradicaci\u00f3n que, es evidente que no se erradica con un color naranja si a veces quienes la visten as\u00ed ni siquiera son emp\u00e1ticas con las mujeres mismas.<\/p>\n\n\n\n<p class=\"wp-block-paragraph\">No se ha tenido una agenda de g\u00e9nero comprometida, frente al avance de los derechos de las mujeres est\u00e1n expuestos a la vista la falta de resultados que permitan considerar que en este primer a\u00f1o se han sentado bases para una transformaci\u00f3n real de la mujer mexicana como tampoco se mira una aplicaci\u00f3n de estrategias para evitar la discriminaci\u00f3n.<\/p>\n\n\n\n<p class=\"wp-block-paragraph\">Y existe otro punto que ha detonado en manos de la primera mujer presidenta de M\u00e9xico, las instituciones electorales caminan en sentido contrario a la democracia y no se observan instituciones fuertes ni una poblaci\u00f3n pujante, sino una poblaci\u00f3n dependiente de d\u00e1divas con las que intentan subsanar la falta de una pol\u00edtica que visibilice la idea de que gobierna una mujer con caracter\u00edsticas distintas.<\/p>\n\n\n\n<p class=\"wp-block-paragraph\">Claudia Sheinbaum est\u00e1 en el libro de la historia. Ella y 12 mujeres m\u00e1s Jefas del Poder Ejecutivo, Mandatarias de Am\u00e9rica Latina.<\/p>\n\n\n\n<p class=\"wp-block-paragraph\">Habr\u00e1 que esperar a que desglose su Primer Informe y conozcamos su balance para saber desde su \u00f3ptica que se ha hecho a favor de las mujeres.<\/p>\n\n\n\n<p class=\"wp-block-paragraph\"><\/p>\n","protected":false},"excerpt":{"rendered":"<p>Isabel Ortega Morales SemM\u00e9xico, Tlapa, Gro. 1\u00ba. de septiembre, 2025.-Como haya sido, Claudia Sheinbaum Pardo, llega al primer a\u00f1o de su ejercicio constitucional que la coloca en el plano de estar el hito hist\u00f3rico de ser la primera mujer Presidenta de M\u00e9xico y aunque ser\u00e1 hasta el 1 de octubre de este a\u00f1o en que [&hellip;]<\/p>\n","protected":false},"author":3,"featured_media":38576,"comment_status":"open","ping_status":"open","sticky":false,"template":"","format":"standard","meta":{"_monsterinsights_skip_tracking":false,"footnotes":""},"categories":[198,35,197],"tags":[],"class_list":["post-98273","post","type-post","status-publish","format-standard","has-post-thumbnail","category-isabel-ortega-morales","category-opinion","category-violeta-del-anahuac"],"_links":{"self":[{"href":"https:\/\/redsemlac.com\/semmexico\/wp-json\/wp\/v2\/posts\/98273","targetHints":{"allow":["GET"]}}],"collection":[{"href":"https:\/\/redsemlac.com\/semmexico\/wp-json\/wp\/v2\/posts"}],"about":[{"href":"https:\/\/redsemlac.com\/semmexico\/wp-json\/wp\/v2\/types\/post"}],"author":[{"embeddable":true,"href":"https:\/\/redsemlac.com\/semmexico\/wp-json\/wp\/v2\/users\/3"}],"replies":[{"embeddable":true,"href":"https:\/\/redsemlac.com\/semmexico\/wp-json\/wp\/v2\/comments?post=98273"}],"version-history":[{"count":0,"href":"https:\/\/redsemlac.com\/semmexico\/wp-json\/wp\/v2\/posts\/98273\/revisions"}],"wp:featuredmedia":[{"embeddable":true,"href":"https:\/\/redsemlac.com\/semmexico\/wp-json\/wp\/v2\/media\/38576"}],"wp:attachment":[{"href":"https:\/\/redsemlac.com\/semmexico\/wp-json\/wp\/v2\/media?parent=98273"}],"wp:term":[{"taxonomy":"category","embeddable":true,"href":"https:\/\/redsemlac.com\/semmexico\/wp-json\/wp\/v2\/categories?post=98273"},{"taxonomy":"post_tag","embeddable":true,"href":"https:\/\/redsemlac.com\/semmexico\/wp-json\/wp\/v2\/tags?post=98273"}],"curies":[{"name":"wp","href":"https:\/\/api.w.org\/{rel}","templated":true}]}}