{"id":98266,"date":"2025-09-01T15:15:41","date_gmt":"2025-09-01T21:15:41","guid":{"rendered":"https:\/\/redsemlac.com\/semmexico\/?p=98266"},"modified":"2025-09-01T15:15:42","modified_gmt":"2025-09-01T21:15:42","slug":"alfa-omega-coctel-para-despedir-agosto-veraniego","status":"publish","type":"post","link":"https:\/\/redsemlac.com\/semmexico\/alfa-omega-coctel-para-despedir-agosto-veraniego\/","title":{"rendered":"Alfa Omega| Coctel Para Despedir Agosto Veraniego"},"content":{"rendered":"\n<p class=\"wp-block-paragraph\"><em>De Vuelta a La Escuela, Solo por 185 d\u00edas<\/em><\/p>\n\n\n\n<p class=\"wp-block-paragraph\"><em>Contin\u00faan las Agresiones contra Periodistas<\/em><\/p>\n\n\n\n<p class=\"wp-block-paragraph\"><em>Do\u00f1a Beatriz Iba para Rectora de la BUAP<\/em><\/p>\n\n\n\n<p class=\"wp-block-paragraph\"><em>Jorge Herrera Valenzuela<\/em><\/p>\n\n\n\n<p class=\"wp-block-paragraph\">SemM\u00e9xico, Cd. de M\u00e9xico, 1\u00ba. de septiembre, 2025.- La ma\u00f1ana de este &nbsp;1 de septiembre se transforma. Es la primera ocasi\u00f3n en que el inicio de clases, en las escuelas preescolar, primaria y secundaria, \u201cse empalma\u201d con el D\u00eda del Informe Presidencial y la apertura de sesiones del Congreso de la Uni\u00f3n.<\/p>\n\n\n\n<p class=\"wp-block-paragraph\">En este pr\u00f3ximo lunes, inicio del final del tercer trimestre de 2025, asumir\u00e1n su cargo cuatro ministras y cinco ministros de la \u201cnueva\u201d Suprema Corte de Justicia de la Naci\u00f3n, en su bicentenario. Tres de ellas, ya estuvieron en el Pleno anterior. Los nueve son morenistas.<\/p>\n\n\n\n<p class=\"wp-block-paragraph\">Tambi\u00e9n toman posesi\u00f3n tres magistradas y dos magistrados del Tribunal de Disciplina Judicial, equivalente a la inquisici\u00f3n para los no morenistas, para los que no acaten los mandatos superiores.<\/p>\n\n\n\n<p class=\"wp-block-paragraph\"><strong>\u00a1A CLASES, 25 MILLONES!<\/strong><\/p>\n\n\n\n<p class=\"wp-block-paragraph\">Bueno, pero el tema central es que principia el programa de 185 d\u00edas de clases y su fin ser\u00e1 el 15 de julio de 2026.<\/p>\n\n\n\n<p class=\"wp-block-paragraph\">En cifras globales retornan a las aulas \u00a125 millones de infantes, ni\u00f1os y adolescentes! Vuelve el movimiento en los jardines de ni\u00f1os, en las semiabandonadas escuelas primarias y en los edificios de las secundarias. Falta atenci\u00f3n en las primarias de las zonas urbanas y en las de las \u00e1reas rurales o suburbanas.<\/p>\n\n\n\n<p class=\"wp-block-paragraph\">La Secretar\u00eda de Educaci\u00f3n P\u00fablica ha dispuesto en el calendario de actividades, los d\u00edas de asueto, los per\u00edodos vacacionales y los viernes finales de cada mes para la reuni\u00f3n de los respectivos Consejos T\u00e9cnicos. Por cierto, en las normales y Escuelas de Capacitaci\u00f3n de Maestros, ser\u00e1n 190 d\u00edas de clases.<\/p>\n\n\n\n<p class=\"wp-block-paragraph\">En septiembre se descansa el d\u00eda 16, despu\u00e9s el 17 de noviembre, 16 de marzo, 1 y 5 de mayo. Este a\u00f1o las vacaciones, del 22 de diciembre al 9 del entrante enero 2026. Las otras, del 30 de marzo al 10 de abril, obvio, en 2026.<\/p>\n\n\n\n<p class=\"wp-block-paragraph\">Para profesoras y profesores Cursos Intensivos del 26 al 29 de agosto de este 2025 y en el siguiente a\u00f1o ser\u00e1 del 7 al 9 de enero.<\/p>\n\n\n\n<p class=\"wp-block-paragraph\">En esta semana fueron entregados, en las escuelas primarias privadas, los paquetes de libros, cuadernos, pinturas, l\u00e1pices y juegos de geometr\u00eda. S\u00e1bado y domingo estar\u00e1n atiborrados de pap\u00e1s los centros comerciales, en las compras de \u00faltima hora, de \u00fatiles escolares.<\/p>\n\n\n\n<p class=\"wp-block-paragraph\"><strong>No es obligatorio el uniforme.<\/strong><\/p>\n\n\n\n<p class=\"wp-block-paragraph\">De acuerdo con el art\u00edculo 146 de la Ley General de Educaci\u00f3n, el servicio p\u00fablico de educaci\u00f3n, no est\u00e1 condicionado a la adquisici\u00f3n<strong> del<\/strong> uniforme. Sin embargo, en muchos planteles si el alumno no va con uniforme, no entra a clases.<\/p>\n\n\n\n<p class=\"wp-block-paragraph\"><strong>LIBERTAD DE PRENSA, CON \u201cV\u201d<\/strong><\/p>\n\n\n\n<p class=\"wp-block-paragraph\">El ejercicio period\u00edstico, el diarismo informativo, es tanto un oficio como una profesi\u00f3n. En ambos casos, M\u00e9xico es uno de los pa\u00edses donde el peligro es permanente. Desde las simples amenazas hasta la consumaci\u00f3n de los asesinatos.<\/p>\n\n\n\n<p class=\"wp-block-paragraph\">Aplico la letra \u201cV\u201d a la palabra <strong>libertad<\/strong>, porque as\u00ed, hoy, se minimiza la libertad, uno de los derechos constitucionales que en \u00e9pocas lejanas fue sagrado, se respetaba.<\/p>\n\n\n\n<p class=\"wp-block-paragraph\">La tarea de los reporteros, diaristas, se ve limitada a veces, en otras est\u00e1 sujeta a criterios de los mismos editores, inclusive hay casos de autocensura, en lo que va de este Siglo XXI M\u00e9xico est\u00e1 colocado en la c\u00faspide del terrorismo criminal.<\/p>\n\n\n\n<p class=\"wp-block-paragraph\">A la vez, en los \u00faltimos siete a\u00f1os, las estad\u00edsticas nos muestran una cifra alarmante. Lo grave es que los atracos contra periodistas, solo son estad\u00edsticas. Pocos, contados, son los casos en que las polic\u00edas detienen a los presuntos responsables.<\/p>\n\n\n\n<p class=\"wp-block-paragraph\">Tras de tomar conocimiento de un crimen, de un secuestro, de un ataque f\u00edsico, en agravio de un periodista, escuchamos la m\u00e1s cl\u00e1sica y defraudadora justificaci\u00f3n de los gobernantes: \u201cse orden\u00f3 que se abra una carpeta de investigaci\u00f3n y llegaremos hasta las \u00faltimas consecuencias\u201d.<\/p>\n\n\n\n<p class=\"wp-block-paragraph\">\u00bfSaben cu\u00e1les son las \u00faltimas consecuencias?<\/p>\n\n\n\n<p class=\"wp-block-paragraph\">Se deja que \u201cel asunto se enfr\u00ede\u201d. Pasen unas semanas y la famosa \u201ccarpeta de investigaci\u00f3n\u201d al archivo, al caj\u00f3n del olvido. Antiguamente se dec\u00eda \u201cel expediente pasa a la reserva\u201d.&nbsp;<\/p>\n\n\n\n<p class=\"wp-block-paragraph\">Recientemente el pasado d\u00eda 26, a las 8:30 de la ma\u00f1ana, Jorge Heras se dirig\u00eda cumplir con su trabajo en el Noticiero Ciudad Capital, en Tijuana, cuando dos sujetos lo golpearon salvajemente y un milagro evit\u00f3 que lo asesinaran. Fue amenazado, adem\u00e1s.<\/p>\n\n\n\n<p class=\"wp-block-paragraph\">Jorge declar\u00f3 que de pronto se aproxim\u00f3 a \u00e9l un sujeto y le pidi\u00f3 \u201cun vaso de agua\u201d y acto seguido la emprendi\u00f3 a golpes. Hab\u00eda otro sujeto en la agresi\u00f3n, uno de ellos simul\u00f3 que sacar\u00eda una pistola y Heras trat\u00f3 de alejarse, el piso estaba mojado y resbal\u00f3.<\/p>\n\n\n\n<p class=\"wp-block-paragraph\">Una se\u00f1ora se percat\u00f3 de los hechos. Jorge se levant\u00f3 y ten\u00eda golpes en la cara y en el rostro, fue pateado. Huyeron los agresores, despu\u00e9s gritarle al periodista: \u201c\u00a1ya b\u00e1jale\u2026\u201d.<\/p>\n\n\n\n<p class=\"wp-block-paragraph\">Hay un video y la polic\u00eda puede verlo, detenidamente, para identificar a los sicarios. Tambi\u00e9n un compa\u00f1ero del agredido vio lo ocurrido y tal vez aporte datos seguros.<\/p>\n\n\n\n<p class=\"wp-block-paragraph\">La gobernadora Marina del Pilar \u00c1vila Olmeda y la alcaldesa Norma Bustamante recibieron los informes y por supuesto condenaron lo sucedido, prometieron que se har\u00e1 la investigaci\u00f3n correspondiente.<\/p>\n\n\n\n<p class=\"wp-block-paragraph\">Hace dos a\u00f1os y siete meses en Tijuana se dieron muerte a la periodista Lourdes Maldonado L\u00f3pez y al fot\u00f3grafo Alfonso Margarito Mart\u00ednez. Me informan que los homicidas se encuentran detenidos, pero nada se sabe de los autores intelectuales e inclusive se pidi\u00f3 que el Ministerio P\u00fablico cite a declarar al exgobernador morenista Jaime Bonilla, con ciudadan\u00eda norteamericana; obvio, no aparecer\u00e1 ese se\u00f1or.<\/p>\n\n\n\n<p class=\"wp-block-paragraph\">En el caso de Margarito hay presunci\u00f3n, de culpabilidad, de un procesado y preso de nombre David, apodado El Cabo 20, perteneciente a la delincuencia organizada. Se le se\u00f1ala como el autor intelectual. Para nada ha sido molestada dicha persona.<\/p>\n\n\n\n<p class=\"wp-block-paragraph\"><strong>NO SER\u00c1 RECTORA DE LA BUAP<\/strong><\/p>\n\n\n\n<p class=\"wp-block-paragraph\">En las noticias radiof\u00f3nicas y televisivas, la tarde del lunes \u00faltimo, sorpresivamente, fuimos enterados que la se\u00f1ora Beatriz Guti\u00e9rrez M\u00fcller, esposa del tabasque\u00f1o refugiado en Palenque, figuraba en la lista de nueve aspirantes a la Rector\u00eda de la Benem\u00e9rita Universidad Aut\u00f3noma de Puebla.<\/p>\n\n\n\n<p class=\"wp-block-paragraph\">Tras el lanzamiento de la convocatoria para la elecci\u00f3n del Rector, per\u00edodo 2025-2029, se procedi\u00f3 a citar a los aspirantes para confirmar su deseo de participar en el proceso, as\u00ed como para entregar la documentaci\u00f3n correspondiente.<\/p>\n\n\n\n<p class=\"wp-block-paragraph\">La relaci\u00f3n de nombres estuvo encabezada por la actual Rectora, Mar\u00eda Lilia Cedillo Ram\u00edrez, quien, se comenta, goza de muy buena imagen entre el estudiantado, personal acad\u00e9mico, el profesorado, y el personal administrativo. Busca la reelecci\u00f3n. Es la primera mujer que ocupa el cargo en la BUAP.<\/p>\n\n\n\n<p class=\"wp-block-paragraph\">La historia de la hoy BUAP data de 1578, al principio se llam\u00f3 Colegio del Esp\u00edritu Santo. En 1937 la denominaron Universidad de Puebla y en 1956, Benem\u00e9rita Universidad Aut\u00f3noma de Puebla.<\/p>\n\n\n\n<p class=\"wp-block-paragraph\">En la lista de aspirantes, se menciona a tres mujeres m\u00e1s: Luisa Alicia Barroso Y\u00e1\u00f1ez, Elo\u00edsa Shengh Chi Herrera y noveno lugar, Beatriz Guti\u00e9rrez M\u00fcller.<\/p>\n\n\n\n<p class=\"wp-block-paragraph\">Los profesores apuntados son: C\u00e9sar Ricardo Cansino Ortiz, Salvador Galicia Isamundi, Ordorico Mora Carre\u00f3n, Ricardo Paredes Solorio y Rodolfo Javier Zepeda Memije.<\/p>\n\n\n\n<p class=\"wp-block-paragraph\">Excepto la doctora Beatriz, en Teor\u00eda Literaria, t\u00edtulo otorgado por la Universidad Aut\u00f3noma de M\u00e9xico-Iztapalapa, los ocho restantes se presentaron a la primera entrevista. Fue un autodescarte autom\u00e1tico de la querida vecina de la Colonia Toriello, en Tlalpan, Ciudad de M\u00e9xico, en las proximidades de M\u00e9dica Sur.<\/p>\n\n\n\n<p class=\"wp-block-paragraph\"><strong>jherrerav@live.com.mx<\/strong><\/p>\n","protected":false},"excerpt":{"rendered":"<p>De Vuelta a La Escuela, Solo por 185 d\u00edas Contin\u00faan las Agresiones contra Periodistas Do\u00f1a Beatriz Iba para Rectora de la BUAP Jorge Herrera Valenzuela SemM\u00e9xico, Cd. de M\u00e9xico, 1\u00ba. de septiembre, 2025.- La ma\u00f1ana de este &nbsp;1 de septiembre se transforma. Es la primera ocasi\u00f3n en que el inicio de clases, en las escuelas [&hellip;]<\/p>\n","protected":false},"author":3,"featured_media":7843,"comment_status":"open","ping_status":"open","sticky":false,"template":"","format":"standard","meta":{"_monsterinsights_skip_tracking":false,"footnotes":""},"categories":[94,110,35],"tags":[],"class_list":["post-98266","post","type-post","status-publish","format-standard","has-post-thumbnail","category-jorge-herrera-valenzuela","category-la-opinion-columnas","category-opinion"],"_links":{"self":[{"href":"https:\/\/redsemlac.com\/semmexico\/wp-json\/wp\/v2\/posts\/98266","targetHints":{"allow":["GET"]}}],"collection":[{"href":"https:\/\/redsemlac.com\/semmexico\/wp-json\/wp\/v2\/posts"}],"about":[{"href":"https:\/\/redsemlac.com\/semmexico\/wp-json\/wp\/v2\/types\/post"}],"author":[{"embeddable":true,"href":"https:\/\/redsemlac.com\/semmexico\/wp-json\/wp\/v2\/users\/3"}],"replies":[{"embeddable":true,"href":"https:\/\/redsemlac.com\/semmexico\/wp-json\/wp\/v2\/comments?post=98266"}],"version-history":[{"count":0,"href":"https:\/\/redsemlac.com\/semmexico\/wp-json\/wp\/v2\/posts\/98266\/revisions"}],"wp:featuredmedia":[{"embeddable":true,"href":"https:\/\/redsemlac.com\/semmexico\/wp-json\/wp\/v2\/media\/7843"}],"wp:attachment":[{"href":"https:\/\/redsemlac.com\/semmexico\/wp-json\/wp\/v2\/media?parent=98266"}],"wp:term":[{"taxonomy":"category","embeddable":true,"href":"https:\/\/redsemlac.com\/semmexico\/wp-json\/wp\/v2\/categories?post=98266"},{"taxonomy":"post_tag","embeddable":true,"href":"https:\/\/redsemlac.com\/semmexico\/wp-json\/wp\/v2\/tags?post=98266"}],"curies":[{"name":"wp","href":"https:\/\/api.w.org\/{rel}","templated":true}]}}