{"id":98261,"date":"2025-08-31T17:42:56","date_gmt":"2025-08-31T23:42:56","guid":{"rendered":"https:\/\/redsemlac.com\/semmexico\/?p=98261"},"modified":"2025-08-31T17:42:57","modified_gmt":"2025-08-31T23:42:57","slug":"buscar-para-sobrevivir-mas-de-cinco-anos-de-resistencia-frente-a-desaparicion-de-su-hermana-brenda-gomez","status":"publish","type":"post","link":"https:\/\/redsemlac.com\/semmexico\/buscar-para-sobrevivir-mas-de-cinco-anos-de-resistencia-frente-a-desaparicion-de-su-hermana-brenda-gomez\/","title":{"rendered":"Buscar para sobrevivir: M\u00e1s de cinco a\u00f1os de resistencia frente a desaparici\u00f3n de su hermana Brenda G\u00f3mez"},"content":{"rendered":"\n<p class=\"wp-block-paragraph\">Brenda G\u00f3mez desapareci\u00f3&nbsp;\/&nbsp;Mary Elenne Castro<\/p>\n\n\n\n<p class=\"wp-block-paragraph\">Roc\u00edo no eligi\u00f3 ser buscadora, pero asumi\u00f3 el camino tras la desaparici\u00f3n forzada de su hermana en 2019. Hoy, es parte activa del Colectivo Unidos por los Desaparecidos de Le\u00f3n.<\/p>\n\n\n\n<p class=\"wp-block-paragraph\">Mary Elenne Castro<\/p>\n\n\n\n<p class=\"wp-block-paragraph\">SemM\u00e9xico\/ El Sol de M\u00e9xico, Le\u00f3n, Gto., 31 de agosto, 2025.\u00a0&#8211; En\u00a0M\u00e9xico, la\u00a0desaparici\u00f3n forzada\u00a0no es una estad\u00edstica: es una herida abierta en miles de hogares.\u00a0Roc\u00edo G\u00f3mez, integrante del\u00a0<a href=\"https:\/\/oem.com.mx\/elsoldeleon\/local\/buscadoras-de-guanajuato-comparten-luchas-y-resistencias-por-desapariciones-de-familiares-25405322\" target=\"_blank\" rel=\"noreferrer noopener\">Colectivo Unidos por los Desaparecidos de Le\u00f3n<\/a>, busca a su hermana\u00a0Brenda Alicia G\u00f3mez Gonz\u00e1lez\u00a0desde hace casi cinco a\u00f1os.<a href=\"https:\/\/oem.com.mx\/elsoldeleon\/local\/desaparecidos-en-leon-madre-busca-a-su-hijo-desde-hace-10-anos-y-se-une-a-colectivo-de-buscadores-25438692\"><\/a><\/p>\n\n\n\n<p class=\"wp-block-paragraph\"><a href=\"https:\/\/oem.com.mx\/elsoldeleon\/local\/desaparecidos-en-leon-madre-busca-a-su-hijo-desde-hace-10-anos-y-se-une-a-colectivo-de-buscadores-25438692\">Mar\u00eda Mac\u00edas Ju\u00e1rez lleva una d\u00e9cada buscando a su hijo Christian Alexis Ram\u00edrez, desaparecido desde 2015 en Le\u00f3n. Integrada al colectivo Unidos por los Desaparecidos, lucha por respuestas y justicia, mientras las autoridades no han dado avances en su caso<\/a><\/p>\n\n\n\n<p class=\"wp-block-paragraph\">La &nbsp;historia de Brenda G\u00f3mez est\u00e1 marcada por la resistencia, el dolor y la dignidad, es un reflejo de la&nbsp;<strong>lucha diaria de miles de familias<\/strong>&nbsp;en el pa\u00eds. En el marco del&nbsp;<strong>30 de <\/strong>agosto,&nbsp;D\u00eda Internacional de las V\u00edctimas de Desapariciones Forzadas, comparti\u00f3 su camino como&nbsp;buscadora. Un camino que afirm\u00f3 \u201cnunca eligi\u00f3\u201d, pero que ha recorrido con convicci\u00f3n, con miedo, y con amor por los suyos.<\/p>\n\n\n\n<p class=\"wp-block-paragraph\"><strong>Mi hermana no desapareci\u00f3. A mi hermana se la llevaron.<\/strong><\/p>\n\n\n\n<p class=\"wp-block-paragraph\">Roc\u00edo record\u00f3 con claridad el d\u00eda en que la vida de su familia cambi\u00f3 para siempre. Coment\u00f3 que su hermana \u2013que en ese momento ten\u00eda&nbsp;<strong>33 a\u00f1os de edad<\/strong>\u2013 fue sustra\u00edda por hombres armados que irrumpieron en su casa.<\/p>\n\n\n\n<p class=\"wp-block-paragraph\"><em>No fue una&nbsp;<strong>desaparici\u00f3n \u201csilenciosa\u201d<\/strong>, fue un acto presenciado por&nbsp;<strong>vecinos<\/strong>&nbsp;y por los propios&nbsp;<strong>hijos de su hermana<\/strong>, que en ese momento eran apenas unos ni\u00f1os. Desde ese instante, Roc\u00edo se convirti\u00f3 en&nbsp;<strong>buscadora<\/strong><\/em>.<\/p>\n\n\n\n<p class=\"wp-block-paragraph\"><strong><em>Ya van a ser casi seis a\u00f1os que no hemos tenido ninguna noticia de ella&#8230;<\/em><\/strong><strong><\/strong><\/p>\n\n\n\n<p class=\"wp-block-paragraph\"><strong>\u201c<em>Nosotros, como familia, hemos investigado por nuestra cuenta, hemos avanzado un poco, pero no hemos logrado localizarla<\/em>\u201d, relat\u00f3<\/strong>.<\/p>\n\n\n\n<p class=\"wp-block-paragraph\">El miedo, la incertidumbre y el dolor son emociones que no desaparecen con el paso del tiempo, por lo que Roc\u00edo lo describi\u00f3 como una pesadilla de la que no han podido despertar.<\/p>\n\n\n\n<p class=\"wp-block-paragraph\">\u201c<em>Tienes la esperanza de llegar a&nbsp;<strong>Fiscal\u00eda<\/strong>, de poner una denuncia, y pensar que van a ir, van a investigar, que te la van a regresar con vida. Pero no ha sido as\u00ed<\/em>\u201d.<\/p>\n\n\n\n<p class=\"wp-block-paragraph\">La desaparici\u00f3n de su hermana no solo dej\u00f3 un vac\u00edo: dej\u00f3 tambi\u00e9n responsabilidades. Roc\u00edo \u2013quien ya era madre de tres hijos\u2013 pero tambi\u00e9n asumi\u00f3 el cuidado de sus tres&nbsp;<strong>sobrinos<\/strong>, quienes fueron testigos del secuestro de su madre.<\/p>\n\n\n\n<p class=\"wp-block-paragraph\">\u201c<em>Yo quise asumir el rol de madre, pero no hay como su mam\u00e1. Nadie puede ocupar ese lugar. Por eso seguimos busc\u00e1ndola<\/em>\u201d, explic\u00f3.<\/p>\n\n\n\n<p class=\"wp-block-paragraph\">En medio de la&nbsp;<strong>pandemia<\/strong>, sin su madre presente y sin saber a d\u00f3nde acudir, Roc\u00edo y su familia tuvieron que organizarse, decidir qui\u00e9n cuidar\u00eda de los ni\u00f1os, c\u00f3mo denunciar, a qui\u00e9n acudir.<\/p>\n\n\n\n<p class=\"wp-block-paragraph\"><em>Fue un caos. No sab\u00edamos que exist\u00eda una&nbsp;<strong>Fiscal\u00eda especializada en desapariciones<\/strong>. No sab\u00edamos qu\u00e9 hacer. Solo sab\u00edamos que hab\u00eda que actuar<\/em><\/p>\n\n\n\n<p class=\"wp-block-paragraph\">La b\u00fasqueda colectiva<\/p>\n\n\n\n<p class=\"wp-block-paragraph\">Roc\u00edo no est\u00e1 sola. Junto con otras familias, forma parte del&nbsp;<a href=\"https:\/\/oem.com.mx\/elsoldeleon\/local\/redlab-nuevo-laboratorio-de-ibero-leon-contra-las-desapariciones-forzadas-25403592\" target=\"_blank\" rel=\"noreferrer noopener\"><strong>Colectivo Unidos por los Desaparecidos de Le\u00f3n<\/strong><\/a>. Juntos han aprendido a sostenerse, a buscar en campo, a formar&nbsp;<strong>redes de solidaridad<\/strong>&nbsp;frente a la&nbsp;<strong>impunidad<\/strong>.<\/p>\n\n\n\n<p class=\"wp-block-paragraph\"><strong>\u201c<em>Al principio pensamos que iba a ser f\u00e1cil, pero no. En este camino conoces historias a veces peores que la tuya, pero aqu\u00ed estamos, ech\u00e1ndonos la mano, abraz\u00e1ndonos<\/em>\u201d.<\/strong><\/p>\n\n\n\n<p class=\"wp-block-paragraph\">La labor del colectivo va m\u00e1s all\u00e1 de encontrar a los suyos: buscan tambi\u00e9n dar&nbsp;<strong>acompa\u00f1amiento emocional<\/strong>&nbsp;y&nbsp;<strong>legal<\/strong>&nbsp;a quienes inician este doloroso camino.<\/p>\n\n\n\n<p class=\"wp-block-paragraph\">Para una&nbsp;<strong>buscadora<\/strong>, si no encuentras a tu familiar, pero encuentras a otra persona, te vas con algo de paz. Porque no era tu familiar, pero s\u00ed es el de alguien m\u00e1s.<\/p>\n\n\n\n<p class=\"wp-block-paragraph\">Antes de que su hermana desapareciera, Roc\u00edo ten\u00eda un&nbsp;<strong>negocio de productos de limpieza<\/strong>.<\/p>\n\n\n\n<p class=\"wp-block-paragraph\">Hoy, ese proyecto est\u00e1 en pausa: \u201c<em>Lo he descuidado porque ya tengo que estar al 100% aqu\u00ed. Dejas a tu familia, dejas todo. Gracias a Dios, tengo a mi esposo que me apoya, que me ayuda con los ni\u00f1os como si fueran suyos. \u00c9l es mi motor<\/em>\u201d.<\/p>\n\n\n\n<p class=\"wp-block-paragraph\">La carga emocional, econ\u00f3mica y f\u00edsica de ser&nbsp;<strong>buscadora<\/strong>&nbsp;no se ve desde afuera. No hay salario, no hay respaldo del Estado. Pero s\u00ed hay&nbsp;<strong>comunidad<\/strong>&nbsp;y&nbsp;<strong>convicci\u00f3n<\/strong>.<\/p>\n\n\n\n<p class=\"wp-block-paragraph\">\u201c<em>Las compa\u00f1eras conf\u00edan en m\u00ed, y yo en ellas. Ya no puedo dejarlas. Tenemos que encontrarlos a todos<\/em>\u201d, afirm\u00f3.<\/p>\n\n\n\n<p class=\"wp-block-paragraph\"><strong>\u201cResistencia es seguir, a\u00fan con miedo\u201d<\/strong><\/p>\n\n\n\n<p class=\"wp-block-paragraph\">Roc\u00edo habla de&nbsp;<strong>resistencia<\/strong>&nbsp;con el peso de quien la ha ejercido todos los d\u00edas durante casi seis a\u00f1os: \u201c<em>Hemos recibido amenazas. Hay veces que ya no puedo m\u00e1s. Pero me abrazo de mis compa\u00f1eras. No me gustan los 30 de agosto porque te recuerdan todo. Pero salimos a las calles para decir: estamos aqu\u00ed<\/em>\u201d.<\/p>\n\n\n\n<p class=\"wp-block-paragraph\">Para ella, la palabra \u201c<strong>resistencia<\/strong>\u201d significa no rendirse, a pesar del miedo, a pesar del abandono institucional.<\/p>\n\n\n\n<p class=\"wp-block-paragraph\">Queremos avances reales. No solamente boletines de&nbsp;<strong>alerta amber<\/strong>. Queremos que se busque a las personas desaparecidas de larga data. Que se investigue qui\u00e9n fue, por qu\u00e9 los desaparecieron. Queremos&nbsp;<strong>justicia.<\/strong><\/p>\n\n\n\n<p class=\"wp-block-paragraph\">A quienes no tienen un familiar desaparecido, Roc\u00edo les pide&nbsp;<strong>empat\u00eda<\/strong>,&nbsp;<strong>memoria<\/strong>&nbsp;y&nbsp;<strong>compromiso<\/strong>: \u201c<em>Gracias a quienes se solidarizan, pero tambi\u00e9n necesitamos que volteen a ver. Nadie est\u00e1 exento. Y sobre todo, pido&nbsp;<strong>prevenci\u00f3n<\/strong>. Que se piense en los&nbsp;<strong>ni\u00f1os, ni\u00f1as y adolescentes<\/strong>. En los que est\u00e1n creciendo hu\u00e9rfanos, con traumas. Porque ellos tambi\u00e9n son v\u00edctimas<\/em>\u201d.<\/p>\n\n\n\n<p class=\"wp-block-paragraph\"><a href=\"https:\/\/oem.com.mx\/elsoldeleon\/local\/desaparecido-en-leon-madre-de-juan-manuel-moreno-almaguer-alza-la-voz-en-el-dia-de-la-desaparicion-forzada-25439057\"><\/a><\/p>\n\n\n\n<p class=\"wp-block-paragraph\"><a href=\"https:\/\/oem.com.mx\/elsoldeleon\/local\/desaparecido-en-leon-madre-de-juan-manuel-moreno-almaguer-alza-la-voz-en-el-dia-de-la-desaparicion-forzada-25439057\">Elisa busca a su hijo Juan Manuel, desaparecido desde octubre de 2020. Este 30 de agosto, en el D\u00eda de la Desaparici\u00f3n Forzada, participar\u00e1 en la marcha de Madres Guerreras de Le\u00f3n para visibilizar a quienes a\u00fan no regresan a casa<\/a><\/p>\n\n\n\n<p class=\"wp-block-paragraph\"><strong>A pesar del cansancio, del dolor acumulado y de los a\u00f1os sin respuestas, Roc\u00edo sigue en pie.<\/strong><\/p>\n\n\n\n<p class=\"wp-block-paragraph\">Su vida cambi\u00f3 por completo, pero su convicci\u00f3n no se ha quebrado. Cada jornada de b\u00fasqueda, cada acompa\u00f1amiento a otras familias, cada acci\u00f3n dentro del colectivo tiene un sentido profundo: encontrar a su hermana y no permitir que la ausencia se normalice.<\/p>\n\n\n\n<p class=\"wp-block-paragraph\">En ese camino, hay algo \u2013o mejor dicho, alguien\u2013 que le da fuerza todos los d\u00edas: \u201c<em>\u00bfQu\u00e9 me da fuerza para seguir? Mis&nbsp;<strong>sobrinos<\/strong>, mis&nbsp;<strong>hijos<\/strong>, mi esposo, mi familia\u2026 pero sobre todo, que mi pap\u00e1 no se vaya sin saber d\u00f3nde est\u00e1 su hija<\/em>\u201d.<\/p>\n\n\n\n<p class=\"wp-block-paragraph\">Detr\u00e1s de cada desaparecido hay&nbsp;<strong>familias<\/strong>&nbsp;que no se rinden. Roc\u00edo G\u00f3mez es el rostro de miles. Su historia no es una excepci\u00f3n, es parte de una&nbsp;<strong>crisis<\/strong>&nbsp;que exige&nbsp;<a href=\"https:\/\/oem.com.mx\/elsoldeleon\/local\/conmemoran-dia-internacional-de-victimas-de-desapariciones-forzadas-con-obra-de-teatro-en-leon-25433496\" target=\"_blank\" rel=\"noreferrer noopener\"><strong>justicia<\/strong><\/a><a href=\"https:\/\/oem.com.mx\/elsoldeleon\/local\/conmemoran-dia-internacional-de-victimas-de-desapariciones-forzadas-con-obra-de-teatro-en-leon-25433496\" target=\"_blank\" rel=\"noreferrer noopener\">,&nbsp;<strong>verdad<\/strong>&nbsp;y&nbsp;<strong>memoria<\/strong><\/a>.<\/p>\n","protected":false},"excerpt":{"rendered":"<p>Brenda G\u00f3mez desapareci\u00f3&nbsp;\/&nbsp;Mary Elenne Castro Roc\u00edo no eligi\u00f3 ser buscadora, pero asumi\u00f3 el camino tras la desaparici\u00f3n forzada de su hermana en 2019. Hoy, es parte activa del Colectivo Unidos por los Desaparecidos de Le\u00f3n. Mary Elenne Castro SemM\u00e9xico\/ El Sol de M\u00e9xico, Le\u00f3n, Gto., 31 de agosto, 2025.\u00a0&#8211; En\u00a0M\u00e9xico, la\u00a0desaparici\u00f3n forzada\u00a0no es una estad\u00edstica: [&hellip;]<\/p>\n","protected":false},"author":3,"featured_media":98262,"comment_status":"open","ping_status":"open","sticky":false,"template":"","format":"standard","meta":{"_monsterinsights_skip_tracking":false,"footnotes":""},"categories":[694,48],"tags":[],"class_list":["post-98261","post","type-post","status-publish","format-standard","has-post-thumbnail","category-destacadas","category-no-mas-impunidad-no-mas-impunidad"],"_links":{"self":[{"href":"https:\/\/redsemlac.com\/semmexico\/wp-json\/wp\/v2\/posts\/98261","targetHints":{"allow":["GET"]}}],"collection":[{"href":"https:\/\/redsemlac.com\/semmexico\/wp-json\/wp\/v2\/posts"}],"about":[{"href":"https:\/\/redsemlac.com\/semmexico\/wp-json\/wp\/v2\/types\/post"}],"author":[{"embeddable":true,"href":"https:\/\/redsemlac.com\/semmexico\/wp-json\/wp\/v2\/users\/3"}],"replies":[{"embeddable":true,"href":"https:\/\/redsemlac.com\/semmexico\/wp-json\/wp\/v2\/comments?post=98261"}],"version-history":[{"count":0,"href":"https:\/\/redsemlac.com\/semmexico\/wp-json\/wp\/v2\/posts\/98261\/revisions"}],"wp:featuredmedia":[{"embeddable":true,"href":"https:\/\/redsemlac.com\/semmexico\/wp-json\/wp\/v2\/media\/98262"}],"wp:attachment":[{"href":"https:\/\/redsemlac.com\/semmexico\/wp-json\/wp\/v2\/media?parent=98261"}],"wp:term":[{"taxonomy":"category","embeddable":true,"href":"https:\/\/redsemlac.com\/semmexico\/wp-json\/wp\/v2\/categories?post=98261"},{"taxonomy":"post_tag","embeddable":true,"href":"https:\/\/redsemlac.com\/semmexico\/wp-json\/wp\/v2\/tags?post=98261"}],"curies":[{"name":"wp","href":"https:\/\/api.w.org\/{rel}","templated":true}]}}