{"id":9825,"date":"2019-07-17T17:55:20","date_gmt":"2019-07-17T17:55:20","guid":{"rendered":"https:\/\/redsemlac.com\/semmexico\/?p=9825"},"modified":"2023-07-21T14:50:41","modified_gmt":"2023-07-21T19:50:41","slug":"juego-de-palabras-10","status":"publish","type":"post","link":"https:\/\/redsemlac.com\/semmexico\/juego-de-palabras-10\/","title":{"rendered":"Juego de Palabras"},"content":{"rendered":"\n<h2 class=\"wp-block-heading\"><strong><em>En M\u00e9xico tenemos tanta madre que hasta nos falta<\/em><\/strong><\/h2>\n\n\n\n<p class=\"wp-block-paragraph\"> &nbsp;<strong>Yaneth Angelica Tamayo Avalos <\/strong><\/p>\n\n\n\n<p class=\"wp-block-paragraph\">SemM\u00e9xico.\n17 de julio 2019.- Las mujeres son y han sido la base sobre la cual la sociedad\nha logrado desenvolverse; los humanos constantemente hemos sido dependientes de\nlas mujeres, desde el seno materno hasta la culminaci\u00f3n de nuestras vidas.<\/p>\n\n\n\n<p class=\"wp-block-paragraph\">Especialmente\nlos mexicanos, quienes hemos crecido en un pa\u00eds donde nuestras madres ejercen\ndos roles; el primero, como procuradoras y administradoras del hogar; y el\nsegundo, como las encargadas de resolver los problemas de los hijos y de toda\nla familia.<\/p>\n\n\n\n<p class=\"wp-block-paragraph\">A\ncausa de lo anterior, estas mujeres socialmente han aceptado voluntariamente el\nrol, algunas si no es que la mayor\u00eda, incluso han aceptado la sumisi\u00f3n, el\nolvido y la violencia de las personas a las que les dedican o dedicaron su\nvida.<\/p>\n\n\n\n<p class=\"wp-block-paragraph\">En\nconsecuencia, la calidad de vida de estas grandes mujeres con el paso del\ntiempo ha mermado; ser mujer y adulta mayor en un pa\u00eds donde el 82.2% de los\nadultos mayores vive en situaci\u00f3n de pobreza y el 53.9%&nbsp; son mujeres, resulta doblemente dif\u00edcil ya\nque una gran cantidad de estas adultas mayores sobreviven en condiciones poco\nfavorables.<\/p>\n\n\n\n<p class=\"wp-block-paragraph\">Esta\nfalta de medios de subsistencia y servicios sociales para su bienestar\nindividual se encuentra vinculado a dos factores; el primero, que tiene que ver\ncon la asignaci\u00f3n de la mujer al espacio privado, donde su \u00fanica funci\u00f3n al ser\nla procreaci\u00f3n, la educaci\u00f3n y el cuidado de los hijos, el cuidado de otros\nfamiliares y las labores dom\u00e9sticas, les ha imposibilitado sumarse a una fuerza\nlaboral que les otorgar\u00e1 prestaciones sociales que les garantizara los m\u00ednimos\nvitales de subsistencia.<\/p>\n\n\n\n<p class=\"wp-block-paragraph\">Y el\nsegundo, radica en la ingratitud y desvalorizaci\u00f3n que los hijos, parejas u\notros familiares hacen al minimizar y no remunerar el trabajo que las mujeres\nrealizan en el hogar, disfraz\u00e1ndolo de un supuesto matriarcado al cual est\u00e1n\nimpl\u00edcitamente obligadas por el simple hecho de ser madres, como si llevar la\norganizaci\u00f3n del hogar fuera el logro m\u00e1s grande al cual aspira una mujer.<\/p>\n\n\n\n<p class=\"wp-block-paragraph\">La\nvida de las madres que se resignaron al papel tradicional de mujer abnegada,\nson las que hoy padecen la incertidumbre de no tener los medios m\u00ednimos vitales\nde subsistencia, ni condiciones de salud id\u00f3neas que aminoren sus padecimientos\no limitaciones funcionales (f\u00edsicas, ps\u00edquicas o sociales) propias de su\navanzada edad.<\/p>\n\n\n\n<p class=\"wp-block-paragraph\">Ya\nque adem\u00e1s, entre los principales problemas a los que se enfrentan estas\nmujeres mayores se encuentra la constante discriminaci\u00f3n y violencia ejercida\nincluso por sus propios familiares. <\/p>\n\n\n\n<p class=\"wp-block-paragraph\">Puesto\nque, que un alto porcentaje es v\u00edctima de maltrato f\u00edsico, sexual, psicol\u00f3gico\nemocional; la violencia por razones econ\u00f3micas o materiales; el abandono, la\nnegligencia y el menoscabo grave de su dignidad y la falta de respeto son una\nconstante en su d\u00eda a d\u00eda; y m\u00e1s, si existen antecedentes de relaciones\nfamiliares disfuncionales donde la violencia ha sido normalizada, lo cual\nincrementa el riesgo de maltrato.<\/p>\n\n\n\n<p class=\"wp-block-paragraph\">Como\nya lo hemos mencionado en otras publicaciones, la situaci\u00f3n de vulnerabilidad\nde las mujeres aumenta conforme se a\u00f1aden otras categor\u00edas; ser mujer, adulta\nmayor, pobre, pero adem\u00e1s ind\u00edgena, afrodescendiente y otras m\u00e1s, es lo que\neleva su vulnerabilidad, riesgo, fragilidad y dependencia.<\/p>\n\n\n\n<p class=\"wp-block-paragraph\">En\ndefinitiva, la violencia ejercida en sus diferentes modalidades, la\ndiscriminaci\u00f3n por g\u00e9nero que se encuentra internalizada y normalizada en\nnuestra sociedad, son las causas principales por las cuales existe una gran\ncantidad de mujeres de edad avanzada en situaci\u00f3n de pobreza y riesgo; el no\nhaberles brindado oportunidades para su desarrollo personal y haberles hecho\ncreer que el ideal de la mujer se encontraba al interior del hogar y a la\ndisposici\u00f3n de su familia, es la injusticia m\u00e1s grande perpetrada en contra de\nellas. <\/p>\n\n\n\n<p class=\"wp-block-paragraph\">Resulta\ncontrastante el respeto y amor que se dice tener hacia las madres, cuando en\nrealidad solo se les tiene como esclavas que deben estar a disposici\u00f3n de la\nfamilia, con tal opini\u00f3n no quiero decir que el amor y dedicaci\u00f3n de las madres\nhacia sus familias sea malo, considero injusto no darles una remuneraci\u00f3n por\nel extenuante trabajo que realizan las 24 horas del d\u00eda durante los 365 d\u00edas\ndel a\u00f1o.<\/p>\n\n\n\n<p class=\"wp-block-paragraph\">Pero\nm\u00e1s injusto es no garantizarles calidad de vida durante su vejez, por todo el\ntiempo de servicio que no se les remuner\u00f3 y se les imposibilit\u00f3 trabajar; bajo\nel argumento de que ellas eligieron ese destino.<\/p>\n\n\n\n<p class=\"wp-block-paragraph\">Por\nello resulta incre\u00edble que en M\u00e9xico elogiemos a la figura materna, mientras\nque en cada esquina existe una mujer de edad avanzada realizando trabajos\npesados para su edad y condici\u00f3n f\u00edsica; o se encuentren pidiendo ayuda\necon\u00f3mica en las calles para poder comer o solventar su salud ya que ha sido\nabandonadas por aquellos que debieron mostrarle gratitud. <\/p>\n\n\n\n<p class=\"wp-block-paragraph\">Debemos\ntener en claro que las condiciones de pobreza de las personas mayores, as\u00ed como\nel maltrato ejercido en contra de ellas, es un problema importante de salud\np\u00fablica que va creciendo a paso acelerado y que mientras no se visibilice la\nviolencia, se eliminen estereotipos de g\u00e9nero y se sensibilice a la gente\nrespecto del trato que dan a sus familiares de edad avanzada, seguir\u00e1n expuesta\na la desigualdad social y a condiciones de vida deplorables.<\/p>\n\n\n\n<p class=\"wp-block-paragraph\">No\nbasta recordar que tenemos madre, tengamos tantita gratitud y garantic\u00e9mosles\nlo que les corresponde, no pueden seguir muriendo de enfermedad, cansancio y\nhambre cuando ya realizaron jornadas de trabajo dentro del hogar para toda la\nfamilia.<\/p>\n\n\n\n<p class=\"wp-block-paragraph\"><strong><em> <\/em><\/strong><\/p>\n","protected":false},"excerpt":{"rendered":"<p>En M\u00e9xico tenemos tanta madre que hasta nos falta<\/p>\n","protected":false},"author":3,"featured_media":9826,"comment_status":"open","ping_status":"open","sticky":false,"template":"","format":"standard","meta":{"_monsterinsights_skip_tracking":false,"footnotes":""},"categories":[690,103,93],"tags":[],"class_list":["post-9825","post","type-post","status-publish","format-standard","has-post-thumbnail","category-690","category-juego-de-palabras","category-yaneth-tamayo-avalos"],"_links":{"self":[{"href":"https:\/\/redsemlac.com\/semmexico\/wp-json\/wp\/v2\/posts\/9825","targetHints":{"allow":["GET"]}}],"collection":[{"href":"https:\/\/redsemlac.com\/semmexico\/wp-json\/wp\/v2\/posts"}],"about":[{"href":"https:\/\/redsemlac.com\/semmexico\/wp-json\/wp\/v2\/types\/post"}],"author":[{"embeddable":true,"href":"https:\/\/redsemlac.com\/semmexico\/wp-json\/wp\/v2\/users\/3"}],"replies":[{"embeddable":true,"href":"https:\/\/redsemlac.com\/semmexico\/wp-json\/wp\/v2\/comments?post=9825"}],"version-history":[{"count":0,"href":"https:\/\/redsemlac.com\/semmexico\/wp-json\/wp\/v2\/posts\/9825\/revisions"}],"wp:featuredmedia":[{"embeddable":true,"href":"https:\/\/redsemlac.com\/semmexico\/wp-json\/wp\/v2\/media\/9826"}],"wp:attachment":[{"href":"https:\/\/redsemlac.com\/semmexico\/wp-json\/wp\/v2\/media?parent=9825"}],"wp:term":[{"taxonomy":"category","embeddable":true,"href":"https:\/\/redsemlac.com\/semmexico\/wp-json\/wp\/v2\/categories?post=9825"},{"taxonomy":"post_tag","embeddable":true,"href":"https:\/\/redsemlac.com\/semmexico\/wp-json\/wp\/v2\/tags?post=9825"}],"curies":[{"name":"wp","href":"https:\/\/api.w.org\/{rel}","templated":true}]}}