{"id":98238,"date":"2025-08-30T15:06:32","date_gmt":"2025-08-30T21:06:32","guid":{"rendered":"https:\/\/redsemlac.com\/semmexico\/?p=98238"},"modified":"2025-08-30T15:06:33","modified_gmt":"2025-08-30T21:06:33","slug":"cuadernos-feministas-es-presencia-viva-del-continuo-transcurrir-del-feminismo-mexicano-un-balance","status":"publish","type":"post","link":"https:\/\/redsemlac.com\/semmexico\/cuadernos-feministas-es-presencia-viva-del-continuo-transcurrir-del-feminismo-mexicano-un-balance\/","title":{"rendered":"Cuadernos Feministas es presencia viva del continuo transcurrir del feminismo mexicano: un balance"},"content":{"rendered":"\n<p class=\"wp-block-paragraph\">Sara Lovera<\/p>\n\n\n\n<p class=\"wp-block-paragraph\">SemM\u00e9xico, Cd. de M\u00e9xico, 30 de agosto, 2025.- Con una bolsa de textos, reflexiones, recuerdos y creaciones del feminismo independiente de izquierda y las luchas renovadas,&nbsp; la revista&nbsp; <em>Cuadernos Feminista<\/em> cumple 28&nbsp; a\u00f1os este 2025, est\u00e1 listo en l\u00ednea el &nbsp;n\u00famero 41 que ofrece una mirada cr\u00edtica de 5 d\u00e9cadas de compromisos gubernamentales e institucionales, de los aportes del feminismo mexicano y&nbsp; hace un balance variopinto del primer a\u00f1o de gobierno de Claudia Sheinbaum Pardo , la primera mujer presidenta de M\u00e9xico.<\/p>\n\n\n\n<p class=\"wp-block-paragraph\">Sobre este primer a\u00f1o del nuevo sexenio, la revista, su cuidadosa lectura nos deja un halo de inquietud. Muchas palabras, discursos, promesas, su dosis de demagogia en el discurso hacia las mujeres y las pol\u00edticas propuestas.<\/p>\n\n\n\n<p class=\"wp-block-paragraph\">Este n\u00famero recoge las voces de feministas militantes; hace hincapi\u00e9 en el nuevo feminismo antripatriarcal y anticapitalista y como en todos sus n\u00fameros nos acerca a hechos, declaraciones y&nbsp; libros.<\/p>\n\n\n\n<p class=\"wp-block-paragraph\">En su contraportada destaca la lucha de m\u00e1s de un lustro de la&nbsp; periodista Soledad Jarqu\u00edn Edgar qui\u00e9n en su libro&nbsp; <em>Revelaciones de un Crimen de Estado: impunidad, corrupci\u00f3n y complicidad, <\/em>narra sus reflexiones, peripecias&nbsp; y experiencias sobre el asesinato de su hija&nbsp; y al mismo tiempo es un llamado a no acostumbrarnos a la impunidad, una fotograf\u00eda detallada de la&nbsp; burocracia, la omisi\u00f3n y la responsabilidad del Estado frente al feminicidio.<\/p>\n\n\n\n<p class=\"wp-block-paragraph\">Muy importante lo escrito y las reflexiones del apartado sobre el Balance a 50 a\u00f1os de que se instauraron pol\u00edticas institucionales para el avance de las mujeres con la celebraci\u00f3n de la primera Conferencia Mundial de la Mujer en 1975,&nbsp; los 30 a\u00f1os de la IV que, como dice la presentaci\u00f3n del n\u00famero, a cargo de Josefina Ch\u00e1vez Rodr\u00edguez, su directora,&nbsp; muestran hitos y avances&nbsp; significativos con&nbsp;&nbsp; impactos m\u00faltiples, pero contradictorios,&nbsp; que&nbsp; no han sido suficientes por las caracter\u00edsticas estructurales y patriarcales que permean sociedades y gobiernos, impidiendo la erradicaci\u00f3n de la discriminaci\u00f3n, de la violencia, la desigualdad y todas las formas de opresi\u00f3n que viven las mujeres en todo el mundo.<\/p>\n\n\n\n<figure class=\"wp-block-image size-large\"><a href=\"https:\/\/redsemlac.com\/semmexico\/wp-content\/uploads\/2025\/08\/cuadernos-02.jpg\"><img loading=\"lazy\" decoding=\"async\" width=\"1024\" height=\"768\" src=\"https:\/\/redsemlac.com\/semmexico\/wp-content\/uploads\/2025\/08\/cuadernos-02-1024x768.jpg\" alt=\"\" class=\"wp-image-98248\" srcset=\"https:\/\/redsemlac.com\/semmexico\/wp-content\/uploads\/2025\/08\/cuadernos-02-1024x768.jpg 1024w, https:\/\/redsemlac.com\/semmexico\/wp-content\/uploads\/2025\/08\/cuadernos-02-300x225.jpg 300w, https:\/\/redsemlac.com\/semmexico\/wp-content\/uploads\/2025\/08\/cuadernos-02-768x576.jpg 768w, https:\/\/redsemlac.com\/semmexico\/wp-content\/uploads\/2025\/08\/cuadernos-02-150x113.jpg 150w, https:\/\/redsemlac.com\/semmexico\/wp-content\/uploads\/2025\/08\/cuadernos-02-696x522.jpg 696w, https:\/\/redsemlac.com\/semmexico\/wp-content\/uploads\/2025\/08\/cuadernos-02-1068x801.jpg 1068w, https:\/\/redsemlac.com\/semmexico\/wp-content\/uploads\/2025\/08\/cuadernos-02.jpg 1280w\" sizes=\"auto, (max-width: 1024px) 100vw, 1024px\" \/><\/a><\/figure>\n\n\n\n<p class=\"wp-block-paragraph\">Superlativas son las colaboraciones sobre un balance del primer a\u00f1o de la presidenta Claudia Sheinbaum Pardo, sus&nbsp; pol\u00edticas p\u00fablicas hacia las mujeres, las limitaciones y contradicciones de las pol\u00edticas gubernamentales; que como dice&nbsp; Milisa Villaescusa, hay una contradicci\u00f3n entre la narrativa gubernamental y los ejes que se plantean para lograr la igualdad, pues la diferencia salarial entre hombres y mujeres persiste, siendo una de las principales barreras para lograr la igualdad real.<\/p>\n\n\n\n<p class=\"wp-block-paragraph\">Tambi\u00e9n resultan una lectura indispensable&nbsp; los textos de Elizabeth Maier y Roc\u00edo&nbsp; Duque, quienes nos ofrecen reflexiones sustantivas para entender el riesgo de nuestros avances, derechos y&nbsp; afanes en el gobierno de Donald Trump, en los Estados Unidos, sin dejar a un lado el indispensable contexto hist\u00f3rico.<\/p>\n\n\n\n<figure class=\"wp-block-image size-large\"><a href=\"https:\/\/redsemlac.com\/semmexico\/wp-content\/uploads\/2025\/08\/cuadernos-03-e1756587793997.jpg\"><img loading=\"lazy\" decoding=\"async\" width=\"768\" height=\"1024\" src=\"https:\/\/redsemlac.com\/semmexico\/wp-content\/uploads\/2025\/08\/cuadernos-03-e1756587793997-768x1024.jpg\" alt=\"\" class=\"wp-image-98239\" srcset=\"https:\/\/redsemlac.com\/semmexico\/wp-content\/uploads\/2025\/08\/cuadernos-03-e1756587793997-768x1024.jpg 768w, https:\/\/redsemlac.com\/semmexico\/wp-content\/uploads\/2025\/08\/cuadernos-03-e1756587793997-225x300.jpg 225w, https:\/\/redsemlac.com\/semmexico\/wp-content\/uploads\/2025\/08\/cuadernos-03-e1756587793997-150x200.jpg 150w, https:\/\/redsemlac.com\/semmexico\/wp-content\/uploads\/2025\/08\/cuadernos-03-e1756587793997-300x400.jpg 300w, https:\/\/redsemlac.com\/semmexico\/wp-content\/uploads\/2025\/08\/cuadernos-03-e1756587793997-696x928.jpg 696w, https:\/\/redsemlac.com\/semmexico\/wp-content\/uploads\/2025\/08\/cuadernos-03-e1756587793997-1068x1423.jpg 1068w, https:\/\/redsemlac.com\/semmexico\/wp-content\/uploads\/2025\/08\/cuadernos-03-e1756587793997.jpg 1091w\" sizes=\"auto, (max-width: 768px) 100vw, 768px\" \/><\/a><\/figure>\n\n\n\n<p class=\"wp-block-paragraph\"><strong>Este proyecto est\u00e1 vivo, seguir\u00e1, y ha conseguido mantener a sus fundadoras juntas&nbsp;<\/strong><\/p>\n\n\n\n<p class=\"wp-block-paragraph\">En <em>Cuadernos Feministas<\/em> destacamos como&nbsp; feminismo de izquierda independiente una sostenida cr\u00edtica desde los a\u00f1os 70,&nbsp; se\u00f1alando&nbsp; limitaciones a las agendas del aporte hist\u00f3rico del feminismo, narrando el enfrentamiento de&nbsp; expresiones culturales y estructuras conservadoras y falta de voluntad pol\u00edtica por parte de los gobiernos&nbsp; para la implementaci\u00f3n de los diversos acuerdos y recomendaciones que tienen que ser impulsadas para la igualdad no formal.<\/p>\n\n\n\n<p class=\"wp-block-paragraph\"><em>Cuadernos Feministas<\/em>, revista dirigida por Josefina Ch\u00e1vez Rodr\u00edguez, es una publicaci\u00f3n que durante casi tres d\u00e9cadas relata la historia de las luchas y las acciones del feminismo en M\u00e9xico desde una mirada comprometida y cr\u00edtica.<\/p>\n\n\n\n<p class=\"wp-block-paragraph\">Las 11 colaboraciones de este n\u00famero del colectivo original, que no ha variado, se lee a 5 de sus fundadoras y a 4 colaboradoras recurrentes.<\/p>\n\n\n\n<p class=\"wp-block-paragraph\">En Cuadernos Feministas nos reunimos en 1997, un grupo de mujeres feministas,&nbsp; militantes diversas, que en este n\u00famero muestra un compromiso sistem\u00e1tico con quienes nos leen, nos&nbsp; consultan y acompa\u00f1an, para escudri\u00f1ar el devenir del pensamiento y&nbsp; acci\u00f3n feminista.<\/p>\n\n\n\n<p class=\"wp-block-paragraph\"><strong><em>Aqu\u00ed el texto orientador de su presentaci\u00f3n:<\/em><\/strong><\/p>\n\n\n\n<p class=\"wp-block-paragraph\">Este a\u00f1o, 2025, se cumplen 50 a\u00f1os de la realizaci\u00f3n de la Primera Conferencia Mundial de la Mujer que tuvo lugar en la Ciudad de M\u00e9xico en 1975. Un a\u00f1o antes, en 1974, se hab\u00eda incorporado en el Art\u00edculo 4\u00ba. constitucional la igualdad formal entre hombres y mujeres.<\/p>\n\n\n\n<p class=\"wp-block-paragraph\">Tambi\u00e9n se cumplen 30 a\u00f1os de la realizaci\u00f3n de la IV Conferencia de la Mujer celebrada en Beijing, China. Ambas conferencias han sido hitos respecto a los derechos de las mujeres, en el marco institucional de la Organizaci\u00f3n de las Naciones Unidas (ONU).<\/p>\n\n\n\n<p class=\"wp-block-paragraph\">&nbsp;Avances muy significativos se han tenido sobre las formas de discriminaci\u00f3n sist\u00e9mica y para la igualdad de las mujeres, permitiendo un apuntalamiento hist\u00f3rico para la elaboraci\u00f3n de herramientas jur\u00eddicas que dotan de un marco de derechos humanos para las mujeres, as\u00ed como nuevas legislaciones y pol\u00edticas p\u00fablicas en los Estados que son parte de la ONU, entre otros.<\/p>\n\n\n\n<p class=\"wp-block-paragraph\">Los impactos han sido m\u00faltiples, contradictorios, al mismo tiempo que sus resoluciones han significado avances para las mujeres, no han sido suficientes por las caracter\u00edsticas estructurales y patriarcales que permean sociedades y gobiernos, impidiendo la erradicaci\u00f3n de la discriminaci\u00f3n, de la violencia, la desigualdad y todas las formas de opresi\u00f3n que viven las mujeres en todo el mundo.<\/p>\n\n\n\n<p class=\"wp-block-paragraph\">El feminismo de izquierda independiente ha sostenido una cr\u00edtica constante desde los a\u00f1os 70 sobre las limitaciones y elaboraron un listado y una agenda de propuestas que han conformado el aporte hist\u00f3rico del feminismo. Enfrentando tanto sectores, expresiones culturales y estructuras conservadoras y falta de voluntad pol\u00edtica por parte de los pa\u00edses para la implementaci\u00f3n de los diversos acuerdos y recomendaciones que tienen que ser impulsadas para la igualdad no formal.<\/p>\n\n\n\n<p class=\"wp-block-paragraph\">Los sectores m\u00e1s cr\u00edticos del movimiento feminista de izquierda han desarrollado an\u00e1lisis y cr\u00edticas en cuanto a la supeditaci\u00f3n de las luchas de las mujeres al marco de los derechos humanos, as\u00ed como, en muchas ocasiones, la mediatizaci\u00f3n de las luchas a trav\u00e9s de los financiamientos. Las pol\u00edticas capitalistas opresivas que sostienen la discriminaci\u00f3n y desigualdad requieren de an\u00e1lisis que incorporen otros referentes te\u00f3ricos y pol\u00edticos. Un potente y renovado movimiento feminista de corte anticapitalista es, sin lugar a dudas, un horizonte.<\/p>\n\n\n\n<p class=\"wp-block-paragraph\">As\u00ed, entre avances, retrocesos y retos desde 1975 a 2025, ahora, en este n\u00famero de la revista, presentamos miradas retrospectivas y actuales y a casi un a\u00f1o del ejercicio de gobierno de la primera mujer presidenta en el&nbsp; pa\u00eds, las colaboraciones para este n\u00famero 41 no pierden de vista estos contextos de referencia y cada una desde su inter\u00e9s particular contribuye con diversos y variados enfoques cr\u00edticos.<\/p>\n\n\n\n<p class=\"wp-block-paragraph\">Desde la experiencia situada <strong>Circe L\u00f3pez Riofr\u00edo<\/strong> hace un alto, reflexiona y a manera de corte de caja, realiza un recuento de la pr\u00e1ctica feminista que se ha desarrollado en el contexto neoliberal capitalista. Los aportes del&nbsp; feminismo, los logros del movimiento, sus contradicciones, tensiones, diferencias, los nuevos debates y nuevas configuraciones, la llevan a concluir sobre el surgimiento de un feminismo hegem\u00f3nico de corte neoliberal en el&nbsp; actual contexto pol\u00edtico nacional.<\/p>\n\n\n\n<p class=\"wp-block-paragraph\"><strong>Susana Vidales<\/strong>, hila una narraci\u00f3n sobre aspectos hist\u00f3ricos del surgimiento del movimiento feminista mexicano, las alianzas y posiciones cr\u00edticas, destacando, en particular, la realizaci\u00f3n del Acto Independiente con un posicionamiento sobre la Primera Conferencia Mundial sobre la Mujer. Continua la saga de memorias hist\u00f3ricas como protagonista, y nos brinda un chispeante relato autobiogr\u00e1fico de su experiencia de militancia feminista de izquierda.<\/p>\n\n\n\n<p class=\"wp-block-paragraph\">Paola Fern\u00e1ndez Lozano, pregunta, \u00bfY si el delito de feminicidio no alcanza? Menciona las tensiones en el \u00e1mbito jur\u00eddico y como el derecho ha sido un camino para la denuncia de las violaciones de derechos humanos y desde el feminismo se apuesta a un sistema de justicia diferente. Destaca la propuesta feminista en el marco de la IV Conferencia Mundial de la Mujer. Asimismo, se\u00f1ala&nbsp; que hay una problem\u00e1tica agravada en relaci\u00f3n con el feminicidio, analiza m\u00e1s all\u00e1 de los datos y nos ejemplifica con lo que nombra la sofisticaci\u00f3n del feminicidio con la narraci\u00f3n del caso emblem\u00e1tico de Milagros,&nbsp; ocurrido en Le\u00f3n Guanajuato el 10 de agosto de 2003.<\/p>\n\n\n\n<p class=\"wp-block-paragraph\">Varias de las colaboraciones realizan un balance del primer a\u00f1o de la presidenta Claudia Sheinbaum respecto de las pol\u00edticas p\u00fablicas hacia las mujeres, destacando las limitaciones y contradicciones de las pol\u00edticas gubernamentales.<\/p>\n\n\n\n<p class=\"wp-block-paragraph\">Para <strong>Milisa Villaescusa<\/strong>, hay una contradicci\u00f3n entre la narrativa gubernamental y los ejes que se plantean para lograr la igualdad, pues la diferencia salarial entre hombres y mujeres persiste, siendo una de las principales barreras para lograr la igualdad real. Se\u00f1ala que hay una dosis de demagogia en el discurso hacia las mujeres y las pol\u00edticas propuestas, destacando en especial la pol\u00edtica p\u00fablica que se necesita para la creaci\u00f3n del&nbsp; Sistema Nacional de Cuidados.<\/p>\n\n\n\n<p class=\"wp-block-paragraph\">Para <strong>Georgina C\u00e1rdenas<\/strong>, aunque el Sistema Nacional de Cuidados est\u00e1 contemplado como prioridad, no hay presupuestos para su ejecuci\u00f3n institucional. Lo anterior lo muestra a partir de un ejercicio comparativo de la&nbsp; agenda de g\u00e9nero propuesta por la presidenta, las propuestas de campa\u00f1a, los compromisos asumidos en el&nbsp; Plan de Gobierno y los recursos asignados.<\/p>\n\n\n\n<p class=\"wp-block-paragraph\"><strong>Sara Lovera<\/strong>, en su art\u00edculo menciona las omisiones en el discurso presidencial de las madres de v\u00edctimas de feminicidio y personas desaparecidas. En un ejercicio de pluralidad y compromiso, entrevista y recupera&nbsp; las voces de varias destacadas feministas de larga trayectoria: Alma Oceguera, Lourdes Garc\u00eda, Elena Tapia, Alejandra Rojas y Leticia Burgos, todas ellas, hicieron se\u00f1alamientos cr\u00edticos al gobierno: un largo proceso de institucionalizaci\u00f3n de sectores del feminismo, que el centro rector sean las \u201cpol\u00edticas del Bienestar\u201d \u2013como un maquillaje de la pol\u00edtica tradicional de g\u00e9nero\u2013, un&nbsp; discurso demag\u00f3gico y pr\u00e1cticas corporativistas, entre&nbsp; otros temas que abordan.<\/p>\n\n\n\n<p class=\"wp-block-paragraph\">En torno a los <strong>cuerpos de las mujeres<\/strong> y los estigmas que a\u00fan persisten, Sonia del Valle hace una reflexi\u00f3n&nbsp; sobre c\u00f3mo se vive la menstruaci\u00f3n, los prejuicios y costumbres, centra \u00e9ste en la ausencia de ense\u00f1anzas sobre el tema en el sistema educativo. Hablar de \u00bfqu\u00e9 es la menstruaci\u00f3n? y las condiciones que enfrentan&nbsp; las j\u00f3venes en las escuelas, pues el entorno social sigue estigmatizando el ciclo menstrual. Propone un necesario abordaje comunitario y el cambio de condiciones en la infraestructura de las escuelas.<\/p>\n\n\n\n<p class=\"wp-block-paragraph\">En el contexto del gobierno de <strong>Donald Trump en los Estados Unidos<\/strong>, Liz Maier desarrolla un acercamiento al&nbsp; autoritarismo posmoderno, o posdemocr\u00e1tico, a partir del caos que han propiciado las m\u00faltiples \u00f3rdenes presidenciales. Para Liz Maier son t\u00e1cticas de una estrategia muy elaborada por personajes de la ultraderecha para ejecutar la transici\u00f3n de una democracia liberal a una autocracia religiosa. Una colaboraci\u00f3n muy necesaria para la comprensi\u00f3n del impacto social de las pol\u00edticas de Trump, que restringen derechos y libertades y profundizan las desigualdades y la discriminaci\u00f3n.<\/p>\n\n\n\n<p class=\"wp-block-paragraph\">Por su parte, <strong>Roc\u00edo Duque<\/strong> destaca los aportes de las afroamericanas al movimiento de liberaci\u00f3n y de derechos civiles, as\u00ed como sus contribuciones te\u00f3ricas y activistas al feminismo en los Estados Unidos, por largo tiempo ignorados, ahora son retomados, pero como una \u201cbanalizaci\u00f3n y deshistorizaci\u00f3n\u201d.&nbsp; Se\u00f1ala que los caminos andados del feminismo de izquierda son tambi\u00e9n transitados por mujeres de la derecha. Plantea m\u00faltiples interrogantes sobre el feminismo y desglosa ejemplos ilustrativos y comparativos de los hilos que est\u00e1 estirando. El siglo XXI nos trajo a la \u201cgirlboss\u201d y la filosof\u00eda del alineamiento.<\/p>\n\n\n\n<p class=\"wp-block-paragraph\">Se cumplieron ocho a\u00f1os del surgimiento de la iniciativa de la Huelga Internacional de las Mujeres que en 2017 se convirti\u00f3 en un hito hist\u00f3rico. Josefina Ch\u00e1vez contribuye con una narraci\u00f3n que visibiliza la fuerza, la persistencia y el crecimiento de un movimiento feminista y de mujeres muy diverso y de distintas generaciones, donde las j\u00f3venes siguen siendo el motor fundamental de esta nueva oleada feminista mexicana, expresando su malestar se\u00f1alando cr\u00edticamente que \u201cno llegamos todas\u201d, y en donde el clamor generalizado a nivel nacional fue: justicia.<\/p>\n\n\n\n<p class=\"wp-block-paragraph\"><strong>Ana Mar\u00eda Hern\u00e1ndez y Gezabel Guzm\u00e1n<\/strong> presentan una rese\u00f1a del libro de Silvia Federici: <em>El patriarcado del salario<\/em>, muy \u00fatil en estos tiempos en donde el tema de los cuidados ha tomado relevancia. Sin duda la lectura del libro es imprescindible para ampliar nuestro conocimiento sobre lo que Federici menciona como las deudas del marxismo con el feminismo. Una lectura que invita a cuestionar el modelo capitalista, en donde ser productivo significa ser explotado.<\/p>\n\n\n\n<p class=\"wp-block-paragraph\">Se viven tiempos complejos en el escenario internacional y una crisis capitalista sin precedente. Expresamos nuestro repudio a la guerra del Estado de Israel contra el pueblo palestino, familias, mujeres y ni\u00f1os, una cruel ofensiva utilizando la hambruna como arma de guerra y sumamos nuestras voces en contra del genocidio principales barreras para lograr la igualdad real.<\/p>\n\n\n\n<figure class=\"wp-block-image size-full\"><a href=\"https:\/\/redsemlac.com\/semmexico\/wp-content\/uploads\/2025\/08\/cuadernos-04.png\"><img loading=\"lazy\" decoding=\"async\" width=\"803\" height=\"887\" src=\"https:\/\/redsemlac.com\/semmexico\/wp-content\/uploads\/2025\/08\/cuadernos-04.png\" alt=\"\" class=\"wp-image-98240\" srcset=\"https:\/\/redsemlac.com\/semmexico\/wp-content\/uploads\/2025\/08\/cuadernos-04.png 803w, https:\/\/redsemlac.com\/semmexico\/wp-content\/uploads\/2025\/08\/cuadernos-04-272x300.png 272w, https:\/\/redsemlac.com\/semmexico\/wp-content\/uploads\/2025\/08\/cuadernos-04-768x848.png 768w, https:\/\/redsemlac.com\/semmexico\/wp-content\/uploads\/2025\/08\/cuadernos-04-150x166.png 150w, https:\/\/redsemlac.com\/semmexico\/wp-content\/uploads\/2025\/08\/cuadernos-04-300x331.png 300w, https:\/\/redsemlac.com\/semmexico\/wp-content\/uploads\/2025\/08\/cuadernos-04-696x769.png 696w\" sizes=\"auto, (max-width: 803px) 100vw, 803px\" \/><\/a><\/figure>\n\n\n\n<figure class=\"wp-block-image size-large\"><a href=\"https:\/\/redsemlac.com\/semmexico\/wp-content\/uploads\/2025\/08\/cuadernos-05-e1756587781737.jpg\"><img loading=\"lazy\" decoding=\"async\" width=\"768\" height=\"1024\" src=\"https:\/\/redsemlac.com\/semmexico\/wp-content\/uploads\/2025\/08\/cuadernos-05-e1756587781737-768x1024.jpg\" alt=\"\" class=\"wp-image-98241\" srcset=\"https:\/\/redsemlac.com\/semmexico\/wp-content\/uploads\/2025\/08\/cuadernos-05-e1756587781737-768x1024.jpg 768w, https:\/\/redsemlac.com\/semmexico\/wp-content\/uploads\/2025\/08\/cuadernos-05-e1756587781737-225x300.jpg 225w, https:\/\/redsemlac.com\/semmexico\/wp-content\/uploads\/2025\/08\/cuadernos-05-e1756587781737-150x200.jpg 150w, https:\/\/redsemlac.com\/semmexico\/wp-content\/uploads\/2025\/08\/cuadernos-05-e1756587781737-300x400.jpg 300w, https:\/\/redsemlac.com\/semmexico\/wp-content\/uploads\/2025\/08\/cuadernos-05-e1756587781737-696x928.jpg 696w, https:\/\/redsemlac.com\/semmexico\/wp-content\/uploads\/2025\/08\/cuadernos-05-e1756587781737-1068x1423.jpg 1068w, https:\/\/redsemlac.com\/semmexico\/wp-content\/uploads\/2025\/08\/cuadernos-05-e1756587781737.jpg 1091w\" sizes=\"auto, (max-width: 768px) 100vw, 768px\" \/><\/a><\/figure>\n\n\n\n<figure class=\"wp-block-image size-large\"><a href=\"https:\/\/redsemlac.com\/semmexico\/wp-content\/uploads\/2025\/08\/cuadernos-06.jpg\"><img loading=\"lazy\" decoding=\"async\" width=\"1024\" height=\"768\" src=\"https:\/\/redsemlac.com\/semmexico\/wp-content\/uploads\/2025\/08\/cuadernos-06-1024x768.jpg\" alt=\"\" class=\"wp-image-98242\" srcset=\"https:\/\/redsemlac.com\/semmexico\/wp-content\/uploads\/2025\/08\/cuadernos-06-1024x768.jpg 1024w, https:\/\/redsemlac.com\/semmexico\/wp-content\/uploads\/2025\/08\/cuadernos-06-300x225.jpg 300w, https:\/\/redsemlac.com\/semmexico\/wp-content\/uploads\/2025\/08\/cuadernos-06-768x576.jpg 768w, https:\/\/redsemlac.com\/semmexico\/wp-content\/uploads\/2025\/08\/cuadernos-06-150x113.jpg 150w, https:\/\/redsemlac.com\/semmexico\/wp-content\/uploads\/2025\/08\/cuadernos-06-696x522.jpg 696w, https:\/\/redsemlac.com\/semmexico\/wp-content\/uploads\/2025\/08\/cuadernos-06-1068x801.jpg 1068w, https:\/\/redsemlac.com\/semmexico\/wp-content\/uploads\/2025\/08\/cuadernos-06.jpg 1454w\" sizes=\"auto, (max-width: 1024px) 100vw, 1024px\" \/><\/a><\/figure>\n\n\n\n<figure class=\"wp-block-image size-large\"><a href=\"https:\/\/redsemlac.com\/semmexico\/wp-content\/uploads\/2025\/08\/cuadernos-07.jpg\"><img loading=\"lazy\" decoding=\"async\" width=\"576\" height=\"1024\" src=\"https:\/\/redsemlac.com\/semmexico\/wp-content\/uploads\/2025\/08\/cuadernos-07-576x1024.jpg\" alt=\"\" class=\"wp-image-98243\" srcset=\"https:\/\/redsemlac.com\/semmexico\/wp-content\/uploads\/2025\/08\/cuadernos-07-576x1024.jpg 576w, https:\/\/redsemlac.com\/semmexico\/wp-content\/uploads\/2025\/08\/cuadernos-07-169x300.jpg 169w, https:\/\/redsemlac.com\/semmexico\/wp-content\/uploads\/2025\/08\/cuadernos-07-768x1366.jpg 768w, https:\/\/redsemlac.com\/semmexico\/wp-content\/uploads\/2025\/08\/cuadernos-07-864x1536.jpg 864w, https:\/\/redsemlac.com\/semmexico\/wp-content\/uploads\/2025\/08\/cuadernos-07-150x267.jpg 150w, https:\/\/redsemlac.com\/semmexico\/wp-content\/uploads\/2025\/08\/cuadernos-07-300x534.jpg 300w, https:\/\/redsemlac.com\/semmexico\/wp-content\/uploads\/2025\/08\/cuadernos-07-696x1238.jpg 696w, https:\/\/redsemlac.com\/semmexico\/wp-content\/uploads\/2025\/08\/cuadernos-07.jpg 899w\" sizes=\"auto, (max-width: 576px) 100vw, 576px\" \/><\/a><\/figure>\n\n\n\n<figure class=\"wp-block-image size-large\"><a href=\"https:\/\/redsemlac.com\/semmexico\/wp-content\/uploads\/2025\/08\/cuadernos-08.jpg\"><img loading=\"lazy\" decoding=\"async\" width=\"1024\" height=\"1024\" src=\"https:\/\/redsemlac.com\/semmexico\/wp-content\/uploads\/2025\/08\/cuadernos-08-1024x1024.jpg\" alt=\"\" class=\"wp-image-98244\" srcset=\"https:\/\/redsemlac.com\/semmexico\/wp-content\/uploads\/2025\/08\/cuadernos-08-1024x1024.jpg 1024w, https:\/\/redsemlac.com\/semmexico\/wp-content\/uploads\/2025\/08\/cuadernos-08-300x300.jpg 300w, https:\/\/redsemlac.com\/semmexico\/wp-content\/uploads\/2025\/08\/cuadernos-08-150x150.jpg 150w, https:\/\/redsemlac.com\/semmexico\/wp-content\/uploads\/2025\/08\/cuadernos-08-768x768.jpg 768w, https:\/\/redsemlac.com\/semmexico\/wp-content\/uploads\/2025\/08\/cuadernos-08-696x696.jpg 696w, https:\/\/redsemlac.com\/semmexico\/wp-content\/uploads\/2025\/08\/cuadernos-08-1068x1068.jpg 1068w, https:\/\/redsemlac.com\/semmexico\/wp-content\/uploads\/2025\/08\/cuadernos-08.jpg 1080w\" sizes=\"auto, (max-width: 1024px) 100vw, 1024px\" \/><\/a><\/figure>\n\n\n\n<figure class=\"wp-block-image size-large\"><a href=\"https:\/\/redsemlac.com\/semmexico\/wp-content\/uploads\/2025\/08\/cuadernos-09.jpg\"><img loading=\"lazy\" decoding=\"async\" width=\"1024\" height=\"768\" src=\"https:\/\/redsemlac.com\/semmexico\/wp-content\/uploads\/2025\/08\/cuadernos-09-1024x768.jpg\" alt=\"\" class=\"wp-image-98245\" srcset=\"https:\/\/redsemlac.com\/semmexico\/wp-content\/uploads\/2025\/08\/cuadernos-09-1024x768.jpg 1024w, https:\/\/redsemlac.com\/semmexico\/wp-content\/uploads\/2025\/08\/cuadernos-09-300x225.jpg 300w, https:\/\/redsemlac.com\/semmexico\/wp-content\/uploads\/2025\/08\/cuadernos-09-768x576.jpg 768w, https:\/\/redsemlac.com\/semmexico\/wp-content\/uploads\/2025\/08\/cuadernos-09-150x113.jpg 150w, https:\/\/redsemlac.com\/semmexico\/wp-content\/uploads\/2025\/08\/cuadernos-09-696x522.jpg 696w, https:\/\/redsemlac.com\/semmexico\/wp-content\/uploads\/2025\/08\/cuadernos-09-1068x801.jpg 1068w, https:\/\/redsemlac.com\/semmexico\/wp-content\/uploads\/2025\/08\/cuadernos-09.jpg 1454w\" sizes=\"auto, (max-width: 1024px) 100vw, 1024px\" \/><\/a><\/figure>\n\n\n\n<figure class=\"wp-block-image size-large\"><a href=\"https:\/\/redsemlac.com\/semmexico\/wp-content\/uploads\/2025\/08\/cuadernos-10.jpg\"><img loading=\"lazy\" decoding=\"async\" width=\"1024\" height=\"768\" src=\"https:\/\/redsemlac.com\/semmexico\/wp-content\/uploads\/2025\/08\/cuadernos-10-1024x768.jpg\" alt=\"\" class=\"wp-image-98246\" srcset=\"https:\/\/redsemlac.com\/semmexico\/wp-content\/uploads\/2025\/08\/cuadernos-10-1024x768.jpg 1024w, https:\/\/redsemlac.com\/semmexico\/wp-content\/uploads\/2025\/08\/cuadernos-10-300x225.jpg 300w, https:\/\/redsemlac.com\/semmexico\/wp-content\/uploads\/2025\/08\/cuadernos-10-768x576.jpg 768w, https:\/\/redsemlac.com\/semmexico\/wp-content\/uploads\/2025\/08\/cuadernos-10-150x113.jpg 150w, https:\/\/redsemlac.com\/semmexico\/wp-content\/uploads\/2025\/08\/cuadernos-10-696x522.jpg 696w, https:\/\/redsemlac.com\/semmexico\/wp-content\/uploads\/2025\/08\/cuadernos-10.jpg 1040w\" sizes=\"auto, (max-width: 1024px) 100vw, 1024px\" \/><\/a><\/figure>\n","protected":false},"excerpt":{"rendered":"<p>Sara Lovera SemM\u00e9xico, Cd. de M\u00e9xico, 30 de agosto, 2025.- Con una bolsa de textos, reflexiones, recuerdos y creaciones del feminismo independiente de izquierda y las luchas renovadas,&nbsp; la revista&nbsp; Cuadernos Feminista cumple 28&nbsp; a\u00f1os este 2025, est\u00e1 listo en l\u00ednea el &nbsp;n\u00famero 41 que ofrece una mirada cr\u00edtica de 5 d\u00e9cadas de compromisos gubernamentales [&hellip;]<\/p>\n","protected":false},"author":3,"featured_media":98247,"comment_status":"open","ping_status":"open","sticky":false,"template":"","format":"standard","meta":{"_monsterinsights_skip_tracking":false,"footnotes":""},"categories":[748,694],"tags":[],"class_list":["post-98238","post","type-post","status-publish","format-standard","has-post-thumbnail","category-cultura-feminista","category-destacadas"],"_links":{"self":[{"href":"https:\/\/redsemlac.com\/semmexico\/wp-json\/wp\/v2\/posts\/98238","targetHints":{"allow":["GET"]}}],"collection":[{"href":"https:\/\/redsemlac.com\/semmexico\/wp-json\/wp\/v2\/posts"}],"about":[{"href":"https:\/\/redsemlac.com\/semmexico\/wp-json\/wp\/v2\/types\/post"}],"author":[{"embeddable":true,"href":"https:\/\/redsemlac.com\/semmexico\/wp-json\/wp\/v2\/users\/3"}],"replies":[{"embeddable":true,"href":"https:\/\/redsemlac.com\/semmexico\/wp-json\/wp\/v2\/comments?post=98238"}],"version-history":[{"count":0,"href":"https:\/\/redsemlac.com\/semmexico\/wp-json\/wp\/v2\/posts\/98238\/revisions"}],"wp:featuredmedia":[{"embeddable":true,"href":"https:\/\/redsemlac.com\/semmexico\/wp-json\/wp\/v2\/media\/98247"}],"wp:attachment":[{"href":"https:\/\/redsemlac.com\/semmexico\/wp-json\/wp\/v2\/media?parent=98238"}],"wp:term":[{"taxonomy":"category","embeddable":true,"href":"https:\/\/redsemlac.com\/semmexico\/wp-json\/wp\/v2\/categories?post=98238"},{"taxonomy":"post_tag","embeddable":true,"href":"https:\/\/redsemlac.com\/semmexico\/wp-json\/wp\/v2\/tags?post=98238"}],"curies":[{"name":"wp","href":"https:\/\/api.w.org\/{rel}","templated":true}]}}