{"id":98234,"date":"2025-08-29T20:07:02","date_gmt":"2025-08-30T02:07:02","guid":{"rendered":"https:\/\/redsemlac.com\/semmexico\/?p=98234"},"modified":"2025-08-29T20:19:23","modified_gmt":"2025-08-30T02:19:23","slug":"irma-saucedo-estrena-documental-sobre-protestas-de-latinos-en-los-anos-70-en-chicago","status":"publish","type":"post","link":"https:\/\/redsemlac.com\/semmexico\/irma-saucedo-estrena-documental-sobre-protestas-de-latinos-en-los-anos-70-en-chicago\/","title":{"rendered":"Irma Saucedo estrena documental sobre protestas de latinos en los a\u00f1os 70 en Chicago"},"content":{"rendered":"\n<ul class=\"wp-block-list\">\n<li>Su \u00f3pera prima, \u201cMarta\u201d se presenta en la Cineteca Nacional dentro de la XXI Muestra Internacional de Mujeres en el Cine y la Televisi\u00f3n<\/li>\n<\/ul>\n\n\n\n<p class=\"wp-block-paragraph\">Kevin Arag\u00f3n<\/p>\n\n\n\n<p class=\"wp-block-paragraph\">SemM\u00e9xico\/El Sol de M\u00e9xico, 29 de agosto, 2025.- \u201cEste es el momento, si nos organizamos los&nbsp;<a href=\"https:\/\/oem.com.mx\/elsoldemexico\/cultura\/fallece-lourdes-ambriz-soprano-mexicana-que-le-dio-voz-a-bella-en-la-bella-y-la-bestia-25461976\" target=\"_blank\" rel=\"noreferrer noopener\">latinos<\/a>&nbsp;podemos ser escuchados y cambiar lo que est\u00e1 pasando en&nbsp;Estados Unidos\u201d, dice en entrevista con&nbsp;El Sol de M\u00e9xico&nbsp;la soci\u00f3loga y directora&nbsp;Irma Saucedo, quien este viernes presenta en&nbsp;M\u00e9xico&nbsp;su documental&nbsp;\u201cMarta\u201d, como parte de la XXI Muestra Internacional de&nbsp;Mujeres en el Cine y la Televisi\u00f3n.<\/p>\n\n\n\n<p class=\"wp-block-paragraph\">El filme recupera el desarrollo del movimiento de la poblaci\u00f3n latina (principalmente mexicanos y puertorrique\u00f1os) y afroamericana que en la d\u00e9cada de 1970 en&nbsp;Chicago&nbsp;logr\u00f3 su inclusi\u00f3n en la&nbsp;Universidad de Illinois; la directora busca inspirar a la poblaci\u00f3n&nbsp;latina&nbsp;en&nbsp;EU, a trav\u00e9s del ejercicio de la memoria.<\/p>\n\n\n\n<p class=\"wp-block-paragraph\">\u201cLo que yo quer\u00eda era narrar un proceso de \u00e9xito de organizaci\u00f3n de la comunidad&nbsp;latina, al que despu\u00e9s se uni\u00f3 la comunidad negra, con el que pudimos tener incidencia en la pol\u00edtica de&nbsp;Chicago, porque derrocamos al alcalde racista que hab\u00eda dominado por tanto tiempo y que en esa \u00e9poca fue equivalente a derrocar al&nbsp;PRI\u201d, dice&nbsp;Irma Saucedo, quien en esa d\u00e9cada lleg\u00f3 a estudiar a&nbsp;Chicago&nbsp;donde tuvo que enfrentar dificultades por su origen mexicano.<\/p>\n\n\n\n<p class=\"wp-block-paragraph\">\u201cFue a ra\u00edz de eso que logramos un programa de reclutamiento de&nbsp;latinos&nbsp;para la universidad, centros de atenci\u00f3n, representaci\u00f3n en muchos lugares. Este documental muestra c\u00f3mo empezaron a tener alguna visibilidad dentro de los&nbsp;Estados Unidos\u201d, agrega la especialista, quien para la realizaci\u00f3n del documental invirti\u00f3 ocho a\u00f1os, durante los cuales hizo entrevistas, consult\u00f3 archivos y aprendi\u00f3 cinematograf\u00eda.<\/p>\n\n\n\n<p class=\"wp-block-paragraph\"><strong>Una mujer brillante<\/strong><\/p>\n\n\n\n<p class=\"wp-block-paragraph\">Cuenta la doctora&nbsp;Saucedo&nbsp;que al buscar c\u00f3mo narrar esta historia, busc\u00f3 que fuera a trav\u00e9s del enfoque de una de sus protagonistas:&nbsp;Marta Rodr\u00edguez, con quien resisti\u00f3 hombro con hombro. El documental toma como referencia, entre otros momentos, la llegada de&nbsp;Marta&nbsp;a&nbsp;EU, narra el momento en que ambas se conocieron e incluso el arresto que sufrieron durante las protestas.<\/p>\n\n\n\n<p class=\"wp-block-paragraph\">\u201cMarta&nbsp;es una mujer brillante, inteligent\u00edsima, puertorrique\u00f1a-independentista y que ha sido activista durante toda su vida. Desde que yo la conoc\u00ed, siempre la vi involucrada en procesos sociales. Esta historia es potent\u00edsima por eso y porque es una mujer ciega y porque es probablemente una de las mujeres que sabe m\u00e1s de pol\u00edtica mundial y porque es de los personajes m\u00e1s activos en la independencia de&nbsp;Puerto Rico.<\/p>\n\n\n\n<p class=\"wp-block-paragraph\">\u201cElla es una mujer que toda su vida ha estado luchando por la mejora de la humanidad. Eso para m\u00ed es en esencia del movimiento feminista y de todas las&nbsp;mujeres&nbsp;que nos hemos involucrado en todo tipo de resistencias\u201d.<\/p>\n\n\n\n<p class=\"wp-block-paragraph\">Para llevar a cabo la entrevista,&nbsp;Saucedo&nbsp;viaj\u00f3 a&nbsp;Puerto Rico&nbsp;donde busc\u00f3 a otros integrantes del movimiento que tambi\u00e9n dieron el testimonio de su lucha. Entre los entrevistados se encuentra el poeta&nbsp;Rafael Cancel Miranda, considerado el m\u00e1s importante l\u00edder independentista&nbsp;puertorrique\u00f1o, quien falleci\u00f3 luego de charlar con&nbsp;Marta&nbsp;y la directora.<\/p>\n\n\n\n<p class=\"wp-block-paragraph\">Al formar parte de la Muestra Internacional de&nbsp;Mujeres en el Cine y la Televisi\u00f3n&nbsp;que se presenta en la&nbsp;Cineteca Nacional,&nbsp;Irma Saucedo&nbsp;dice estar orgullosa de ser parte de la selecci\u00f3n y darse cuenta de que la presencia femenina tiene gran fuerza en el pa\u00eds, aunque hay mucho por trabajar.<\/p>\n\n\n\n<p class=\"wp-block-paragraph\">\u201cYo creo ahora estamos entrando muchas m\u00e1s&nbsp;mujeres&nbsp;al cine y eso marca una gran diferencia porque los temas son mucho m\u00e1s variados: sobre el cuerpo, sobre el erotismo, la sexualidad, la discriminaci\u00f3n y m\u00e1s, que representan la vida de las&nbsp;mujeres, no imaginadas por los hombres\u201d, finaliza.<\/p>\n\n\n\n<p class=\"wp-block-paragraph\">SEM-El Sol de M\u00e9xico\/ka<\/p>\n","protected":false},"excerpt":{"rendered":"<p>Kevin Arag\u00f3n SemM\u00e9xico\/El Sol de M\u00e9xico, 29 de agosto, 2025.- \u201cEste es el momento, si nos organizamos los&nbsp;latinos&nbsp;podemos ser escuchados y cambiar lo que est\u00e1 pasando en&nbsp;Estados Unidos\u201d, dice en entrevista con&nbsp;El Sol de M\u00e9xico&nbsp;la soci\u00f3loga y directora&nbsp;Irma Saucedo, quien este viernes presenta en&nbsp;M\u00e9xico&nbsp;su documental&nbsp;\u201cMarta\u201d, como parte de la XXI Muestra Internacional de&nbsp;Mujeres en el [&hellip;]<\/p>\n","protected":false},"author":3,"featured_media":98236,"comment_status":"open","ping_status":"open","sticky":false,"template":"","format":"standard","meta":{"_monsterinsights_skip_tracking":false,"footnotes":""},"categories":[748],"tags":[],"class_list":["post-98234","post","type-post","status-publish","format-standard","has-post-thumbnail","category-cultura-feminista"],"_links":{"self":[{"href":"https:\/\/redsemlac.com\/semmexico\/wp-json\/wp\/v2\/posts\/98234","targetHints":{"allow":["GET"]}}],"collection":[{"href":"https:\/\/redsemlac.com\/semmexico\/wp-json\/wp\/v2\/posts"}],"about":[{"href":"https:\/\/redsemlac.com\/semmexico\/wp-json\/wp\/v2\/types\/post"}],"author":[{"embeddable":true,"href":"https:\/\/redsemlac.com\/semmexico\/wp-json\/wp\/v2\/users\/3"}],"replies":[{"embeddable":true,"href":"https:\/\/redsemlac.com\/semmexico\/wp-json\/wp\/v2\/comments?post=98234"}],"version-history":[{"count":0,"href":"https:\/\/redsemlac.com\/semmexico\/wp-json\/wp\/v2\/posts\/98234\/revisions"}],"wp:featuredmedia":[{"embeddable":true,"href":"https:\/\/redsemlac.com\/semmexico\/wp-json\/wp\/v2\/media\/98236"}],"wp:attachment":[{"href":"https:\/\/redsemlac.com\/semmexico\/wp-json\/wp\/v2\/media?parent=98234"}],"wp:term":[{"taxonomy":"category","embeddable":true,"href":"https:\/\/redsemlac.com\/semmexico\/wp-json\/wp\/v2\/categories?post=98234"},{"taxonomy":"post_tag","embeddable":true,"href":"https:\/\/redsemlac.com\/semmexico\/wp-json\/wp\/v2\/tags?post=98234"}],"curies":[{"name":"wp","href":"https:\/\/api.w.org\/{rel}","templated":true}]}}