{"id":98226,"date":"2025-08-29T19:50:24","date_gmt":"2025-08-30T01:50:24","guid":{"rendered":"https:\/\/redsemlac.com\/semmexico\/?p=98226"},"modified":"2025-08-29T19:50:25","modified_gmt":"2025-08-30T01:50:25","slug":"liberan-presunto-responsable-del-asesinato-de-la-periodista-maria-elena-ferral","status":"publish","type":"post","link":"https:\/\/redsemlac.com\/semmexico\/liberan-presunto-responsable-del-asesinato-de-la-periodista-maria-elena-ferral\/","title":{"rendered":"Liberan presunto responsable del asesinato de la periodista Mar\u00eda Elena Ferral"},"content":{"rendered":"\n<ul class=\"wp-block-list\">\n<li>Es el segundo presunto implicado liberado<\/li>\n\n\n\n<li>Exigen investigar de acuerdo al\u00a0<em>Protocolo Homologado de Delitos Contra la Libertad de Expresi\u00f3n<\/em><\/li>\n<\/ul>\n\n\n\n<p class=\"wp-block-paragraph\">SemM\u00e9xico, Ciudad de M\u00e9xico, 29 de agosto, 2025.-&nbsp;El jueves 28 de agosto de 2025, uno de los presuntos implicados en el asesinato de la periodista y directora del medio&nbsp;<em>Quinto Poder<\/em>, Mar\u00eda Elena Ferral \u2013perpetrado el 30 de marzo de 2020 en Papantla, Veracruz\u2013 fue liberado por mandato del Segundo Tribunal Colegiado en Materia Penal del S\u00e9ptimo Circuito, el cual le concedi\u00f3 un amparo bajo el argumento de falta de evidencias en su contra.<\/p>\n\n\n\n<p class=\"wp-block-paragraph\">As\u00ed lo informa ARTICLE 19, que se\u00f1ala que se trata de la segunda liberaci\u00f3n otorgada a personas se\u00f1aladas como presuntas responsables. La primera ocurri\u00f3 en 2024, cuando un juez civil orden\u00f3 la excarcelaci\u00f3n de otro de los nueve presuntos implicados, tambi\u00e9n por supuestas irregularidades en el proceso encabezado por la Fiscal\u00eda General del Estado (FGE) de Veracruz.<\/p>\n\n\n\n<p class=\"wp-block-paragraph\">La organizaci\u00f3n exigi\u00f3 -a cinco a\u00f1os de impunidad en este caso-, a la Fiscal\u00eda de Veracruz, llevar a cabo las investigaciones del caso de Mar\u00eda Elena Ferral acorde al&nbsp;<em>Protocolo Homologado de Delitos Contra la Libertad de Expresi\u00f3n<\/em>, con el fin de garantizar su obligaci\u00f3n de acceso a la justicia para las v\u00edctimas; esto, en conjunto con la familia, para procurar su protecci\u00f3n e integridad personal.<\/p>\n\n\n\n<p class=\"wp-block-paragraph\">En tanto, a los poderes judiciales de Veracruz y de la Federaci\u00f3n, actuar con perspectiva de derechos humanos y de libertad de expresi\u00f3n, evitando decisiones que revictimicen a las familias y perpet\u00faen la impunidad.<\/p>\n\n\n\n<p class=\"wp-block-paragraph\">Al Estado mexicano, en su nivel federal, estatal y local, aplicar medidas efectivas a trav\u00e9s de la creaci\u00f3n de pol\u00edticas p\u00fablicas integrales que protejan tanto a periodistas como a sus familias.<\/p>\n\n\n\n<p class=\"wp-block-paragraph\">ARTICLE 19 reprueba las deficiencias en la investigaci\u00f3n ministerial, las cuales se traducen en la negaci\u00f3n del acceso a la justicia para las v\u00edctimas. El desaseo con el que la Fiscal\u00eda de Veracruz condujo la investigaci\u00f3n termina afectando directamente a la familia de Mar\u00eda Elena Ferral y evidencia la falta de debida diligencia en un caso que, por su gravedad, exig\u00eda una actuaci\u00f3n reforzada.<\/p>\n\n\n\n<p class=\"wp-block-paragraph\">Asimismo, lamentamos que el tribunal haya desestimado los datos de prueba bajo el argumento de que se trataban de testimonios de \u201co\u00eddas\u201d, pasando por alto que, en la etapa procesal de vinculaci\u00f3n a proceso, el est\u00e1ndar de prueba requerido es \u00fanicamente acreditar la posible participaci\u00f3n de la persona imputada mediante indicios, y no el nivel de certeza que se exige en una sentencia definitiva. Al no reconocer esta diferencia, se debilit\u00f3 el caso en una fase clave de la investigaci\u00f3n, abriendo la puerta a la impunidad.<\/p>\n\n\n\n<p class=\"wp-block-paragraph\">El actuar deficiente de las autoridades de procuraci\u00f3n y administraci\u00f3n de justicia no solo revictimiza a la familia de Mar\u00eda Elena, sino que tambi\u00e9n env\u00eda un mensaje peligroso de permisividad frente a los cr\u00edmenes contra periodistas. Tanto Fernanda Ferral, periodista e hija de Mar\u00eda Elena, como ARTICLE 19 condenamos esta decisi\u00f3n, pues representa un grave retroceso en el acceso a la justicia no solo para Fernanda y su familia, sino tambi\u00e9n para las y los colegas periodistas que enfrentan diariamente un panorama cada vez m\u00e1s violento y desalentador.<\/p>\n\n\n\n<p class=\"wp-block-paragraph\">De igual manera, el Estado mexicano evidencia su falta de voluntad para cumplir con las obligaciones adquiridas en tratados internacionales que lo obligan a prevenir, proteger y garantizar el derecho a la libertad de expresi\u00f3n, la integridad, los derechos humanos y el acceso a la justicia de las y los periodistas. Lejos de garantizar estos derechos, el proceso de b\u00fasqueda de justicia para Mar\u00eda Elena Ferral se ha caracterizado por la ausencia de un debido proceso y por la falta de avances que conduzcan a la identificaci\u00f3n y sanci\u00f3n de las personas autoras intelectuales del crimen.<\/p>\n\n\n\n<p class=\"wp-block-paragraph\">Aunado a esto, Fernanda de Luna Ferral ha sido v\u00edctima de m\u00faltiples agresiones derivadas tanto del asesinato de su madre como de su propia labor period\u00edstica. De acuerdo con la documentaci\u00f3n realizada por ARTICLE 19, el 29 de mayo de 2020 sufri\u00f3 un atentado, tan solo dos meses despu\u00e9s de lo ocurrido con su madre. Desde entonces, ha enfrentado distintos ataques y actos de hostigamiento.<\/p>\n\n\n\n<p class=\"wp-block-paragraph\">SEM\/sj<\/p>\n","protected":false},"excerpt":{"rendered":"<p>SemM\u00e9xico, Ciudad de M\u00e9xico, 29 de agosto, 2025.-&nbsp;El jueves 28 de agosto de 2025, uno de los presuntos implicados en el asesinato de la periodista y directora del medio&nbsp;Quinto Poder, Mar\u00eda Elena Ferral \u2013perpetrado el 30 de marzo de 2020 en Papantla, Veracruz\u2013 fue liberado por mandato del Segundo Tribunal Colegiado en Materia Penal del [&hellip;]<\/p>\n","protected":false},"author":3,"featured_media":98227,"comment_status":"open","ping_status":"open","sticky":false,"template":"","format":"standard","meta":{"_monsterinsights_skip_tracking":false,"footnotes":""},"categories":[694],"tags":[],"class_list":["post-98226","post","type-post","status-publish","format-standard","has-post-thumbnail","category-destacadas"],"_links":{"self":[{"href":"https:\/\/redsemlac.com\/semmexico\/wp-json\/wp\/v2\/posts\/98226","targetHints":{"allow":["GET"]}}],"collection":[{"href":"https:\/\/redsemlac.com\/semmexico\/wp-json\/wp\/v2\/posts"}],"about":[{"href":"https:\/\/redsemlac.com\/semmexico\/wp-json\/wp\/v2\/types\/post"}],"author":[{"embeddable":true,"href":"https:\/\/redsemlac.com\/semmexico\/wp-json\/wp\/v2\/users\/3"}],"replies":[{"embeddable":true,"href":"https:\/\/redsemlac.com\/semmexico\/wp-json\/wp\/v2\/comments?post=98226"}],"version-history":[{"count":0,"href":"https:\/\/redsemlac.com\/semmexico\/wp-json\/wp\/v2\/posts\/98226\/revisions"}],"wp:featuredmedia":[{"embeddable":true,"href":"https:\/\/redsemlac.com\/semmexico\/wp-json\/wp\/v2\/media\/98227"}],"wp:attachment":[{"href":"https:\/\/redsemlac.com\/semmexico\/wp-json\/wp\/v2\/media?parent=98226"}],"wp:term":[{"taxonomy":"category","embeddable":true,"href":"https:\/\/redsemlac.com\/semmexico\/wp-json\/wp\/v2\/categories?post=98226"},{"taxonomy":"post_tag","embeddable":true,"href":"https:\/\/redsemlac.com\/semmexico\/wp-json\/wp\/v2\/tags?post=98226"}],"curies":[{"name":"wp","href":"https:\/\/api.w.org\/{rel}","templated":true}]}}