{"id":98184,"date":"2025-08-29T11:38:31","date_gmt":"2025-08-29T17:38:31","guid":{"rendered":"https:\/\/redsemlac.com\/semmexico\/?p=98184"},"modified":"2025-08-29T11:41:20","modified_gmt":"2025-08-29T17:41:20","slug":"los-capitales-bajo-la-pobreza-pero-aumento-35-1-la-pobreza-laboral-bbva","status":"publish","type":"post","link":"https:\/\/redsemlac.com\/semmexico\/los-capitales-bajo-la-pobreza-pero-aumento-35-1-la-pobreza-laboral-bbva\/","title":{"rendered":"Los Capitales| Baj\u00f3 la pobreza, pero aument\u00f3 35.1% la pobreza laboral: BBVA"},"content":{"rendered":"\n<p class=\"wp-block-paragraph\">Edgar Gonz\u00e1lez Mart\u00ednez<\/p>\n\n\n\n<p class=\"wp-block-paragraph\">SemM\u00e9xico, Ciudad de M\u00e9xico, 29 de agosto, 2025.- A unos d\u00edas de que el INEGI informara que en M\u00e9xico disminuy\u00f3 la pobreza, el BBVA nos advierte que lo que est\u00e1 creciendo es la pobreza laboral. Despu\u00e9s de encontrarse en su nivel m\u00ednimo en 20 a\u00f1os, se\u00f1ala el banco, la pobreza laboral a nivel nacional aument\u00f3 en 1.2 puntos porcentuales en 2025-II, afectando al 35.1% de la poblaci\u00f3n. No obstante, habr\u00eda que aclarar que se observa un aumento en la pobreza laboral entre la poblaci\u00f3n rural y un ligero descenso en el \u00e1mbito urbano.<\/p>\n\n\n\n<p class=\"wp-block-paragraph\">Por \u00e1rea geogr\u00e1fica, las ciudades con el mayor porcentaje de poblaci\u00f3n en pobreza laboral durante el segundo trimestre de 2025 fueron Cuernavaca (43.7%), Tapachula (43.1 %), Tlaxcala (37.5 %) y Coatzacoalcos (37.4 %); y las de menor pobreza laboral fueron Ciudad Ju\u00e1rez (12.1%) y Canc\u00fan (13.0 %).<\/p>\n\n\n\n<p class=\"wp-block-paragraph\">&nbsp;El incremento de la pobreza laboral del 33.9 % en el primer trimestre al 35.1 % en el segundo trimestre de 2025, puede explicarse por una disminuci\u00f3n de los ingresos laborales, atribuida al aumento gradual de la tasa de ocupaci\u00f3n en el sector informal durante los \u00faltimos cinco trimestres y al crecimiento de la tasa de informalidad laboral, que pas\u00f3 del 54.5 % en 2025-I al 54.8 % en 2025-II. Cabe aclarar que, en t\u00e9rminos conceptuales, se encuentran en pobreza laboral aquellas personas que forman parte de hogares cuyo ingreso laboral per c\u00e1pita no les permite adquirir el costo monetario de la canasta alimentaria.<\/p>\n\n\n\n<p class=\"wp-block-paragraph\">A nivel nacional la pobreza laboral afect\u00f3 en el segundo trimestre de 2025 al 35.1% de la poblaci\u00f3n en el pa\u00eds. Este dato representa un repunte con respecto al trimestre anterior del orden de 1.2 puntos porcentuales, ya que en 2025-I, el 33.9% de la poblaci\u00f3n en el pa\u00eds no pod\u00eda cubrir la canasta alimentaria con los ingresos laborales per c\u00e1pita de su hogar. C\u00f3mo precisi\u00f3n, el dato del primer trimestre de 2025 representa el nivel m\u00e1s bajo registrado de poblaci\u00f3n en pobreza laboral en M\u00e9xico desde hace 20 a\u00f1os que empez\u00f3 a medirse esta variable, en el primer trimestre de 2005.<\/p>\n\n\n\n<p class=\"wp-block-paragraph\">Al hacer una comparaci\u00f3n interanual con respecto al mismo trimestre del a\u00f1o previo, la pobreza laboral en el pa\u00eds se encontr\u00f3 en 2025-II en niveles similares a los observados en el segundo trimestre de 2024, cuando afect\u00f3 a 35.0 % de la poblaci\u00f3n en el pa\u00eds. Es decir que en el lapso de un a\u00f1o, la pobreza laboral en el pa\u00eds ha aumentado en 0.1 puntos porcentuales, manteni\u00e9ndose pr\u00e1cticamente sin cambios.<\/p>\n\n\n\n<p class=\"wp-block-paragraph\">En 2023, en la mayor\u00eda de las ciudades se observa una disminuci\u00f3n de la pobreza laboral. Las reducciones m\u00e1s importantes en este periodo se registraron en Oaxaca, Acapulco, Toluca, Puebla y el \u00c1rea Metropolitana de la Ciudad de M\u00e9xico. Esta reducci\u00f3n en la pobreza laboral est\u00e1 vinculada con la recuperaci\u00f3n econ\u00f3mica gradual posterior a la pandemia de COVID-19.<\/p>\n\n\n\n<p class=\"wp-block-paragraph\">El peso mexicano se sigue apreciando ante u d\u00f3lar d\u00e9bil.<\/p>\n\n\n\n<p class=\"wp-block-paragraph\">La divisa nacional cerr\u00f3 la jornada con un comportamiento estable y ligera apreciaci\u00f3n frente al d\u00f3lar, en un entorno de relativa calma cambiaria. La divisa abri\u00f3 en 18,64, alcanz\u00f3 un m\u00e1ximo de 18,68 y un m\u00ednimo de 18,60, para finalizar alrededor de 18,63, lo que implic\u00f3 una variaci\u00f3n de 0,07 %. La sesi\u00f3n estuvo marcada por la publicaci\u00f3n de los indicadores laborales de julio, la tasa de desempleo desestacionalizada se mantuvo en 2,6 %, en l\u00ednea con el dato previo, mientras que la no desestacionalizada subi\u00f3 de 2,7 % a 2,8 %, por debajo de lo previsto, pero a\u00fan en niveles hist\u00f3ricamente bajos. Esto refleja un mercado laboral s\u00f3lido, aunque con se\u00f1ales de presi\u00f3n en segmentos informales, lo que mantiene un reto estructural para la econom\u00eda mexicana.<\/p>\n\n\n\n<p class=\"wp-block-paragraph\"><a href=\"mailto:loscapitales@yahoo.com.mx\" target=\"_blank\" rel=\"noreferrer noopener\">loscapitales@yahoo.com.mx<\/a><\/p>\n\n\n\n<p class=\"wp-block-paragraph\"><a href=\"http:\/\/www.agendadeinversiones.com.mx\/\" target=\"_blank\" rel=\"noreferrer noopener\">www.agendadeinversiones.com.mx<\/a><\/p>\n\n\n\n<p class=\"wp-block-paragraph\">Twiter: @Edgar4712<\/p>\n","protected":false},"excerpt":{"rendered":"<p>Edgar Gonz\u00e1lez Mart\u00ednez SemM\u00e9xico, Ciudad de M\u00e9xico, 29 de agosto, 2025.- A unos d\u00edas de que el INEGI informara que en M\u00e9xico disminuy\u00f3 la pobreza, el BBVA nos advierte que lo que est\u00e1 creciendo es la pobreza laboral. Despu\u00e9s de encontrarse en su nivel m\u00ednimo en 20 a\u00f1os, se\u00f1ala el banco, la pobreza laboral a [&hellip;]<\/p>\n","protected":false},"author":3,"featured_media":75979,"comment_status":"open","ping_status":"open","sticky":false,"template":"","format":"standard","meta":{"_monsterinsights_skip_tracking":false,"footnotes":""},"categories":[750,110,35],"tags":[],"class_list":["post-98184","post","type-post","status-publish","format-standard","has-post-thumbnail","category-edgar-gonzalez-martinez","category-la-opinion-columnas","category-opinion"],"_links":{"self":[{"href":"https:\/\/redsemlac.com\/semmexico\/wp-json\/wp\/v2\/posts\/98184","targetHints":{"allow":["GET"]}}],"collection":[{"href":"https:\/\/redsemlac.com\/semmexico\/wp-json\/wp\/v2\/posts"}],"about":[{"href":"https:\/\/redsemlac.com\/semmexico\/wp-json\/wp\/v2\/types\/post"}],"author":[{"embeddable":true,"href":"https:\/\/redsemlac.com\/semmexico\/wp-json\/wp\/v2\/users\/3"}],"replies":[{"embeddable":true,"href":"https:\/\/redsemlac.com\/semmexico\/wp-json\/wp\/v2\/comments?post=98184"}],"version-history":[{"count":0,"href":"https:\/\/redsemlac.com\/semmexico\/wp-json\/wp\/v2\/posts\/98184\/revisions"}],"wp:featuredmedia":[{"embeddable":true,"href":"https:\/\/redsemlac.com\/semmexico\/wp-json\/wp\/v2\/media\/75979"}],"wp:attachment":[{"href":"https:\/\/redsemlac.com\/semmexico\/wp-json\/wp\/v2\/media?parent=98184"}],"wp:term":[{"taxonomy":"category","embeddable":true,"href":"https:\/\/redsemlac.com\/semmexico\/wp-json\/wp\/v2\/categories?post=98184"},{"taxonomy":"post_tag","embeddable":true,"href":"https:\/\/redsemlac.com\/semmexico\/wp-json\/wp\/v2\/tags?post=98184"}],"curies":[{"name":"wp","href":"https:\/\/api.w.org\/{rel}","templated":true}]}}