{"id":98141,"date":"2025-08-27T16:02:25","date_gmt":"2025-08-27T22:02:25","guid":{"rendered":"https:\/\/redsemlac.com\/semmexico\/?p=98141"},"modified":"2025-08-27T16:02:26","modified_gmt":"2025-08-27T22:02:26","slug":"opinion-la-catem","status":"publish","type":"post","link":"https:\/\/redsemlac.com\/semmexico\/opinion-la-catem\/","title":{"rendered":"Opini\u00f3n | La CATEM"},"content":{"rendered":"\n<p class=\"wp-block-paragraph\">Sa\u00fal Escobar Toledo<\/p>\n\n\n\n<p class=\"wp-block-paragraph\">SemM\u00e9xico, Ciudad de M\u00e9xico, 27 de agosto, 2025.- Diversos medios de prensa reportaron, hace unos d\u00edas, que la CATEM (Confederaci\u00f3n Aut\u00f3noma de Trabajadores y Empleados de M\u00e9xico) hab\u00eda sido denunciada en Coahuila y Durango por extorsi\u00f3n. En el pasado reciente, dicha organizaci\u00f3n tambi\u00e9n fue se\u00f1alada por desatar la violencia en Oaxaca, Veracruz, Quer\u00e9taro y Chihuahua.&nbsp;<\/p>\n\n\n\n<p class=\"wp-block-paragraph\">Por ejemplo, la fiscal\u00eda general del Estado de Oaxaca, apenas en julio pasado, inici\u00f3 una investigaci\u00f3n contra l\u00edderes de sindicatos de materialistas, entre ellos la CATEM, debido a la desaparici\u00f3n de cuatro comerciantes de varilla de acero del Estado de M\u00e9xico. Por otro lado, en Veracruz, el empresario chatarrero Ernesto Hern\u00e1ndez Garc\u00eda, de Las Choapas, denunci\u00f3 que fue secuestrado y extorsionado por un dirigente de la CATEM. En Chihuahua, el pasado mes de abril, productores y comercializadores de forraje denunciaron ser v\u00edctimas de actos de extorsi\u00f3n por parte de un grupo que, seg\u00fan se\u00f1alan, act\u00faa con el nombre del sindicato CATEM.&nbsp;&nbsp;<\/p>\n\n\n\n<p class=\"wp-block-paragraph\">Y, hace unos d\u00edas, el 21 de agosto, en un comunicado firmado por Canacintra, Coparmex Laguna, el Consejo Lagunero de la Iniciativa Privada y la Uni\u00f3n Ganadera Regional, se acus\u00f3 a la CATEM de extorsi\u00f3n y complicidad con el crimen organizado.&nbsp;<\/p>\n\n\n\n<p class=\"wp-block-paragraph\">El secretario general de la CATEM, Pedro Haces,&nbsp; ha rechazado todas las acusaciones. Asegura que, como l\u00edder de esa organizaci\u00f3n, \u201cse ha guiado bajo los principios de transparencia, legalidad y el respeto irrestricto a los derechos de las y los trabajadores\u201d.<\/p>\n\n\n\n<p class=\"wp-block-paragraph\">Vale la pena, entonces, repasar brevemente la trayectoria de esta organizaci\u00f3n. La CATEM surge, de acuerdo con sus representantes, en 2011 aunque seg\u00fan el repositorio de informaci\u00f3n del Centro Federal de Conciliaci\u00f3n y Registro Laboral (CFCRL) su fecha de constituci\u00f3n fue el 29 de noviembre de 2012. Sin embargo, Pedro Haces aparece en las lides sindicales en 2005, cuando logr\u00f3 el registro del Sindicato Nacional de Trabajadores de Seguridad Privada, Vigilancia, Traslados de Valores, Manufacturas de Equipos de Seguridad, Limpieza y Mantenimiento, Similares y Conexos de la Rep\u00fablica Mexicana, afiliado a la CTM.&nbsp;<\/p>\n\n\n\n<p class=\"wp-block-paragraph\">Previamente, Haces hab\u00eda militado en el PRI y desde 1981 hab\u00eda ocupado cargos dentro del partido y puestos en la administraci\u00f3n p\u00fablica. Adem\u00e1s, es propietario de la compa\u00f1\u00eda Servicios Integrales de Seguridad, Limpieza y Mantenimiento, y de otra empresa ligada a la promoci\u00f3n de corridas de toros.&nbsp;<\/p>\n\n\n\n<p class=\"wp-block-paragraph\">El dirigente de la CATEM no s\u00f3lo se ha ostentado como empresario y l\u00edder sindical. En 2020, Haces y Gerardo Islas, antiguo miembro del partido Nueva Alianza, fundaron el partido Fuerza por M\u00e9xico el cual obtuvo su registro en octubre de ese a\u00f1o. Fue un acontecimiento pol\u00e9mico ya que el INE hab\u00eda negado tal solicitud aduciendo que se hab\u00eda violado la norma que proh\u00edbe a los sindicatos incorporar a sus agremiados a un partido pol\u00edtico. No obstante, el Tribunal Electoral del Poder Judicial de la Federaci\u00f3n decidi\u00f3 avalar el registro del partido y desestim\u00f3 los argumentos del INE. Con el nombre de Fuerza Social por M\u00e9xico,&nbsp; en las elecciones de 2021 obtuvo apenas el 2.47% de la votaci\u00f3n. Perdi\u00f3 su registro y desapareci\u00f3.&nbsp;&nbsp;<\/p>\n\n\n\n<p class=\"wp-block-paragraph\">Haces fue, asimismo, senador suplente por MORENA, electo para el periodo 2018-2024. Cuando Germ\u00e1n Mart\u00ednez ocup\u00f3 por un corto tiempo la direcci\u00f3n del IMSS, el l\u00edder de CATEM ocup\u00f3 dicha curul entre septiembre de 2018 y noviembre de 2019.&nbsp;<\/p>\n\n\n\n<p class=\"wp-block-paragraph\">En febrero de 2020, el presidente L\u00f3pez Obrador asisti\u00f3 al X Congreso de la CATEM. Algunos interpretaron entonces que no s\u00f3lo se daba visto bueno a la organizaci\u00f3n sindical, sino que tambi\u00e9n se ve\u00eda con buenos ojos el registro del partido pol\u00edtico. El caso es que el presidente en ese acto mostr\u00f3 una gran simpat\u00eda con la organizaci\u00f3n sindical. \u201cMe da mucho gusto participar en este congreso de CATEM para reafirmar nuestros principios, para dejar de manifiesto que el gobierno que encabezo, que represento, siempre va a apoyar, a respaldar el sindicalismo de M\u00e9xico\u2026\u201d dijo en ese acto.&nbsp;&nbsp;<\/p>\n\n\n\n<p class=\"wp-block-paragraph\">Seg\u00fan el peri\u00f3dico El Peninsular de Yucat\u00e1n, Pedro Haces fue favorecido durante el sexenio con los contratos de todas o casi todas las obras del gobierno federal en el estado como el aeropuerto, los tramos y terminales del Tren Maya y el Parque del Jaguar.&nbsp; En noviembre de 2022, el presidente defendi\u00f3 a la CATEM y reconoci\u00f3 que algunos transportistas participaban en las obras del Tren y estaban afiliados a esa organizaci\u00f3n, aunque \u201cotros a la CTM, la CROC\u201d, y agreg\u00f3 que con \u201ctodas hay muy buena relaci\u00f3n y en general se han portado muy bien, mucho muy bien\u201d.<\/p>\n\n\n\n<p class=\"wp-block-paragraph\">En la campa\u00f1a presidencial pasada, la CATEM apoy\u00f3 sin reservas a Claudia Sheinbaum. En el XV Congreso Nacional Ordinario de la organizaci\u00f3n a finales de 2023, en la Arena M\u00e9xico le pidi\u00f3 a la candidata \u201ctomar protesta a los representantes de los Comit\u00e9s Laborales de Defensa de la Cuarta Transformaci\u00f3n que la CATEM tienen en todo el pa\u00eds\u201d.&nbsp;<\/p>\n\n\n\n<p class=\"wp-block-paragraph\">Y para terminar este recuento, mencionaremos que hace menos de un a\u00f1o, en noviembre de 2024, Pedro Haces tom\u00f3 protesta para el periodo 2024-2030 como secretario general de la CATEM. A dicho acto concurrieron Mara Lezama y Miguel \u00c1ngel Navarro, gobernadores morenistas de Quintana Roo y Nayarit, al igual que Libia Garc\u00eda, Mauricio Kuri y Teresa Jim\u00e9nez, gobernadores panistas de Guanajuato, Quer\u00e9taro y Aguascalientes. Sergio Guti\u00e9rrez Luna, presidente de la Mesa Directiva de la C\u00e1mara de Diputados, tom\u00f3 protesta a Pedro Haces. Igualmente, estuvieron presentes Francisco Cervantes, del Consejo Coordinador Empresarial, Alejandro Malag\u00f3n, de la CONCAMIN, Esperanza Ortega de CANACINTRA y Jos\u00e9 de Jes\u00fas Rodr\u00edguez, de la CANACO CDMX.&nbsp;<\/p>\n\n\n\n<p class=\"wp-block-paragraph\">La CATEM ha crecido. En 2022 logr\u00f3 la representaci\u00f3n de los trabajadores que laboran en la planta de autom\u00f3viles Mazda, en Salamanca, Guanajuato. Por su lado, el Sindicato Aut\u00f3nomo Nacional de Trabajadores de Seguridad Privada, mencionado l\u00edneas m\u00e1s arriba, tiene registro federal y seg\u00fan el repositorio del CFCRL cuenta con 272 agremiados y alrededor de 59 contratos colectivos.&nbsp;<\/p>\n\n\n\n<p class=\"wp-block-paragraph\">Adem\u00e1s, con alrededor de 30 secciones estatales. Pero, por ejemplo, la secci\u00f3n 11 de Le\u00f3n, Guanajuato, tiene 38 afiliados y 51 registros de contratos colectivos.<\/p>\n\n\n\n<p class=\"wp-block-paragraph\">En resumen, la CATEM parece ser una organizaci\u00f3n sindical que cuenta con el apoyo de diversos pol\u00edticos de MORENA, incluyendo a los diputados Ricardo Monreal y Sergio Guti\u00e9rrez Luna, y de gobernadores del partido oficial y de la oposici\u00f3n. Ha prestado servicios al gobierno federal, particularmente en las obras p\u00fablicas m\u00e1s destacadas del sexenio anterior.&nbsp;<\/p>\n\n\n\n<p class=\"wp-block-paragraph\">Las organizaciones de CATEM, sobre todo aquellas ligadas a la construcci\u00f3n, transporte de materiales y servicios de vigilancia se han extendido a diversas partes del pa\u00eds. Tambi\u00e9n en la industria manufacturera, aunque en menor medida. En los medios sindicales independientes y democr\u00e1ticos, al igual que en algunas organizaciones patronales, goza de mala fama. Su dirigente es, a la vez,&nbsp; empresario, l\u00edder sindical y un oportunista que ha sabido adaptarse a las necesidades del poder econ\u00f3mico y pol\u00edtico . La reforma del 2019, que abri\u00f3 un nuevo espacio a los trabajadores para formar sindicatos democr\u00e1ticos, ha sido aprovechada por personajes como Haces para levantar organizaciones que puedan ser utilizadas de acuerdo con los designios de gobernantes y empresarios.&nbsp;<\/p>\n\n\n\n<p class=\"wp-block-paragraph\">Sin embargo, la ostentaci\u00f3n de su riqueza y algunas posturas (por ejemplo, su oposici\u00f3n a la semana de 40 horas) tambi\u00e9n han propiciado que algunos c\u00edrculos de MORENA lo vean con desconfianza. Las acusaciones contra CATEM han provenido de empresarios y de organizaciones sociales y trabajadores. As\u00ed las cosas, el futuro de CATEM es tan incierto como los reacomodos dentro del grupo gobernante. Saldr\u00e1 impune si sigue gozando de la complicidad y el apoyo de algunos c\u00edrculos oficiales. Pero este apoyo puede erosionarse ante su descr\u00e9dito creciente, dentro y fuera del pa\u00eds,&nbsp; y su baja estima entre algunos empresarios y grupos pol\u00edticos cercanos a la presidenta Sheinbaum. Como sea, la CATEM no representa el sindicalismo democr\u00e1tico y leg\u00edtimo. Esperemos que los trabajadores decidan construir alternativas distintas.&nbsp;&nbsp;<\/p>\n\n\n\n<p class=\"wp-block-paragraph\">saulescobar.blogspot.com<\/p>\n","protected":false},"excerpt":{"rendered":"<p>Sa\u00fal Escobar Toledo SemM\u00e9xico, Ciudad de M\u00e9xico, 27 de agosto, 2025.- Diversos medios de prensa reportaron, hace unos d\u00edas, que la CATEM (Confederaci\u00f3n Aut\u00f3noma de Trabajadores y Empleados de M\u00e9xico) hab\u00eda sido denunciada en Coahuila y Durango por extorsi\u00f3n. En el pasado reciente, dicha organizaci\u00f3n tambi\u00e9n fue se\u00f1alada por desatar la violencia en Oaxaca, Veracruz, [&hellip;]<\/p>\n","protected":false},"author":3,"featured_media":70899,"comment_status":"open","ping_status":"open","sticky":false,"template":"","format":"standard","meta":{"_monsterinsights_skip_tracking":false,"footnotes":""},"categories":[35],"tags":[],"class_list":["post-98141","post","type-post","status-publish","format-standard","has-post-thumbnail","category-opinion"],"_links":{"self":[{"href":"https:\/\/redsemlac.com\/semmexico\/wp-json\/wp\/v2\/posts\/98141","targetHints":{"allow":["GET"]}}],"collection":[{"href":"https:\/\/redsemlac.com\/semmexico\/wp-json\/wp\/v2\/posts"}],"about":[{"href":"https:\/\/redsemlac.com\/semmexico\/wp-json\/wp\/v2\/types\/post"}],"author":[{"embeddable":true,"href":"https:\/\/redsemlac.com\/semmexico\/wp-json\/wp\/v2\/users\/3"}],"replies":[{"embeddable":true,"href":"https:\/\/redsemlac.com\/semmexico\/wp-json\/wp\/v2\/comments?post=98141"}],"version-history":[{"count":0,"href":"https:\/\/redsemlac.com\/semmexico\/wp-json\/wp\/v2\/posts\/98141\/revisions"}],"wp:featuredmedia":[{"embeddable":true,"href":"https:\/\/redsemlac.com\/semmexico\/wp-json\/wp\/v2\/media\/70899"}],"wp:attachment":[{"href":"https:\/\/redsemlac.com\/semmexico\/wp-json\/wp\/v2\/media?parent=98141"}],"wp:term":[{"taxonomy":"category","embeddable":true,"href":"https:\/\/redsemlac.com\/semmexico\/wp-json\/wp\/v2\/categories?post=98141"},{"taxonomy":"post_tag","embeddable":true,"href":"https:\/\/redsemlac.com\/semmexico\/wp-json\/wp\/v2\/tags?post=98141"}],"curies":[{"name":"wp","href":"https:\/\/api.w.org\/{rel}","templated":true}]}}