{"id":98109,"date":"2025-08-27T10:43:25","date_gmt":"2025-08-27T16:43:25","guid":{"rendered":"https:\/\/redsemlac.com\/semmexico\/?p=98109"},"modified":"2025-08-27T10:44:19","modified_gmt":"2025-08-27T16:44:19","slug":"bellas-y-airosas-feria-universitaria-del-libro-en-pachuca","status":"publish","type":"post","link":"https:\/\/redsemlac.com\/semmexico\/bellas-y-airosas-feria-universitaria-del-libro-en-pachuca\/","title":{"rendered":"Bellas y Airosas | Feria Universitaria del Libro en Pachuca"},"content":{"rendered":"\n<p class=\"wp-block-paragraph\">Elvira Hern\u00e1ndez Carballido<\/p>\n\n\n\n<p class=\"wp-block-paragraph\">SemM\u00e9xico, Ciudad de M\u00e9xico, 27 de agosto, 2025.- Llega la Feria Universitaria del Libro (FUL) que organiza mi amada universidad, la Universidad Aut\u00f3noma del Estado de Hidalgo, y mi coraz\u00f3n brinca de alegr\u00eda, vienen d\u00edas de presentaciones de diversas obras, la oportunidad de conocer a autores y autoras que admiras, ese recorrido espiral para buscar la novela deseada o el texto te\u00f3rico que apoyar\u00e1 tus clases.&nbsp;<\/p>\n\n\n\n<p class=\"wp-block-paragraph\">Este a\u00f1o tendr\u00e9 la oportunidad de participar en varios escenarios de mi querida FUL, as\u00ed que aprovecho para invitarles:<\/p>\n\n\n\n<ul class=\"wp-block-list\">\n<li><strong>S\u00e1bado 30 de agosto. <\/strong>Un joven escritor mexicano llamado Alberto Villarreal escribi\u00f3 un ensayo en torno a la forma en que su generaci\u00f3n vive el amor y el desamor. Comprometido al saber la fuerza de su voz, ofrece una serie de reflexiones y recomendaciones literarias en torno al tema. La verdad, dudaba hacer click con la obra, pero el estilo ameno del autor me atrap\u00f3. <strong>\u00a0<\/strong><\/li>\n<\/ul>\n\n\n\n<ul class=\"wp-block-list\">\n<li><strong>Lunes 1 de septiembre<\/strong> a las 10 de la ma\u00f1ana presentar\u00e9 mi libro La Llanaera Loquitaria, una serie de relatos autibiogr\u00e1ficas sobre mi infancia, ejercicio literario resultado del taller que llev\u00e9 con la escritora Beatriz Escalante que me anim\u00f3 a evocar mi ni\u00f1ez durante la d\u00e9cada de los sesenta y setenta, una \u00e9poca donde la ciudad de M\u00e9xico permit\u00eda jugar en sus calles, programas de televisi\u00f3n divertidos e inocentes, comidas familiares gozosas, amores infantiles y amistades queridas.\u00a0<\/li>\n<\/ul>\n\n\n\n<ul class=\"wp-block-list\">\n<li><strong>Martes 2 de septiembre<\/strong> a las 17 horas los investigadores de la Universidad Aut\u00f3noma Metropolitana de Cuajimalpa dar\u00e1n a conocer la serie de textos que han surgido de los talleres que han impartido en Yucat\u00e1n, Hidalgo y otros estados para motivar a las generaciones j\u00f3venes a escribir sus historias, a compartir su visi\u00f3n del mundo y su perspectiva esperanzadora, lo importante es que se enamoren de la escritura, de la originalidad y de la inspiraci\u00f3n.\u00a0<\/li>\n<\/ul>\n\n\n\n<ul class=\"wp-block-list\">\n<li><strong>Mi\u00e9rcoles 3 de septiembre<\/strong> a las 10 de la ma\u00f1ana, la poeta y novelista Kyra Galv\u00e1n presentar\u00e1 su primera obra de ciencia ficci\u00f3n titulada Las Mansiones de Zatar. Desde que yo era una adolescente me enamor\u00e9 de los poemas de Kyra, tiempo despu\u00e9s tuve oportunidad de tomar clases con ella y aprender a escribir con el alma, es un honor acompa\u00f1arla en este momento tan significativo en su vida literaria.\u00a0<\/li>\n<\/ul>\n\n\n\n<ul class=\"wp-block-list\">\n<li><strong>Mi\u00e9rcoles 3 de septiembre<\/strong> a las 14 horas presentar\u00e9 mi ensayo titulado La rosa de los vientos literarios, una investigaci\u00f3n con estilo literario sobre los primeros peri\u00f3dicos fundados y escritos por mujeres: Las Hijas del An\u00e1huac, El aAbum de la Mujer, Correo de las se\u00f1oras y Violetas del An\u00e1huac.\u00a0<\/li>\n<\/ul>\n\n\n\n<ul class=\"wp-block-list\">\n<li><strong>Jueves 4 de septiembre. <\/strong>En el programa de radio del Sindicato de Personal Acad\u00e9mico de la Universidad Aut\u00f3noma del Estado de Hidalgo entrevistar\u00e9 a la directora de editorial Elementum, Mayte Romo y los libros que presentar\u00e1 en ese escenario. Tamb\u00eden platicar\u00e9 con la Mtra. Martha Briones que dar\u00e1 una charla sobre la Ley Olimpia.\u00a0<\/li>\n<\/ul>\n\n\n\n<ul class=\"wp-block-list\">\n<li><strong>Viernes 5 de septiembre<\/strong> a las 11 de la ma\u00f1ana acompa\u00f1ar\u00e9 a la Dra. Leticia Romero, investigadora de la Universidad Aut\u00f3noma de la Ciudad de M\u00e9xico, y vamos a charlar sobre la importancia de recuperar la historia de las mujeres periodistas del siglo XIX en M\u00e9xico.\u00a0<\/li>\n<\/ul>\n\n\n\n<p class=\"wp-block-paragraph\">Este peque\u00f1o muestrario de mis participaciones en la FUL apenas muestra la riqueza de este gran escenario de amor a los libros. As\u00ed que les esperamos del 29 de agosto al 7 de septiembre<em>\u00abDonde a las letras no se las lleva el viento\u00bb <\/em>su tem\u00e1tica es Ciencia de Datos y el pa\u00eds invitado la Rep\u00fablica Checa. Les esperamos en el poliforum Carlos Mart\u00ednez Balmori de la Universidad Aut\u00f3noma del Estado de Hidalgo, pueden revisar el programa en:&nbsp;<\/p>\n\n\n\n<figure class=\"wp-block-embed\"><div class=\"wp-block-embed__wrapper\">\nhttps:\/\/www.uaeh.edu.mx\/ful\/2025\/index.php\n<\/div><\/figure>\n","protected":false},"excerpt":{"rendered":"<p>Elvira Hern\u00e1ndez Carballido SemM\u00e9xico, Ciudad de M\u00e9xico, 27 de agosto, 2025.- Llega la Feria Universitaria del Libro (FUL) que organiza mi amada universidad, la Universidad Aut\u00f3noma del Estado de Hidalgo, y mi coraz\u00f3n brinca de alegr\u00eda, vienen d\u00edas de presentaciones de diversas obras, la oportunidad de conocer a autores y autoras que admiras, ese recorrido [&hellip;]<\/p>\n","protected":false},"author":3,"featured_media":70197,"comment_status":"open","ping_status":"open","sticky":false,"template":"","format":"standard","meta":{"_monsterinsights_skip_tracking":false,"footnotes":""},"categories":[202,35],"tags":[],"class_list":["post-98109","post","type-post","status-publish","format-standard","has-post-thumbnail","category-elvira-hernandez-carballido","category-opinion"],"_links":{"self":[{"href":"https:\/\/redsemlac.com\/semmexico\/wp-json\/wp\/v2\/posts\/98109","targetHints":{"allow":["GET"]}}],"collection":[{"href":"https:\/\/redsemlac.com\/semmexico\/wp-json\/wp\/v2\/posts"}],"about":[{"href":"https:\/\/redsemlac.com\/semmexico\/wp-json\/wp\/v2\/types\/post"}],"author":[{"embeddable":true,"href":"https:\/\/redsemlac.com\/semmexico\/wp-json\/wp\/v2\/users\/3"}],"replies":[{"embeddable":true,"href":"https:\/\/redsemlac.com\/semmexico\/wp-json\/wp\/v2\/comments?post=98109"}],"version-history":[{"count":0,"href":"https:\/\/redsemlac.com\/semmexico\/wp-json\/wp\/v2\/posts\/98109\/revisions"}],"wp:featuredmedia":[{"embeddable":true,"href":"https:\/\/redsemlac.com\/semmexico\/wp-json\/wp\/v2\/media\/70197"}],"wp:attachment":[{"href":"https:\/\/redsemlac.com\/semmexico\/wp-json\/wp\/v2\/media?parent=98109"}],"wp:term":[{"taxonomy":"category","embeddable":true,"href":"https:\/\/redsemlac.com\/semmexico\/wp-json\/wp\/v2\/categories?post=98109"},{"taxonomy":"post_tag","embeddable":true,"href":"https:\/\/redsemlac.com\/semmexico\/wp-json\/wp\/v2\/tags?post=98109"}],"curies":[{"name":"wp","href":"https:\/\/api.w.org\/{rel}","templated":true}]}}