{"id":98085,"date":"2025-08-25T20:08:51","date_gmt":"2025-08-26T02:08:51","guid":{"rendered":"https:\/\/redsemlac.com\/semmexico\/?p=98085"},"modified":"2025-08-25T20:11:59","modified_gmt":"2025-08-26T02:11:59","slug":"en-cinco-anos-807-ninas-y-adolescentes-en-cdmx-fueron-embarazadas-por-mayores-de-30-anos","status":"publish","type":"post","link":"https:\/\/redsemlac.com\/semmexico\/en-cinco-anos-807-ninas-y-adolescentes-en-cdmx-fueron-embarazadas-por-mayores-de-30-anos\/","title":{"rendered":"En cinco a\u00f1os, 807 ni\u00f1as y adolescentes en CDMX fueron embarazadas por mayores de 30 a\u00f1os"},"content":{"rendered":"\n<p class=\"wp-block-paragraph\">Desde 2015 est\u00e1 en marcha la Estrategia Nacional para la Prevenci\u00f3n del Embarazo en Adolescente para reducir a la mitad los embarazos adolescentes y eliminar a cero los embarazos en ni\u00f1as.\u00a0\/\u00a0Cortes\u00eda: Gobierno de M\u00e9xico<\/p>\n\n\n\n<p class=\"wp-block-paragraph\">Registros de la Secretar\u00eda de Salud local muestran estos casos desde 2021; solo este a\u00f1o van 86<\/p>\n\n\n\n<p class=\"wp-block-paragraph\">Karla Mora y Gloria L\u00f3pez<\/p>\n\n\n\n<p class=\"wp-block-paragraph\">SemM\u00e9xico\/ El Sol de M\u00e9xico, Cd. de M\u00e9xico, 25 de agosto, 2025.- En los \u00faltimos cinco a\u00f1os, la&nbsp;Secretar\u00eda de Salud de la Ciudad de M\u00e9xico&nbsp;(Sedesa) registr\u00f3&nbsp;807 casos de nacimientos de ni\u00f1as y adolescentes&nbsp;de&nbsp;entre 12 y 17 a\u00f1os, pero los&nbsp;padres eran mayores de 30.<\/p>\n\n\n\n<p class=\"wp-block-paragraph\">Esos casos representan&nbsp;4.2 por cientos de los 18 mil 888 nacimientos&nbsp;registrados entre menores de edad de&nbsp;2021 a junio de 2025, de acuerdo con datos obtenidos mediante una solicitud de informaci\u00f3n a dicha dependencia.<\/p>\n\n\n\n<p class=\"wp-block-paragraph\">Ninde Mol Re, abogada y directora de la organizaci\u00f3n&nbsp;M\u00e9xico Igualitario Derribando las Barreras, explic\u00f3 que los&nbsp;embarazos&nbsp;con estas&nbsp;grandes diferencias de edad&nbsp;constituyen un&nbsp;delito de violaci\u00f3n, porque&nbsp;entre un adulto y una menor&nbsp;no puede existir un consentimiento libre. \u201cSi&nbsp;est\u00e1n embarazadas&nbsp;es porque s\u00ed&nbsp;termin\u00f3 en c\u00f3pula, y estamos hablando de una&nbsp;violaci\u00f3n\u201d, subray\u00f3.<\/p>\n\n\n\n<p class=\"wp-block-paragraph\">La especialista aclar\u00f3 que&nbsp;el abuso sexual&nbsp;comprende cualquier&nbsp;acci\u00f3n con fines sexuales, no necesariamente la c\u00f3pula; sin embargo, el hecho de que haya un&nbsp;embarazo infantil&nbsp;confirma la&nbsp;consumaci\u00f3n del delito de violaci\u00f3n. Tambi\u00e9n advirti\u00f3 que, en&nbsp;algunos estados, estos casos&nbsp;se tipifican como \u201cestupro\u201d, \u201cabuso\u201d o \u201cagresi\u00f3n sexual\u201d, figuras que&nbsp;suavizan la gravedad&nbsp;del hecho al implicar que&nbsp;la menor podr\u00eda consentir.<\/p>\n\n\n\n<p class=\"wp-block-paragraph\">Los&nbsp;datos de la Sedesa&nbsp;incluyen casos como el de una&nbsp;ni\u00f1a de 12 a\u00f1os en Xochimilco, que se convirti\u00f3 en madre este a\u00f1o y donde la&nbsp;edad del padre era de 75; en Iztapalapa, una&nbsp;adolescente de 13 a\u00f1os&nbsp;tuvo un hijo con un&nbsp;hombre de 55. En la Gustavo A. Madero, en 2023, se registraron dos casos: una&nbsp;ni\u00f1a de 11 a\u00f1os con un hombre de 58&nbsp;y otra&nbsp;adolescente de 15 con un padre de 51.<\/p>\n\n\n\n<figure class=\"wp-block-image size-large\"><a href=\"https:\/\/redsemlac.com\/semmexico\/wp-content\/uploads\/2025\/08\/en-5-anos-807-02.png\"><img loading=\"lazy\" decoding=\"async\" width=\"1024\" height=\"576\" src=\"https:\/\/redsemlac.com\/semmexico\/wp-content\/uploads\/2025\/08\/en-5-anos-807-02-1024x576.png\" alt=\"\" class=\"wp-image-98087\" srcset=\"https:\/\/redsemlac.com\/semmexico\/wp-content\/uploads\/2025\/08\/en-5-anos-807-02-1024x576.png 1024w, https:\/\/redsemlac.com\/semmexico\/wp-content\/uploads\/2025\/08\/en-5-anos-807-02-300x169.png 300w, https:\/\/redsemlac.com\/semmexico\/wp-content\/uploads\/2025\/08\/en-5-anos-807-02-768x432.png 768w, https:\/\/redsemlac.com\/semmexico\/wp-content\/uploads\/2025\/08\/en-5-anos-807-02-150x84.png 150w, https:\/\/redsemlac.com\/semmexico\/wp-content\/uploads\/2025\/08\/en-5-anos-807-02-696x392.png 696w, https:\/\/redsemlac.com\/semmexico\/wp-content\/uploads\/2025\/08\/en-5-anos-807-02-1068x601.png 1068w, https:\/\/redsemlac.com\/semmexico\/wp-content\/uploads\/2025\/08\/en-5-anos-807-02.png 1200w\" sizes=\"auto, (max-width: 1024px) 100vw, 1024px\" \/><\/a><\/figure>\n\n\n\n<p class=\"wp-block-paragraph\">Mol Re subray\u00f3 que&nbsp;este tipo de embarazos&nbsp;suele darse en relaciones marcadas por&nbsp;violencia f\u00edsica, emocional y psicol\u00f3gica, con jerarqu\u00edas de poder que&nbsp;favorecen la manipulaci\u00f3n de las ni\u00f1as y adolescentes. Tambi\u00e9n advirti\u00f3 que&nbsp;en algunas comunidades&nbsp;estos embarazos se&nbsp;justifican&nbsp;bajo los \u201cusos y costumbres\u201d.<\/p>\n\n\n\n<p class=\"wp-block-paragraph\">\u201cSi son&nbsp;ni\u00f1as de 10, 11 y 12 a\u00f1os, estamos hablando de personas que est\u00e1n&nbsp;en este tr\u00e1nsito de la ni\u00f1ez y la adolescencia. Es decir que pueden estar siendo&nbsp;manipuladas por personas adultas\u201d, se\u00f1al\u00f3.<\/p>\n\n\n\n<p class=\"wp-block-paragraph\">El&nbsp;C\u00f3digo Penal de la Ciudad de M\u00e9xico, en los art\u00edculos 174 al 181 bis,&nbsp;establece penas de ocho a 20 a\u00f1os de prisi\u00f3n por violaci\u00f3n; si la v\u00edctima es menor de 12 a\u00f1os, la sanci\u00f3n aumenta entre 12 y 20 a\u00f1os. Los&nbsp;actos sexuales sin c\u00f3pula, como tocamientos, se castigan con&nbsp;cuatro a nueve a\u00f1os, mientras que la&nbsp;pederastia, cuando un&nbsp;adulto abusa de un menor de 18 a\u00f1os&nbsp;aprovechando confianza o autoridad, se sanciona con una&nbsp;pena de 17 a 24 a\u00f1os. Desde 2024, estos&nbsp;delitos son imprescriptibles, por lo que&nbsp;pueden denunciarse en cualquier momento.<\/p>\n\n\n\n<p class=\"wp-block-paragraph\">La activista indic\u00f3 que todas las&nbsp;dependencias de salud&nbsp;que&nbsp;reciban a una ni\u00f1a de 12 a\u00f1os o menos&nbsp;deben&nbsp;informar de inmediato a las autoridades&nbsp;y abrir una&nbsp;carpeta de investigaci\u00f3n por violaci\u00f3n, adem\u00e1s de garantizar acceso a&nbsp;servicios de salud&nbsp;y a la&nbsp;Interrupci\u00f3n Legal del Embarazo&nbsp;(ILE).<\/p>\n\n\n\n<p class=\"wp-block-paragraph\">De acuerdo con la&nbsp;Organizaci\u00f3n Mundial de la Salud&nbsp;(OMS), para poner&nbsp;fin a los&nbsp;matrimonios y embarazos infantiles&nbsp;es necesario implementar&nbsp;estrategias educativas y sanitarias&nbsp;que informen a las ni\u00f1as sobre los&nbsp;riesgos&nbsp;que implica para su salud un&nbsp;parto a corta edad.<\/p>\n\n\n\n<p class=\"wp-block-paragraph\">La Ley de los Derechos de Ni\u00f1as, Ni\u00f1os y Adolescentes de la CDMX&nbsp;define como&nbsp;ni\u00f1as y ni\u00f1os a los menores de 12 a\u00f1os&nbsp;y como&nbsp;adolescentes a quienes tienen entre 12 y 17 a\u00f1os cumplidos. La ley se\u00f1ala que las autoridades locales deben coordinarse para&nbsp;prevenir embarazos&nbsp;en este grupo poblacional.<\/p>\n\n\n\n<p class=\"wp-block-paragraph\">Dafne Cuevas,&nbsp;secretaria de las Mujeres de la Ciudad de M\u00e9xico, se\u00f1al\u00f3 que \u201ccuando una ni\u00f1a de&nbsp;menos de 14 a\u00f1os&nbsp;queda&nbsp;embarazada&nbsp;por un adulto, debemos&nbsp;cuestionarnos&nbsp;seriamente su&nbsp;capacidad de consentir\u201d, dijo.<\/p>\n\n\n\n<p class=\"wp-block-paragraph\">Record\u00f3 que&nbsp;desde 2015&nbsp;est\u00e1 en marcha la&nbsp;Estrategia Nacional para la Prevenci\u00f3n del Embarazo en Adolescentes&nbsp;(ENAPEA), cuyo objetivo es&nbsp;reducir a la mitad los embarazos adolescentes&nbsp;y eliminar a&nbsp;cero los embarazos en ni\u00f1as.<\/p>\n\n\n\n<p class=\"wp-block-paragraph\">Asegur\u00f3 que&nbsp;la estrategia redujo el embarazo adolescente 36 por ciento, acerc\u00e1ndose a la meta planteada. A nivel local, la&nbsp;Secretar\u00eda de las Mujeres&nbsp;fortaleci\u00f3 los&nbsp;Grupos Municipales para la Prevenci\u00f3n del Embarazo Adolescente&nbsp;(Gumpeas), donde participan dependencias como&nbsp;Salud, Derechos Humanos, Educaci\u00f3n y Bienestar,&nbsp;para dise\u00f1ar talleres, campa\u00f1as y&nbsp;planes de acci\u00f3n locales.<\/p>\n\n\n\n<p class=\"wp-block-paragraph\">\u201cEl objetivo con el&nbsp;embarazo infantil es eliminarlo a cero, porque en muchos casos se trata de&nbsp;agresiones sexuales. Nadie puede pretender que esto sea aceptable para la vida de las ni\u00f1as, como lo dice el lema:&nbsp;ni\u00f1as, no madres\u201d, concluy\u00f3.<\/p>\n","protected":false},"excerpt":{"rendered":"<p>Desde 2015 est\u00e1 en marcha la Estrategia Nacional para la Prevenci\u00f3n del Embarazo en Adolescente para reducir a la mitad los embarazos adolescentes y eliminar a cero los embarazos en ni\u00f1as.\u00a0\/\u00a0Cortes\u00eda: Gobierno de M\u00e9xico Registros de la Secretar\u00eda de Salud local muestran estos casos desde 2021; solo este a\u00f1o van 86 Karla Mora y Gloria [&hellip;]<\/p>\n","protected":false},"author":3,"featured_media":98086,"comment_status":"open","ping_status":"open","sticky":false,"template":"","format":"standard","meta":{"_monsterinsights_skip_tracking":false,"footnotes":""},"categories":[682],"tags":[],"class_list":["post-98085","post","type-post","status-publish","format-standard","has-post-thumbnail","category-noticias"],"_links":{"self":[{"href":"https:\/\/redsemlac.com\/semmexico\/wp-json\/wp\/v2\/posts\/98085","targetHints":{"allow":["GET"]}}],"collection":[{"href":"https:\/\/redsemlac.com\/semmexico\/wp-json\/wp\/v2\/posts"}],"about":[{"href":"https:\/\/redsemlac.com\/semmexico\/wp-json\/wp\/v2\/types\/post"}],"author":[{"embeddable":true,"href":"https:\/\/redsemlac.com\/semmexico\/wp-json\/wp\/v2\/users\/3"}],"replies":[{"embeddable":true,"href":"https:\/\/redsemlac.com\/semmexico\/wp-json\/wp\/v2\/comments?post=98085"}],"version-history":[{"count":0,"href":"https:\/\/redsemlac.com\/semmexico\/wp-json\/wp\/v2\/posts\/98085\/revisions"}],"wp:featuredmedia":[{"embeddable":true,"href":"https:\/\/redsemlac.com\/semmexico\/wp-json\/wp\/v2\/media\/98086"}],"wp:attachment":[{"href":"https:\/\/redsemlac.com\/semmexico\/wp-json\/wp\/v2\/media?parent=98085"}],"wp:term":[{"taxonomy":"category","embeddable":true,"href":"https:\/\/redsemlac.com\/semmexico\/wp-json\/wp\/v2\/categories?post=98085"},{"taxonomy":"post_tag","embeddable":true,"href":"https:\/\/redsemlac.com\/semmexico\/wp-json\/wp\/v2\/tags?post=98085"}],"curies":[{"name":"wp","href":"https:\/\/api.w.org\/{rel}","templated":true}]}}