{"id":98068,"date":"2025-08-25T19:55:42","date_gmt":"2025-08-26T01:55:42","guid":{"rendered":"https:\/\/redsemlac.com\/semmexico\/?p=98068"},"modified":"2025-08-25T19:55:43","modified_gmt":"2025-08-26T01:55:43","slug":"este-libro-nunca-debio-escribirse-por-su-historia-de-impunidad-corrupcion-y-complicidad-soledad-jarquin-edgar","status":"publish","type":"post","link":"https:\/\/redsemlac.com\/semmexico\/este-libro-nunca-debio-escribirse-por-su-historia-de-impunidad-corrupcion-y-complicidad-soledad-jarquin-edgar\/","title":{"rendered":"Este libro nunca debi\u00f3 escribirse, por su historia de impunidad, corrupci\u00f3n y\u00a0 complicidad: Soledad Jarqu\u00edn Edgar"},"content":{"rendered":"\n<p class=\"wp-block-paragraph\">Ante&nbsp; la negativa de castigo, escribir este libro significa&nbsp; justicia social para las v\u00edctimas<\/p>\n\n\n\n<p class=\"wp-block-paragraph\">Camina por el pa\u00eds, para cumplir la promesa &nbsp;a Mar\u00eda del Sol Cruz Jarqu\u00edn, v\u00edctima de feminicidio hace 7 a\u00f1os<\/p>\n\n\n\n<p class=\"wp-block-paragraph\">Ma. del Socorro Alonso Lara<\/p>\n\n\n\n<p class=\"wp-block-paragraph\">SemM\u00e9xico,&nbsp; Monterrey N. L., 25 de agosto, 2025. \u201cEste es el libro que nunca debi\u00f3 haber sido escrito, desafortunadamente tuvo que escribirse\u201d asever\u00f3 Soledad Jarqu\u00edn Edgar al presentar el libro Revelaciones de un Crimen de Estado:&nbsp; Impunidad, corrupci\u00f3n y complicidad, en donde la periodista narra el feminicidio de su hija Mar\u00eda del Sol Cruz Jarqu\u00edn, para quien, tras siete a\u00f1os, no hay justicia.<\/p>\n\n\n\n<p class=\"wp-block-paragraph\">Soledad Jarqu\u00edn acusa que \u201cfrente a la negativa de castigar a los culpables, escribir el libro significa una justicia social para las v\u00edctimas, en este caso para Mar\u00eda del Sol\u201d, para quien tras esos a\u00f1os de quitarle la vida no hay ning\u00fan responsable, en ninguno de los tres delitos que se cometieron con ella.<\/p>\n\n\n\n<p class=\"wp-block-paragraph\">En la segunda parte del t\u00edtulo, Impunidad, corrupci\u00f3n y complicidad, Soledad Jarqu\u00edn denuncia a las autoridades de los tres niveles de gobierno por llevar dos feminicidios, el de Mar\u00eda del Sol y el de la candidata a segunda concejal de la coalici\u00f3n PRI-Verde Ecologista y Nueva Alianza a la presidencia municipal de Juchit\u00e1n, Pamela Itzamaray Ter\u00e1n Pineda, a no tener justicia, al igual que al ch\u00f3fer, Adelfo Guerra Jim\u00e9nez, quien tambi\u00e9n muri\u00f3 en el atentado.<\/p>\n\n\n\n<p class=\"wp-block-paragraph\">En el sal\u00f3n de conferencias de CIESAS Noreste, en el centro de Monterrey, las y los asistentes escucharon los resultados que arrojan las investigaciones realizadas por la propia Jarqu\u00edn Edgar que la llevaron a concluir que fue un crimen de Estado, un feminicidio de Estado, que surge de la pol\u00edtica y la lucha por ganar Juchit\u00e1n de Zaragoza, un municipio de Oaxaca que se peleaban por el futuro econ\u00f3mico y pol\u00edtico, adem\u00e1s de estar catalogado como uno de los m\u00e1s inseguros del pa\u00eds, en donde todos los d\u00edas hab\u00eda cr\u00edmenes pero los fallecidos regularmente no eran levantados por las autoridades, sino por sus familias.<\/p>\n\n\n\n<p class=\"wp-block-paragraph\">Ah\u00ed, Juana Mar\u00eda Nava, Directora de CIMAC Nuevo Le\u00f3n, destac\u00f3 que ninguna madre tendr\u00eda que levantarse para ir a tocar puertas y enfrentarse a un sistema indolente y corrupto, y ella lo ha hecho, no s\u00f3lo como madre sino como periodista, que investiga hechos, nombres y cifras en la tarea m\u00e1s dif\u00edcil, y que conoce como es por dentro el monstruo social que asesina y a la bestia institucional que calla, que nos tortura y nos vuelve a asesinar.<\/p>\n\n\n\n<p class=\"wp-block-paragraph\">A\u00f1adi\u00f3 que la b\u00fasqueda de justicia de Jarqu\u00edn Edgar no ha parado desde que el 2 de junio de 2018, pero la busca tambi\u00e9n a trav\u00e9s de Revelaciones. \u201cEs un libro que es un poema, es una investigaci\u00f3n period\u00edstica, es un grito por la justicia, un llamado a sensibilizarnos, un abrazo a otras madres y es un escrito que desnuda la mezquindad de nuestros gobernantes y su avaricia por el poder. Aterra, s\u00ed, pero tambi\u00e9n conmueve \u00e9sa amorosa relaci\u00f3n que trasciende en estas letras bien puestas en este libro\u201d.<\/p>\n\n\n\n<p class=\"wp-block-paragraph\">Y es que, convertida en investigadora, Soledad, madre de Mar\u00eda del Sol, se\u00f1al\u00f3 a los presentes que llenaron la sala de conferencias de CIESAS Noreste, que \u201cse documentaron seis entrevistas a personajes distintos en donde dicen qui\u00e9n pag\u00f3, a qui\u00e9n le pagaron y qui\u00e9n ejecut\u00f3 la orden para matar a la candidata, a Mar\u00eda del Sol y al chofer Adelfo.<\/p>\n\n\n\n<p class=\"wp-block-paragraph\">Y agrega: eso no lo investig\u00f3 la Fiscal\u00eda, el fiscal decidi\u00f3 guardar el cuaderno de colaboraci\u00f3n, pasar el proceso y la carpeta de investigaci\u00f3n por homicidio calificado o doloso, que despu\u00e9s decidi\u00f3 sobreseer de manera parcial, abrir una por feminicidio, a finales del 2022, pero en diciembre del 2023 el nuevo fiscal decide sobreseer esta carpeta porque ha pasado mucho tiempo y no puede hacer nada.<\/p>\n\n\n\n<p class=\"wp-block-paragraph\">Pero, en realidad se encubre a las personas mencionadas en el cuaderno de colaboraci\u00f3n, tres de ellos en cargos por el partido oficialista, y uno m\u00e1s sin cargo. Se les ha protegido junto con sus actos ilegales cometidos, como es el homicidio, robo y delito electoral, puntualiza la feminista y escritora.<\/p>\n\n\n\n<p class=\"wp-block-paragraph\">Para Soledad, como madre de Mar\u00eda del Sol, Revelaciones fue un ejercicio muy terap\u00e9utico, porque el dolor por arrebatarle la vida de su amada hija nunca se va, pero se transforma y se sobrelleva de otra manera.<\/p>\n\n\n\n<p class=\"wp-block-paragraph\">Jarqu\u00edn Edgar agradeci\u00f3 al Consorcio Oaxaca, a Caf\u00e9 de Mujeres, a Comunicaci\u00f3n e Informaci\u00f3n de la Mujer, en Nuevo Le\u00f3n A. C., y CIESAS Noreste por su apoyo para la presentaci\u00f3n del libro en Monterrey.<\/p>\n\n\n\n<p class=\"wp-block-paragraph\">En el evento participaron tambi\u00e9n B\u00e1rbara Garc\u00eda, abogada del caso, y S\u00e9verine Dur\u00edn, Investigadora de CIESAS Noreste, como moderadora.<\/p>\n\n\n\n<figure class=\"wp-block-gallery has-nested-images columns-default is-cropped wp-block-gallery-1 is-layout-flex wp-block-gallery-is-layout-flex\">\n<figure class=\"wp-block-image size-large\"><a href=\"https:\/\/redsemlac.com\/semmexico\/wp-content\/uploads\/2025\/08\/WhatsApp-Image-2025-08-25-at-2.18.34-PM-2.jpeg\"><img decoding=\"async\" data-id=\"98072\" src=\"https:\/\/redsemlac.com\/semmexico\/wp-content\/uploads\/2025\/08\/WhatsApp-Image-2025-08-25-at-2.18.34-PM-2-1024x472.jpeg\" alt=\"\" class=\"wp-image-98072\"\/><\/a><\/figure>\n\n\n\n<figure class=\"wp-block-image size-large\"><a href=\"https:\/\/redsemlac.com\/semmexico\/wp-content\/uploads\/2025\/08\/WhatsApp-Image-2025-08-25-at-2.18.18-PM.jpeg\"><img loading=\"lazy\" decoding=\"async\" width=\"1024\" height=\"768\" data-id=\"98071\" src=\"https:\/\/redsemlac.com\/semmexico\/wp-content\/uploads\/2025\/08\/WhatsApp-Image-2025-08-25-at-2.18.18-PM-1024x768.jpeg\" alt=\"\" class=\"wp-image-98071\" srcset=\"https:\/\/redsemlac.com\/semmexico\/wp-content\/uploads\/2025\/08\/WhatsApp-Image-2025-08-25-at-2.18.18-PM-1024x768.jpeg 1024w, https:\/\/redsemlac.com\/semmexico\/wp-content\/uploads\/2025\/08\/WhatsApp-Image-2025-08-25-at-2.18.18-PM-300x225.jpeg 300w, https:\/\/redsemlac.com\/semmexico\/wp-content\/uploads\/2025\/08\/WhatsApp-Image-2025-08-25-at-2.18.18-PM-768x576.jpeg 768w, https:\/\/redsemlac.com\/semmexico\/wp-content\/uploads\/2025\/08\/WhatsApp-Image-2025-08-25-at-2.18.18-PM-150x113.jpeg 150w, https:\/\/redsemlac.com\/semmexico\/wp-content\/uploads\/2025\/08\/WhatsApp-Image-2025-08-25-at-2.18.18-PM-696x522.jpeg 696w, https:\/\/redsemlac.com\/semmexico\/wp-content\/uploads\/2025\/08\/WhatsApp-Image-2025-08-25-at-2.18.18-PM-1068x801.jpeg 1068w, https:\/\/redsemlac.com\/semmexico\/wp-content\/uploads\/2025\/08\/WhatsApp-Image-2025-08-25-at-2.18.18-PM.jpeg 1280w\" sizes=\"auto, (max-width: 1024px) 100vw, 1024px\" \/><\/a><\/figure>\n<\/figure>\n\n\n\n<figure class=\"wp-block-gallery has-nested-images columns-default is-cropped wp-block-gallery-2 is-layout-flex wp-block-gallery-is-layout-flex\">\n<figure class=\"wp-block-image size-large\"><a href=\"https:\/\/redsemlac.com\/semmexico\/wp-content\/uploads\/2025\/08\/WhatsApp-Image-2025-08-25-at-2.18.35-PM.jpeg\"><img loading=\"lazy\" decoding=\"async\" width=\"1024\" height=\"472\" data-id=\"98073\" src=\"https:\/\/redsemlac.com\/semmexico\/wp-content\/uploads\/2025\/08\/WhatsApp-Image-2025-08-25-at-2.18.35-PM-1024x472.jpeg\" alt=\"\" class=\"wp-image-98073\" srcset=\"https:\/\/redsemlac.com\/semmexico\/wp-content\/uploads\/2025\/08\/WhatsApp-Image-2025-08-25-at-2.18.35-PM-1024x472.jpeg 1024w, https:\/\/redsemlac.com\/semmexico\/wp-content\/uploads\/2025\/08\/WhatsApp-Image-2025-08-25-at-2.18.35-PM-300x138.jpeg 300w, https:\/\/redsemlac.com\/semmexico\/wp-content\/uploads\/2025\/08\/WhatsApp-Image-2025-08-25-at-2.18.35-PM-768x354.jpeg 768w, https:\/\/redsemlac.com\/semmexico\/wp-content\/uploads\/2025\/08\/WhatsApp-Image-2025-08-25-at-2.18.35-PM-1536x708.jpeg 1536w, https:\/\/redsemlac.com\/semmexico\/wp-content\/uploads\/2025\/08\/WhatsApp-Image-2025-08-25-at-2.18.35-PM-150x69.jpeg 150w, https:\/\/redsemlac.com\/semmexico\/wp-content\/uploads\/2025\/08\/WhatsApp-Image-2025-08-25-at-2.18.35-PM-696x321.jpeg 696w, https:\/\/redsemlac.com\/semmexico\/wp-content\/uploads\/2025\/08\/WhatsApp-Image-2025-08-25-at-2.18.35-PM-1068x493.jpeg 1068w, https:\/\/redsemlac.com\/semmexico\/wp-content\/uploads\/2025\/08\/WhatsApp-Image-2025-08-25-at-2.18.35-PM.jpeg 1600w\" sizes=\"auto, (max-width: 1024px) 100vw, 1024px\" \/><\/a><\/figure>\n\n\n\n<figure class=\"wp-block-image size-large\"><a href=\"https:\/\/redsemlac.com\/semmexico\/wp-content\/uploads\/2025\/08\/WhatsApp-Image-2025-08-25-at-2.18.35-PM-4.jpeg\"><img loading=\"lazy\" decoding=\"async\" width=\"1024\" height=\"461\" data-id=\"98077\" src=\"https:\/\/redsemlac.com\/semmexico\/wp-content\/uploads\/2025\/08\/WhatsApp-Image-2025-08-25-at-2.18.35-PM-4-1024x461.jpeg\" alt=\"\" class=\"wp-image-98077\" srcset=\"https:\/\/redsemlac.com\/semmexico\/wp-content\/uploads\/2025\/08\/WhatsApp-Image-2025-08-25-at-2.18.35-PM-4-1024x461.jpeg 1024w, https:\/\/redsemlac.com\/semmexico\/wp-content\/uploads\/2025\/08\/WhatsApp-Image-2025-08-25-at-2.18.35-PM-4-300x135.jpeg 300w, https:\/\/redsemlac.com\/semmexico\/wp-content\/uploads\/2025\/08\/WhatsApp-Image-2025-08-25-at-2.18.35-PM-4-768x346.jpeg 768w, https:\/\/redsemlac.com\/semmexico\/wp-content\/uploads\/2025\/08\/WhatsApp-Image-2025-08-25-at-2.18.35-PM-4-150x68.jpeg 150w, https:\/\/redsemlac.com\/semmexico\/wp-content\/uploads\/2025\/08\/WhatsApp-Image-2025-08-25-at-2.18.35-PM-4-696x313.jpeg 696w, https:\/\/redsemlac.com\/semmexico\/wp-content\/uploads\/2025\/08\/WhatsApp-Image-2025-08-25-at-2.18.35-PM-4-1068x481.jpeg 1068w, https:\/\/redsemlac.com\/semmexico\/wp-content\/uploads\/2025\/08\/WhatsApp-Image-2025-08-25-at-2.18.35-PM-4.jpeg 1280w\" sizes=\"auto, (max-width: 1024px) 100vw, 1024px\" \/><\/a><\/figure>\n\n\n\n<figure class=\"wp-block-image size-large\"><a href=\"https:\/\/redsemlac.com\/semmexico\/wp-content\/uploads\/2025\/08\/WhatsApp-Image-2025-08-25-at-2.18.35-PM-1.jpeg\"><img loading=\"lazy\" decoding=\"async\" width=\"1024\" height=\"460\" data-id=\"98074\" src=\"https:\/\/redsemlac.com\/semmexico\/wp-content\/uploads\/2025\/08\/WhatsApp-Image-2025-08-25-at-2.18.35-PM-1-1024x460.jpeg\" alt=\"\" class=\"wp-image-98074\" srcset=\"https:\/\/redsemlac.com\/semmexico\/wp-content\/uploads\/2025\/08\/WhatsApp-Image-2025-08-25-at-2.18.35-PM-1-1024x460.jpeg 1024w, https:\/\/redsemlac.com\/semmexico\/wp-content\/uploads\/2025\/08\/WhatsApp-Image-2025-08-25-at-2.18.35-PM-1-300x135.jpeg 300w, https:\/\/redsemlac.com\/semmexico\/wp-content\/uploads\/2025\/08\/WhatsApp-Image-2025-08-25-at-2.18.35-PM-1-768x345.jpeg 768w, https:\/\/redsemlac.com\/semmexico\/wp-content\/uploads\/2025\/08\/WhatsApp-Image-2025-08-25-at-2.18.35-PM-1-1536x690.jpeg 1536w, https:\/\/redsemlac.com\/semmexico\/wp-content\/uploads\/2025\/08\/WhatsApp-Image-2025-08-25-at-2.18.35-PM-1-150x67.jpeg 150w, https:\/\/redsemlac.com\/semmexico\/wp-content\/uploads\/2025\/08\/WhatsApp-Image-2025-08-25-at-2.18.35-PM-1-696x313.jpeg 696w, https:\/\/redsemlac.com\/semmexico\/wp-content\/uploads\/2025\/08\/WhatsApp-Image-2025-08-25-at-2.18.35-PM-1-1068x480.jpeg 1068w, https:\/\/redsemlac.com\/semmexico\/wp-content\/uploads\/2025\/08\/WhatsApp-Image-2025-08-25-at-2.18.35-PM-1.jpeg 1600w\" sizes=\"auto, (max-width: 1024px) 100vw, 1024px\" \/><\/a><\/figure>\n<\/figure>\n\n\n\n<figure class=\"wp-block-gallery has-nested-images columns-default is-cropped wp-block-gallery-3 is-layout-flex wp-block-gallery-is-layout-flex\">\n<figure class=\"wp-block-image size-large\"><a href=\"https:\/\/redsemlac.com\/semmexico\/wp-content\/uploads\/2025\/08\/WhatsApp-Image-2025-08-25-at-2.18.35-PM-2.jpeg\"><img loading=\"lazy\" decoding=\"async\" width=\"461\" height=\"1024\" data-id=\"98075\" src=\"https:\/\/redsemlac.com\/semmexico\/wp-content\/uploads\/2025\/08\/WhatsApp-Image-2025-08-25-at-2.18.35-PM-2-461x1024.jpeg\" alt=\"\" class=\"wp-image-98075\" srcset=\"https:\/\/redsemlac.com\/semmexico\/wp-content\/uploads\/2025\/08\/WhatsApp-Image-2025-08-25-at-2.18.35-PM-2-461x1024.jpeg 461w, https:\/\/redsemlac.com\/semmexico\/wp-content\/uploads\/2025\/08\/WhatsApp-Image-2025-08-25-at-2.18.35-PM-2-135x300.jpeg 135w, https:\/\/redsemlac.com\/semmexico\/wp-content\/uploads\/2025\/08\/WhatsApp-Image-2025-08-25-at-2.18.35-PM-2-150x333.jpeg 150w, https:\/\/redsemlac.com\/semmexico\/wp-content\/uploads\/2025\/08\/WhatsApp-Image-2025-08-25-at-2.18.35-PM-2-300x667.jpeg 300w, https:\/\/redsemlac.com\/semmexico\/wp-content\/uploads\/2025\/08\/WhatsApp-Image-2025-08-25-at-2.18.35-PM-2.jpeg 576w\" sizes=\"auto, (max-width: 461px) 100vw, 461px\" \/><\/a><\/figure>\n\n\n\n<figure class=\"wp-block-image size-large\"><a href=\"https:\/\/redsemlac.com\/semmexico\/wp-content\/uploads\/2025\/08\/WhatsApp-Image-2025-08-25-at-2.18.55-PM.jpeg\"><img loading=\"lazy\" decoding=\"async\" width=\"460\" height=\"1024\" data-id=\"98079\" src=\"https:\/\/redsemlac.com\/semmexico\/wp-content\/uploads\/2025\/08\/WhatsApp-Image-2025-08-25-at-2.18.55-PM-460x1024.jpeg\" alt=\"\" class=\"wp-image-98079\" srcset=\"https:\/\/redsemlac.com\/semmexico\/wp-content\/uploads\/2025\/08\/WhatsApp-Image-2025-08-25-at-2.18.55-PM-460x1024.jpeg 460w, https:\/\/redsemlac.com\/semmexico\/wp-content\/uploads\/2025\/08\/WhatsApp-Image-2025-08-25-at-2.18.55-PM-135x300.jpeg 135w, https:\/\/redsemlac.com\/semmexico\/wp-content\/uploads\/2025\/08\/WhatsApp-Image-2025-08-25-at-2.18.55-PM-690x1536.jpeg 690w, https:\/\/redsemlac.com\/semmexico\/wp-content\/uploads\/2025\/08\/WhatsApp-Image-2025-08-25-at-2.18.55-PM-150x334.jpeg 150w, https:\/\/redsemlac.com\/semmexico\/wp-content\/uploads\/2025\/08\/WhatsApp-Image-2025-08-25-at-2.18.55-PM-300x668.jpeg 300w, https:\/\/redsemlac.com\/semmexico\/wp-content\/uploads\/2025\/08\/WhatsApp-Image-2025-08-25-at-2.18.55-PM-696x1549.jpeg 696w, https:\/\/redsemlac.com\/semmexico\/wp-content\/uploads\/2025\/08\/WhatsApp-Image-2025-08-25-at-2.18.55-PM.jpeg 719w\" sizes=\"auto, (max-width: 460px) 100vw, 460px\" \/><\/a><\/figure>\n<\/figure>\n\n\n\n<figure class=\"wp-block-gallery has-nested-images columns-default is-cropped wp-block-gallery-4 is-layout-flex wp-block-gallery-is-layout-flex\">\n<figure class=\"wp-block-image size-large\"><a href=\"https:\/\/redsemlac.com\/semmexico\/wp-content\/uploads\/2025\/08\/WhatsApp-Image-2025-08-25-at-2.18.34-PM-1.jpeg\"><img loading=\"lazy\" decoding=\"async\" width=\"1024\" height=\"768\" data-id=\"98069\" src=\"https:\/\/redsemlac.com\/semmexico\/wp-content\/uploads\/2025\/08\/WhatsApp-Image-2025-08-25-at-2.18.34-PM-1-1024x768.jpeg\" alt=\"\" class=\"wp-image-98069\" srcset=\"https:\/\/redsemlac.com\/semmexico\/wp-content\/uploads\/2025\/08\/WhatsApp-Image-2025-08-25-at-2.18.34-PM-1-1024x768.jpeg 1024w, https:\/\/redsemlac.com\/semmexico\/wp-content\/uploads\/2025\/08\/WhatsApp-Image-2025-08-25-at-2.18.34-PM-1-300x225.jpeg 300w, https:\/\/redsemlac.com\/semmexico\/wp-content\/uploads\/2025\/08\/WhatsApp-Image-2025-08-25-at-2.18.34-PM-1-768x576.jpeg 768w, https:\/\/redsemlac.com\/semmexico\/wp-content\/uploads\/2025\/08\/WhatsApp-Image-2025-08-25-at-2.18.34-PM-1-150x113.jpeg 150w, https:\/\/redsemlac.com\/semmexico\/wp-content\/uploads\/2025\/08\/WhatsApp-Image-2025-08-25-at-2.18.34-PM-1-696x522.jpeg 696w, https:\/\/redsemlac.com\/semmexico\/wp-content\/uploads\/2025\/08\/WhatsApp-Image-2025-08-25-at-2.18.34-PM-1-1068x801.jpeg 1068w, https:\/\/redsemlac.com\/semmexico\/wp-content\/uploads\/2025\/08\/WhatsApp-Image-2025-08-25-at-2.18.34-PM-1.jpeg 1280w\" sizes=\"auto, (max-width: 1024px) 100vw, 1024px\" \/><\/a><\/figure>\n\n\n\n<figure class=\"wp-block-image size-large\"><a href=\"https:\/\/redsemlac.com\/semmexico\/wp-content\/uploads\/2025\/08\/WhatsApp-Image-2025-08-25-at-2.18.34-PM.jpeg\"><img loading=\"lazy\" decoding=\"async\" width=\"1024\" height=\"460\" data-id=\"98070\" src=\"https:\/\/redsemlac.com\/semmexico\/wp-content\/uploads\/2025\/08\/WhatsApp-Image-2025-08-25-at-2.18.34-PM-1024x460.jpeg\" alt=\"\" class=\"wp-image-98070\" srcset=\"https:\/\/redsemlac.com\/semmexico\/wp-content\/uploads\/2025\/08\/WhatsApp-Image-2025-08-25-at-2.18.34-PM-1024x460.jpeg 1024w, https:\/\/redsemlac.com\/semmexico\/wp-content\/uploads\/2025\/08\/WhatsApp-Image-2025-08-25-at-2.18.34-PM-300x135.jpeg 300w, https:\/\/redsemlac.com\/semmexico\/wp-content\/uploads\/2025\/08\/WhatsApp-Image-2025-08-25-at-2.18.34-PM-768x345.jpeg 768w, https:\/\/redsemlac.com\/semmexico\/wp-content\/uploads\/2025\/08\/WhatsApp-Image-2025-08-25-at-2.18.34-PM-1536x689.jpeg 1536w, https:\/\/redsemlac.com\/semmexico\/wp-content\/uploads\/2025\/08\/WhatsApp-Image-2025-08-25-at-2.18.34-PM-150x67.jpeg 150w, https:\/\/redsemlac.com\/semmexico\/wp-content\/uploads\/2025\/08\/WhatsApp-Image-2025-08-25-at-2.18.34-PM-696x312.jpeg 696w, https:\/\/redsemlac.com\/semmexico\/wp-content\/uploads\/2025\/08\/WhatsApp-Image-2025-08-25-at-2.18.34-PM-1068x479.jpeg 1068w, https:\/\/redsemlac.com\/semmexico\/wp-content\/uploads\/2025\/08\/WhatsApp-Image-2025-08-25-at-2.18.34-PM.jpeg 1600w\" sizes=\"auto, (max-width: 1024px) 100vw, 1024px\" \/><\/a><\/figure>\n<\/figure>\n","protected":false},"excerpt":{"rendered":"<p>Ante&nbsp; la negativa de castigo, escribir este libro significa&nbsp; justicia social para las v\u00edctimas Camina por el pa\u00eds, para cumplir la promesa &nbsp;a Mar\u00eda del Sol Cruz Jarqu\u00edn, v\u00edctima de feminicidio hace 7 a\u00f1os Ma. del Socorro Alonso Lara SemM\u00e9xico,&nbsp; Monterrey N. L., 25 de agosto, 2025. \u201cEste es el libro que nunca debi\u00f3 haber [&hellip;]<\/p>\n","protected":false},"author":3,"featured_media":98072,"comment_status":"open","ping_status":"open","sticky":false,"template":"","format":"standard","meta":{"_monsterinsights_skip_tracking":false,"footnotes":""},"categories":[27,897],"tags":[],"class_list":["post-98068","post","type-post","status-publish","format-standard","has-post-thumbnail","category-cobertura-especial","category-especial"],"_links":{"self":[{"href":"https:\/\/redsemlac.com\/semmexico\/wp-json\/wp\/v2\/posts\/98068","targetHints":{"allow":["GET"]}}],"collection":[{"href":"https:\/\/redsemlac.com\/semmexico\/wp-json\/wp\/v2\/posts"}],"about":[{"href":"https:\/\/redsemlac.com\/semmexico\/wp-json\/wp\/v2\/types\/post"}],"author":[{"embeddable":true,"href":"https:\/\/redsemlac.com\/semmexico\/wp-json\/wp\/v2\/users\/3"}],"replies":[{"embeddable":true,"href":"https:\/\/redsemlac.com\/semmexico\/wp-json\/wp\/v2\/comments?post=98068"}],"version-history":[{"count":0,"href":"https:\/\/redsemlac.com\/semmexico\/wp-json\/wp\/v2\/posts\/98068\/revisions"}],"wp:featuredmedia":[{"embeddable":true,"href":"https:\/\/redsemlac.com\/semmexico\/wp-json\/wp\/v2\/media\/98072"}],"wp:attachment":[{"href":"https:\/\/redsemlac.com\/semmexico\/wp-json\/wp\/v2\/media?parent=98068"}],"wp:term":[{"taxonomy":"category","embeddable":true,"href":"https:\/\/redsemlac.com\/semmexico\/wp-json\/wp\/v2\/categories?post=98068"},{"taxonomy":"post_tag","embeddable":true,"href":"https:\/\/redsemlac.com\/semmexico\/wp-json\/wp\/v2\/tags?post=98068"}],"curies":[{"name":"wp","href":"https:\/\/api.w.org\/{rel}","templated":true}]}}