{"id":98065,"date":"2025-08-25T19:46:12","date_gmt":"2025-08-26T01:46:12","guid":{"rendered":"https:\/\/redsemlac.com\/semmexico\/?p=98065"},"modified":"2025-08-25T19:46:13","modified_gmt":"2025-08-26T01:46:13","slug":"ser-joven-es-mucho-sufrimiento-y-asusta-no-sabes-si-vas-a-llegar-a-la-vejez-o-te-mata-antes-el-crimen-organizado-ana-karen-sotero-salazar","status":"publish","type":"post","link":"https:\/\/redsemlac.com\/semmexico\/ser-joven-es-mucho-sufrimiento-y-asusta-no-sabes-si-vas-a-llegar-a-la-vejez-o-te-mata-antes-el-crimen-organizado-ana-karen-sotero-salazar\/","title":{"rendered":"Ser joven es mucho sufrimiento y asusta, no sabes si vas a llegar a la vejez o te mata antes el crimen organizado: Ana Karen Sotero Salazar"},"content":{"rendered":"\n<p class=\"wp-block-paragraph\">Ante las y los diputados de la Ciudad de M\u00e9xico&nbsp; en la entrega del Premio Juventud 2025<\/p>\n\n\n\n<p class=\"wp-block-paragraph\">Encara la realidad de su generaci\u00f3n,&nbsp; sin cortapisas<\/p>\n\n\n\n<p class=\"wp-block-paragraph\">Elda Montiel<\/p>\n\n\n\n<p class=\"wp-block-paragraph\">SemM\u00e9xico, Cd. de M\u00e9xico, &nbsp;25 de agosto,2025.- Para Ana Karen Sotero Salazar ser joven en M\u00e9xico es mucho sufrimiento y asusta, desplazada de su hogar en San Isidro Cobradero, Naucalpan Estado de M\u00e9xico, afirma \u201cno sabes si vas a llegar a la vejez o te mata antes el crimen organizado\u201d. La adultez la considera demasiada salvaje por tantas desigualdades que persisten, salud, educaci\u00f3n, trabajo digno. \u201cTe preparas para tener un empleo, pero el salario no alcanza para pagar las deudas, con la esperanza de tener un hogar en la vejez si llegas\u201d.<\/p>\n\n\n\n<p class=\"wp-block-paragraph\">Sin embargo, tiene esperanzas en que si la sociedad alza la voz se va poder materializar en m\u00e1s acciones para tener un mejor presente y un mejor futuro; exigir a las autoridades cumplan con las promesas que hicieron para llegar a ocupar un puesto.&nbsp;&nbsp;&nbsp;<\/p>\n\n\n\n<p class=\"wp-block-paragraph\">Ana Karen es la joven de 23 a\u00f1os que levant\u00f3 la voz en la tribuna del congreso capitalino el pasado 12 de agosto, en la ceremonia de entrega del Premio Juventud 2025, en el marco del d\u00eda de la Juventud, y quien les llam\u00f3 la atenci\u00f3n a las y los diputados que no hac\u00edan caso a la ceremonia y segu\u00edan conversando o viendo sus celulares. Lo que consider\u00f3 una grave falta de respeto.<\/p>\n\n\n\n<p class=\"wp-block-paragraph\">\u201cMe parece una falta de respeto que estando aqu\u00ed, incluso recibiendo el premio, no nos hagan caso, est\u00e1n en sus propias conversaciones. \u00a1Qu\u00e9 clase de actitud es esta! Es injusto, es una burla, ah\u00ed nos demuestran el inter\u00e9s que se supone que tienen hacia nosotras&#8230; no lo tienen, es un proceso meritocr\u00e1tico para ustedes\u201d<\/p>\n\n\n\n<p class=\"wp-block-paragraph\">Entrevistada en MVS Noticias con Luis C\u00e1rdenas, la joven que estudia dos licenciaturas ; Econom\u00eda en la Universidad Nacional Aut\u00f3noma de M\u00e9xico (UNAM) y Gesti\u00f3n Territorial en la Universidad Abierta y a Distancia de M\u00e9xico (UDED), afirm\u00f3 que va a seguir alzando la voz a trav\u00e9s del Club de Debate Poder Cultural, integrado por Alan Montoya G\u00f3mez, Mar\u00eda Concepci\u00f3n Arrocena Salgado y Santiago Canto Aguirre, quienes fueron premiados.<\/p>\n\n\n\n<p class=\"wp-block-paragraph\">Detall\u00f3 a pregunta del reportero que fue desplazada toda su comunidad del barrio de San Isidro del Cobradero Labrador en el Estado de M\u00e9xico, que ya no existe y que todo comenz\u00f3 despu\u00e9s de la pandemia, llegaron unos hombres armados que les cortaban el agua, la luz para que se salieran, y ellos denunciaban a las autoridades, al 911, a los municipales, incluso a la Guardia Nacional y ve\u00edan que hablaban con los hombres armados y qui\u00e9n sabe en qu\u00e9 acuerdo llegaban y se iban. Vinieron al z\u00f3calo, hicieron plantones, entraron a la conferencia ma\u00f1anera y finalmente tuvieron que salir. Desde hace un a\u00f1o, ya no saben nada por seguridad. El barrio ya no existe, est\u00e1 bardeado y finalmente tuvieron que salir dejando sus casas.<\/p>\n\n\n\n<p class=\"wp-block-paragraph\">Se dijo ser una persona que cree en el poder de la voz, desde que se dedica al debate en forma m\u00e1s competitiva, critica al sistema desde un espacio de construcci\u00f3n para se\u00f1alar a los funcionarios p\u00fablicos lo que est\u00e1n haciendo mal, pues le parece injusto que hay que felicitarlos por hacer su trabajo.<\/p>\n\n\n\n<p class=\"wp-block-paragraph\">Asegur\u00f3 que no la representa ning\u00fan partido pol\u00edtico y no quiere que la encasillen en una ideolog\u00eda de izquierda o de derecha, ella toma lo mejor para construir un futuro de bienestar desde un enfoque de derechos humanos.<\/p>\n","protected":false},"excerpt":{"rendered":"<p>Ante las y los diputados de la Ciudad de M\u00e9xico&nbsp; en la entrega del Premio Juventud 2025 Encara la realidad de su generaci\u00f3n,&nbsp; sin cortapisas Elda Montiel SemM\u00e9xico, Cd. de M\u00e9xico, &nbsp;25 de agosto,2025.- Para Ana Karen Sotero Salazar ser joven en M\u00e9xico es mucho sufrimiento y asusta, desplazada de su hogar en San Isidro [&hellip;]<\/p>\n","protected":false},"author":3,"featured_media":98066,"comment_status":"open","ping_status":"open","sticky":false,"template":"","format":"standard","meta":{"_monsterinsights_skip_tracking":false,"footnotes":""},"categories":[50],"tags":[],"class_list":["post-98065","post","type-post","status-publish","format-standard","has-post-thumbnail","category-congreso"],"_links":{"self":[{"href":"https:\/\/redsemlac.com\/semmexico\/wp-json\/wp\/v2\/posts\/98065","targetHints":{"allow":["GET"]}}],"collection":[{"href":"https:\/\/redsemlac.com\/semmexico\/wp-json\/wp\/v2\/posts"}],"about":[{"href":"https:\/\/redsemlac.com\/semmexico\/wp-json\/wp\/v2\/types\/post"}],"author":[{"embeddable":true,"href":"https:\/\/redsemlac.com\/semmexico\/wp-json\/wp\/v2\/users\/3"}],"replies":[{"embeddable":true,"href":"https:\/\/redsemlac.com\/semmexico\/wp-json\/wp\/v2\/comments?post=98065"}],"version-history":[{"count":0,"href":"https:\/\/redsemlac.com\/semmexico\/wp-json\/wp\/v2\/posts\/98065\/revisions"}],"wp:featuredmedia":[{"embeddable":true,"href":"https:\/\/redsemlac.com\/semmexico\/wp-json\/wp\/v2\/media\/98066"}],"wp:attachment":[{"href":"https:\/\/redsemlac.com\/semmexico\/wp-json\/wp\/v2\/media?parent=98065"}],"wp:term":[{"taxonomy":"category","embeddable":true,"href":"https:\/\/redsemlac.com\/semmexico\/wp-json\/wp\/v2\/categories?post=98065"},{"taxonomy":"post_tag","embeddable":true,"href":"https:\/\/redsemlac.com\/semmexico\/wp-json\/wp\/v2\/tags?post=98065"}],"curies":[{"name":"wp","href":"https:\/\/api.w.org\/{rel}","templated":true}]}}