{"id":98043,"date":"2025-08-25T14:05:12","date_gmt":"2025-08-25T20:05:12","guid":{"rendered":"https:\/\/redsemlac.com\/semmexico\/?p=98043"},"modified":"2025-08-25T14:05:13","modified_gmt":"2025-08-25T20:05:13","slug":"steve-mccurry-autor-del-retrato-de-la-nina-afgana-visitara-la-cdmx","status":"publish","type":"post","link":"https:\/\/redsemlac.com\/semmexico\/steve-mccurry-autor-del-retrato-de-la-nina-afgana-visitara-la-cdmx\/","title":{"rendered":"Steve McCurry, autor del retrato de la \u201cNi\u00f1a afgana\u201d visitar\u00e1 la CDMX"},"content":{"rendered":"\n<p class=\"wp-block-paragraph\">Este 2025 se cumplen 40 a\u00f1os de que \u201cLa ni\u00f1a afgana\u201d, de Steve McCurry, se public\u00f3 en una revista.\u00a0\/\u00a0Foto: Gabriela P\u00e9rez Montiel \/ Cuartoscuro.com<\/p>\n\n\n\n<p class=\"wp-block-paragraph\">El fot\u00f3grafo ofrecer\u00e1 dos actividades presenciales en el Museo Franz Mayer, consulta el costo y fechas<\/p>\n\n\n\n<p class=\"wp-block-paragraph\">Kevin Arag\u00f3n<\/p>\n\n\n\n<p class=\"wp-block-paragraph\">SemM\u00e9xico\/ El Sol de M\u00e9xico, Cd. de M\u00e9xico,&nbsp;&nbsp;&nbsp; 25 de agosto, 2025.- Steve McCurry, el famoso fot\u00f3grafo estadounidense, autor del inmortal retrato <em>La Ni\u00f1a Afgana<\/em>\u201d, vendr\u00e1 a la Ciudad de M\u00e9xico a finales de&nbsp;agosto&nbsp;para ofrecer un par de&nbsp;actividades presenciales, como parte de las celebraciones del&nbsp;D\u00eda Mundial de la Fotograf\u00eda.<\/p>\n\n\n\n<p class=\"wp-block-paragraph\">La noticia la confirm\u00f3 el Museo Franz Mayer, que lo tendr\u00e1 como invitado por primera vez, luego de haber exhibido en sus instalaciones la exposici\u00f3n \u201cIcons\u201d en 2023, la cual tambi\u00e9n fue la&nbsp;primera retrospectiva de este fot\u00f3grafo&nbsp;en M\u00e9xico. Aquella muestra fue un \u00e9xito, con m\u00e1s de 60 mil visitantes, quienes pudieron conocer su trabajo a partir de&nbsp;100 fotograf\u00edas en gran formato.<\/p>\n\n\n\n<p class=\"wp-block-paragraph\">El evento resulta significativo, pues este 2025 se cumplen&nbsp;40 a\u00f1os&nbsp;de la publicaci\u00f3n de \u201cLa ni\u00f1a afgana\u201d en la revista&nbsp;National Geographic. Su trabajo ha sido reconocido por&nbsp;documentar conflictos sociales,&nbsp;culturas en desaparici\u00f3n,&nbsp;tradiciones ancestrales&nbsp;y&nbsp;culturas contempor\u00e1neas&nbsp;en todos los continentes.<\/p>\n\n\n\n<figure class=\"wp-block-image size-large\"><a href=\"https:\/\/redsemlac.com\/semmexico\/wp-content\/uploads\/2025\/08\/steve-mcurry-02.png\"><img loading=\"lazy\" decoding=\"async\" width=\"1024\" height=\"576\" src=\"https:\/\/redsemlac.com\/semmexico\/wp-content\/uploads\/2025\/08\/steve-mcurry-02-1024x576.png\" alt=\"\" class=\"wp-image-98045\" srcset=\"https:\/\/redsemlac.com\/semmexico\/wp-content\/uploads\/2025\/08\/steve-mcurry-02-1024x576.png 1024w, https:\/\/redsemlac.com\/semmexico\/wp-content\/uploads\/2025\/08\/steve-mcurry-02-300x169.png 300w, https:\/\/redsemlac.com\/semmexico\/wp-content\/uploads\/2025\/08\/steve-mcurry-02-768x432.png 768w, https:\/\/redsemlac.com\/semmexico\/wp-content\/uploads\/2025\/08\/steve-mcurry-02-150x84.png 150w, https:\/\/redsemlac.com\/semmexico\/wp-content\/uploads\/2025\/08\/steve-mcurry-02-696x392.png 696w, https:\/\/redsemlac.com\/semmexico\/wp-content\/uploads\/2025\/08\/steve-mcurry-02-1068x601.png 1068w, https:\/\/redsemlac.com\/semmexico\/wp-content\/uploads\/2025\/08\/steve-mcurry-02.png 1200w\" sizes=\"auto, (max-width: 1024px) 100vw, 1024px\" \/><\/a><\/figure>\n\n\n\n<p class=\"wp-block-paragraph\">McCurry ha recibido algunos de los premios m\u00e1s prestigiosos de la industria, como la&nbsp;Medalla de Oro Robert Capa&nbsp;y&nbsp;World Press Photo, que lo ha reconocido con el primer lugar en m\u00faltiples ocasiones, la fotograf\u00eda del a\u00f1o en 1985 y 1992, as\u00ed como en la categor\u00eda&nbsp;Nature&nbsp;en otras ocasiones.<\/p>\n\n\n\n<p class=\"wp-block-paragraph\">Recientemente, la&nbsp;Real Sociedad Fotogr\u00e1fica de Londres&nbsp;le otorg\u00f3 la Medalla del Centenario por Trayectoria de Vida y, en 2019, McCurry fue incluido en el&nbsp;Sal\u00f3n Internacional de la Fama&nbsp;de la Fotograf\u00eda.<\/p>\n\n\n\n<p class=\"wp-block-paragraph\"><strong>\u00bfCu\u00e1les son las actividades que ofrecer\u00e1 McCurry?<\/strong><\/p>\n\n\n\n<p class=\"wp-block-paragraph\">La primera de las actividades se llev\u00f3 a cabo el&nbsp;27 de agosto, en el marco de la&nbsp;Noche del Franz: Fototaku Fest. Se trat\u00f3 de un momento de convivencia con fan\u00e1ticos, en el que tambi\u00e9n formaron&nbsp;cat\u00e1logos de su obra. Tuvo &nbsp;un costo de&nbsp;300 pesos por persona.<\/p>\n\n\n\n<p class=\"wp-block-paragraph\">El otro evento preparado por&nbsp;McCurry&nbsp;es el conversatorio \u201cImagen, s\u00edmbolo y verdad en la fotograf\u00eda\u201d. En ella el artista de la lente reflexionar\u00e1 \u2014junto a la directora de diChroma Photography, Anne Morin\u2014 sobre el modo en que las im\u00e1genes y las fotograf\u00edas permiten moldear la percepci\u00f3n del mundo y sus contextos humanos.<\/p>\n\n\n\n<p class=\"wp-block-paragraph\">Esta charla tendr\u00e1 lugar en el auditorio del Franz Mayer el&nbsp;<strong>28 y 29 de agosto<\/strong>. Con un costo de&nbsp;<strong>700 pesos por persona<\/strong>. Adem\u00e1s de la entrada, el museo ofrecer\u00e1 un regalo especial a los asistentes y una copa de vino que podr\u00e1n degustar en compa\u00f1\u00eda de McCurry.<\/p>\n\n\n\n<p class=\"wp-block-paragraph\">Anne Morin, es historiadora de arte por la Escuela Nacional de Fotograf\u00eda de Artes y la Escuela Superiro de Bellas Artes Tambi\u00e9n es directora de diChroma Photography, empresa especializada en la itinerancia internacional de exposiciones de fotograf\u00eda, as\u00ed como en el desarrollo y producci\u00f3n de proyectos culturales y editoriales.<\/p>\n\n\n\n<p class=\"wp-block-paragraph\">Morin ha dedicado su labor a poner en valor y visibilizar artistas. Ha curado numerosas exposiciones de prestigiosos fot\u00f3grafos como Berenice Abbott, Isabel Mu\u00f1oz, Vivian Maier, Robert Doisneau, Jessica Lange, Jacques Henri Lartigue, Sally Mann, Steve McCurry y Saul Leiter, entre otros.<\/p>\n","protected":false},"excerpt":{"rendered":"<p>Este 2025 se cumplen 40 a\u00f1os de que \u201cLa ni\u00f1a afgana\u201d, de Steve McCurry, se public\u00f3 en una revista.\u00a0\/\u00a0Foto: Gabriela P\u00e9rez Montiel \/ Cuartoscuro.com El fot\u00f3grafo ofrecer\u00e1 dos actividades presenciales en el Museo Franz Mayer, consulta el costo y fechas Kevin Arag\u00f3n SemM\u00e9xico\/ El Sol de M\u00e9xico, Cd. de M\u00e9xico,&nbsp;&nbsp;&nbsp; 25 de agosto, 2025.- Steve [&hellip;]<\/p>\n","protected":false},"author":3,"featured_media":98044,"comment_status":"open","ping_status":"open","sticky":false,"template":"","format":"standard","meta":{"_monsterinsights_skip_tracking":false,"footnotes":""},"categories":[748],"tags":[],"class_list":["post-98043","post","type-post","status-publish","format-standard","has-post-thumbnail","category-cultura-feminista"],"_links":{"self":[{"href":"https:\/\/redsemlac.com\/semmexico\/wp-json\/wp\/v2\/posts\/98043","targetHints":{"allow":["GET"]}}],"collection":[{"href":"https:\/\/redsemlac.com\/semmexico\/wp-json\/wp\/v2\/posts"}],"about":[{"href":"https:\/\/redsemlac.com\/semmexico\/wp-json\/wp\/v2\/types\/post"}],"author":[{"embeddable":true,"href":"https:\/\/redsemlac.com\/semmexico\/wp-json\/wp\/v2\/users\/3"}],"replies":[{"embeddable":true,"href":"https:\/\/redsemlac.com\/semmexico\/wp-json\/wp\/v2\/comments?post=98043"}],"version-history":[{"count":0,"href":"https:\/\/redsemlac.com\/semmexico\/wp-json\/wp\/v2\/posts\/98043\/revisions"}],"wp:featuredmedia":[{"embeddable":true,"href":"https:\/\/redsemlac.com\/semmexico\/wp-json\/wp\/v2\/media\/98044"}],"wp:attachment":[{"href":"https:\/\/redsemlac.com\/semmexico\/wp-json\/wp\/v2\/media?parent=98043"}],"wp:term":[{"taxonomy":"category","embeddable":true,"href":"https:\/\/redsemlac.com\/semmexico\/wp-json\/wp\/v2\/categories?post=98043"},{"taxonomy":"post_tag","embeddable":true,"href":"https:\/\/redsemlac.com\/semmexico\/wp-json\/wp\/v2\/tags?post=98043"}],"curies":[{"name":"wp","href":"https:\/\/api.w.org\/{rel}","templated":true}]}}